{"id":2416,"date":"2012-10-18T11:17:47","date_gmt":"2012-10-18T14:17:47","guid":{"rendered":"http:\/\/www.ifbaiano.edu.br\/unidades\/santaines\/?p=2416"},"modified":"2012-10-18T14:30:41","modified_gmt":"2012-10-18T17:30:41","slug":"i-seminario-do-pibidif-baiano-santa-ines-confira-o-convite","status":"publish","type":"post","link":"https:\/\/www.ifbaiano.edu.br\/unidades\/santaines\/i-seminario-do-pibidif-baiano-santa-ines-confira-o-convite\/","title":{"rendered":"I Semin\u00e1rio do PIBID\/IF Baiano &#8211; Santa In\u00eas! Confira o convite!"},"content":{"rendered":"<p>O Semin\u00e1rio destina-se a licenciandos e professores, bolsistas do Programa\u00a0Institucional de Bolsa de Inicia\u00e7\u00e3o a Doc\u00eancia &#8211; PIBID, professores e\u00a0educandos de escolas da regi\u00e3o do Vale do Jiquiri\u00e7\u00e1, parceiras do IF\u00a0Baiano, Campus Santa In\u00eas.<\/p>\n<p><em>Informa\u00e7\u00f5es: Prof\u00aa Arlene Malta (Coordenadora de \u00c1rea)\u00a0<\/em><\/p>\n<p><a href=\"http:\/\/www.ifbaiano.edu.br\/unidades\/santaines\/files\/2012\/10\/Convite-Seminario-PIBID1.jpg\"><img decoding=\"async\" loading=\"lazy\" class=\"size-medium wp-image-2418 alignleft\" src=\"http:\/\/www.ifbaiano.edu.br\/unidades\/santaines\/files\/2012\/10\/Convite-Seminario-PIBID1-300x225.jpg\" alt=\"\" width=\"300\" height=\"225\" srcset=\"https:\/\/www.ifbaiano.edu.br\/unidades\/santaines\/files\/2012\/10\/Convite-Seminario-PIBID1-300x225.jpg 300w, https:\/\/www.ifbaiano.edu.br\/unidades\/santaines\/files\/2012\/10\/Convite-Seminario-PIBID1-400x300.jpg 400w, https:\/\/www.ifbaiano.edu.br\/unidades\/santaines\/files\/2012\/10\/Convite-Seminario-PIBID1.jpg 960w\" sizes=\"(max-width: 300px) 100vw, 300px\" \/><\/a><\/p>\n<p>&nbsp;<\/p>\n<p>&nbsp;<\/p>\n<pre><\/pre>\n<pre><\/pre>\n<p>&nbsp;<\/p>\n<p>&nbsp;<\/p>\n","protected":false},"excerpt":{"rendered":"<p>O Semin\u00e1rio destina-se a licenciandos e professores, bolsistas do Programa\u00a0Institucional de Bolsa de Inicia\u00e7\u00e3o a Doc\u00eancia &#8211; PIBID, professores e\u00a0educandos de escolas da regi\u00e3o do Vale do Jiquiri\u00e7\u00e1, parceiras do IF\u00a0Baiano, Campus Santa In\u00eas. Informa\u00e7\u00f5es: Prof\u00aa Arlene Malta (Coordenadora de \u00c1rea)\u00a0 &nbsp; &nbsp; &nbsp; &nbsp;<\/p>\n","protected":false},"author":29,"featured_media":0,"comment_status":"closed","ping_status":"closed","sticky":false,"template":"","format":"standard","meta":[],"categories":[10],"tags":[],"_links":{"self":[{"href":"https:\/\/www.ifbaiano.edu.br\/unidades\/santaines\/wp-json\/wp\/v2\/posts\/2416"}],"collection":[{"href":"https:\/\/www.ifbaiano.edu.br\/unidades\/santaines\/wp-json\/wp\/v2\/posts"}],"about":[{"href":"https:\/\/www.ifbaiano.edu.br\/unidades\/santaines\/wp-json\/wp\/v2\/types\/post"}],"author":[{"embeddable":true,"href":"https:\/\/www.ifbaiano.edu.br\/unidades\/santaines\/wp-json\/wp\/v2\/users\/29"}],"replies":[{"embeddable":true,"href":"https:\/\/www.ifbaiano.edu.br\/unidades\/santaines\/wp-json\/wp\/v2\/comments?post=2416"}],"version-history":[{"count":6,"href":"https:\/\/www.ifbaiano.edu.br\/unidades\/santaines\/wp-json\/wp\/v2\/posts\/2416\/revisions"}],"predecessor-version":[{"id":2428,"href":"https:\/\/www.ifbaiano.edu.br\/unidades\/santaines\/wp-json\/wp\/v2\/posts\/2416\/revisions\/2428"}],"wp:attachment":[{"href":"https:\/\/www.ifbaiano.edu.br\/unidades\/santaines\/wp-json\/wp\/v2\/media?parent=2416"}],"wp:term":[{"taxonomy":"category","embeddable":true,"href":"https:\/\/www.ifbaiano.edu.br\/unidades\/santaines\/wp-json\/wp\/v2\/categories?post=2416"},{"taxonomy":"post_tag","embeddable":true,"href":"https:\/\/www.ifbaiano.edu.br\/unidades\/santaines\/wp-json\/wp\/v2\/tags?post=2416"}],"curies":[{"name":"wp","href":"https:\/\/api.w.org\/{rel}","templated":true}]}}