{"id":24198,"date":"2025-05-23T09:32:59","date_gmt":"2025-05-23T12:32:59","guid":{"rendered":"https:\/\/www.ifbaiano.edu.br\/unidades\/santaines\/?p=24198"},"modified":"2025-05-23T09:33:00","modified_gmt":"2025-05-23T12:33:00","slug":"divulgada-mais-uma-etapa-da-selecao-para-estagiarios-do-campus-santa-ines","status":"publish","type":"post","link":"https:\/\/www.ifbaiano.edu.br\/unidades\/santaines\/divulgada-mais-uma-etapa-da-selecao-para-estagiarios-do-campus-santa-ines\/","title":{"rendered":"Divulgada mais uma etapa da Sele\u00e7\u00e3o para Estagi\u00e1rios do Campus Santa In\u00eas"},"content":{"rendered":"\n<p>O Instituto Federal Baiano (IF Baiano) Campus Santa In\u00eas deu novos passos no Processo Seletivo de Estagi\u00e1rios N\u00edvel M\u00e9dio 2025 (<a href=\"https:\/\/concurso.ifbaiano.edu.br\/portal\/selecao-estagio-santa-ines-abril-2025\/wp-content\/uploads\/sites\/1178\/2025\/04\/EDITAL-No-11_2025-SELECAO-DE-ESTAGIARIOS.pdf\">Edital N\u00ba 11\/2025<\/a>) com a divulga\u00e7\u00e3o de dois importantes comunicados nesta sexta-feira, 23 de maio de 2025. Foram publicados o <a rel=\"noreferrer noopener\" href=\"https:\/\/concurso.ifbaiano.edu.br\/portal\/selecao-estagio-santa-ines-abril-2025\/wp-content\/uploads\/sites\/1178\/2025\/05\/Resultado-Final-das-Inscricoes-Homologadas-Pos-Recursos.pdf\" target=\"_blank\">Resultado Final das Inscri\u00e7\u00f5es Homologadas \u2013 P\u00f3s-Recursos<\/a> e tamb\u00e9m o <a rel=\"noreferrer noopener\" href=\"https:\/\/concurso.ifbaiano.edu.br\/portal\/selecao-estagio-santa-ines-abril-2025\/wp-content\/uploads\/sites\/1178\/2025\/05\/Agendamento-das-Entrevistas.pdf\" target=\"_blank\">Agendamento das Entrevistas<\/a>.<\/p>\n\n\n\n<p>Conforme o <a rel=\"noreferrer noopener\" href=\"https:\/\/concurso.ifbaiano.edu.br\/portal\/selecao-estagio-santa-ines-abril-2025\/wp-content\/uploads\/sites\/1178\/2025\/05\/Resultado-Final-das-Inscricoes-Homologadas-Pos-Recursos.pdf\" target=\"_blank\">Resultado final<\/a>, ap\u00f3s a an\u00e1lise dos recursos, os seguintes candidatos tiveram suas inscri\u00e7\u00f5es confirmadas (homologadas):<\/p>\n\n\n\n<ul>\n<li>Lailana Silva Ribeiro (T\u00e9cnico em Inform\u00e1tica)<\/li>\n\n\n\n<li>Iris Santos Vaz Lacerda (T\u00e9cnico em Inform\u00e1tica)<\/li>\n\n\n\n<li>Cleiton Santos da Silva (Ensino M\u00e9dio EJA)<\/li>\n<\/ul>\n\n\n\n<p>Paralelamente, foi divulgado o\u00a0<a rel=\"noreferrer noopener\" href=\"https:\/\/concurso.ifbaiano.edu.br\/portal\/selecao-estagio-santa-ines-abril-2025\/wp-content\/uploads\/sites\/1178\/2025\/05\/Agendamento-das-Entrevistas.pdf\" target=\"_blank\">agendamento da entrevista<\/a> (presencial) os candidatos aptos para esta fase ser\u00e3o entrevistados na pr\u00f3xima segunda-feira,\u00a0<strong>26 de maio de 2025<\/strong>, no Pr\u00e9dio do NAPNE, localizado no Campus Santa In\u00eas. Os hor\u00e1rios agendados s\u00e3o:<\/p>\n\n\n\n<ul>\n<li>Lailana Silva Ribeiro: 15h<\/li>\n\n\n\n<li>Iris Santos Vaz Lacerda: 15h20<\/li>\n\n\n\n<li>Cleiton Santos da Silva: 15h40<\/li>\n<\/ul>\n\n\n\n<p>A Comiss\u00e3o do Processo Seletivo de Estagi\u00e1rios 2025 refor\u00e7a a import\u00e2ncia de os candidatos acompanharem atentamente todas as publica\u00e7\u00f5es e convoca\u00e7\u00f5es referentes ao certame. O presente Edital visa selecionar estagi\u00e1rios para atuarem no IF Baiano &#8211; Campus Santa In\u00eas, nos termos da Lei N.\u00ba 11.788\/2008 e Instru\u00e7\u00e3o Normativa N.\u00ba 213\/2019.<\/p>\n\n\n\n<p>Todos os documentos do processo seletivo, incluindo editais anteriores, resultados e os comunicados mais recentes, podem ser acessados na <a href=\"http:\/\/https\">p\u00e1gina oficial do IF Baiano<\/a>.<\/p>\n\n\n\n<hr class=\"wp-block-separator has-alpha-channel-opacity\" \/>\n\n\n\n<p><\/p>\n","protected":false},"excerpt":{"rendered":"<p>Candidatos ao Processo Seletivo de Estagi\u00e1rios N\u00edvel M\u00e9dio (Edital N\u00ba 11\/2025) devem atentar-se \u00e0s novas publica\u00e7\u00f5es; entrevistas presenciais ocorrem em 26 de maio.<\/p>\n","protected":false},"author":86,"featured_media":23702,"comment_status":"closed","ping_status":"closed","sticky":false,"template":"","format":"standard","meta":[],"categories":[4,38,5,8,57],"tags":[],"_links":{"self":[{"href":"https:\/\/www.ifbaiano.edu.br\/unidades\/santaines\/wp-json\/wp\/v2\/posts\/24198"}],"collection":[{"href":"https:\/\/www.ifbaiano.edu.br\/unidades\/santaines\/wp-json\/wp\/v2\/posts"}],"about":[{"href":"https:\/\/www.ifbaiano.edu.br\/unidades\/santaines\/wp-json\/wp\/v2\/types\/post"}],"author":[{"embeddable":true,"href":"https:\/\/www.ifbaiano.edu.br\/unidades\/santaines\/wp-json\/wp\/v2\/users\/86"}],"replies":[{"embeddable":true,"href":"https:\/\/www.ifbaiano.edu.br\/unidades\/santaines\/wp-json\/wp\/v2\/comments?post=24198"}],"version-history":[{"count":2,"href":"https:\/\/www.ifbaiano.edu.br\/unidades\/santaines\/wp-json\/wp\/v2\/posts\/24198\/revisions"}],"predecessor-version":[{"id":24206,"href":"https:\/\/www.ifbaiano.edu.br\/unidades\/santaines\/wp-json\/wp\/v2\/posts\/24198\/revisions\/24206"}],"wp:featuredmedia":[{"embeddable":true,"href":"https:\/\/www.ifbaiano.edu.br\/unidades\/santaines\/wp-json\/wp\/v2\/media\/23702"}],"wp:attachment":[{"href":"https:\/\/www.ifbaiano.edu.br\/unidades\/santaines\/wp-json\/wp\/v2\/media?parent=24198"}],"wp:term":[{"taxonomy":"category","embeddable":true,"href":"https:\/\/www.ifbaiano.edu.br\/unidades\/santaines\/wp-json\/wp\/v2\/categories?post=24198"},{"taxonomy":"post_tag","embeddable":true,"href":"https:\/\/www.ifbaiano.edu.br\/unidades\/santaines\/wp-json\/wp\/v2\/tags?post=24198"}],"curies":[{"name":"wp","href":"https:\/\/api.w.org\/{rel}","templated":true}]}}