{"id":24203,"date":"2025-05-23T09:21:36","date_gmt":"2025-05-23T12:21:36","guid":{"rendered":"https:\/\/www.ifbaiano.edu.br\/unidades\/santaines\/?p=24203"},"modified":"2025-05-23T09:21:37","modified_gmt":"2025-05-23T12:21:37","slug":"campus-santa-ines-divulga-novo-documento-da-selecao-para-professor-substituto-de-educacao-fisica","status":"publish","type":"post","link":"https:\/\/www.ifbaiano.edu.br\/unidades\/santaines\/campus-santa-ines-divulga-novo-documento-da-selecao-para-professor-substituto-de-educacao-fisica\/","title":{"rendered":"Campus Santa In\u00eas divulga novo documento da sele\u00e7\u00e3o para Professor Substituto de Educa\u00e7\u00e3o F\u00edsica"},"content":{"rendered":"\n<p>O Instituto Federal Baiano (IF Baiano) Campus Santa In\u00eas tornou p\u00fablica, no dia 23 de maio de 2025, o <a rel=\"noreferrer noopener\" href=\"https:\/\/concurso.ifbaiano.edu.br\/portal\/substituto-santa-ines-maio-2025\/wp-content\/uploads\/sites\/1194\/2025\/05\/Relacao-Preliminar-das-Inscricoes-Homologadas.pdf\" target=\"_blank\">Resultado Preliminar das Inscri\u00e7\u00f5es Homologadas<\/a> referente ao Processo Seletivo Simplificado para a contrata\u00e7\u00e3o de Professor Substituto de Educa\u00e7\u00e3o F\u00edsica. O certame \u00e9 regido pelo <a href=\"https:\/\/concurso.ifbaiano.edu.br\/portal\/substituto-santa-ines-maio-2025\/wp-content\/uploads\/sites\/1194\/2025\/05\/Edital-no-109_2025-Professor-Substituto.pdf\">Edital n\u00ba 109<\/a>, de 06 de maio de 2025.<\/p>\n\n\n\n<p>O <a href=\"https:\/\/concurso.ifbaiano.edu.br\/portal\/substituto-santa-ines-maio-2025\/wp-content\/uploads\/sites\/1194\/2025\/05\/Relacao-Preliminar-das-Inscricoes-Homologadas.pdf\">documento divulgado<\/a> apresenta a rela\u00e7\u00e3o de 15 candidatos cujas inscri\u00e7\u00f5es foram aceitas (homologadas) e est\u00e3o aptos a prosseguir para as pr\u00f3ximas etapas da sele\u00e7\u00e3o. Al\u00e9m disso, a lista informa sobre 3 inscri\u00e7\u00f5es que foram indeferidas, detalhando os motivos com base no edital.<\/p>\n\n\n\n<p>Os candidatos que participam da sele\u00e7\u00e3o devem consultar o documento para verificar a situa\u00e7\u00e3o de sua inscri\u00e7\u00e3o e, no caso de indeferimento, atentar-se aos motivos especificados. Para esta fase (resultado preliminar) o edital prev\u00ea interposi\u00e7\u00e3o de recursos. Havendo recurso, este, dever\u00e1 ser realizado at\u00e9 o dia 24 de maio (amanh\u00e3), por meio de <a rel=\"noreferrer noopener\" href=\"https:\/\/concurso.ifbaiano.edu.br\/portal\/substituto-santa-ines-maio-2025\/wp-content\/uploads\/sites\/1194\/2025\/05\/FORMULARIO-DE-INTERPOSICAO-DE-RECURSO-Prof-Substituto.pdf\" target=\"_blank\">formul\u00e1rio espec\u00edfico<\/a> e encaminhado atrav\u00e9s do e-mail processoseletivo@si.ifbaiano.edu.br.<\/p>\n\n\n\n<p>A lista completa com os nomes dos candidatos e os motivos de indeferimento, bem como todas as demais informa\u00e7\u00f5es sobre o processo seletivo, incluindo o edital completo e futuras publica\u00e7\u00f5es, est\u00e3o dispon\u00edveis no <a href=\"https:\/\/concurso.ifbaiano.edu.br\/portal\/substituto-santa-ines-maio-2025\/\">portal de concursos do IF Baiano<\/a>. <\/p>\n\n\n\n<p>\u00c9 fundamental que os interessados acompanhem todas as atualiza\u00e7\u00f5es e comunicados no site oficial para n\u00e3o perderem os prazos e as pr\u00f3ximas etapas do processo seletivo.<\/p>\n\n\n\n<hr class=\"wp-block-separator has-alpha-channel-opacity\" \/>\n","protected":false},"excerpt":{"rendered":"<p>Candidatos ao Processo Seletivo Simplificado (Edital n\u00ba 109\/2025) j\u00e1 podem conferir a situa\u00e7\u00e3o de suas inscri\u00e7\u00f5es; 15 foram homologadas e 3 indeferidas.<\/p>\n","protected":false},"author":86,"featured_media":24010,"comment_status":"closed","ping_status":"closed","sticky":false,"template":"","format":"standard","meta":[],"categories":[4,5,8,57],"tags":[],"_links":{"self":[{"href":"https:\/\/www.ifbaiano.edu.br\/unidades\/santaines\/wp-json\/wp\/v2\/posts\/24203"}],"collection":[{"href":"https:\/\/www.ifbaiano.edu.br\/unidades\/santaines\/wp-json\/wp\/v2\/posts"}],"about":[{"href":"https:\/\/www.ifbaiano.edu.br\/unidades\/santaines\/wp-json\/wp\/v2\/types\/post"}],"author":[{"embeddable":true,"href":"https:\/\/www.ifbaiano.edu.br\/unidades\/santaines\/wp-json\/wp\/v2\/users\/86"}],"replies":[{"embeddable":true,"href":"https:\/\/www.ifbaiano.edu.br\/unidades\/santaines\/wp-json\/wp\/v2\/comments?post=24203"}],"version-history":[{"count":2,"href":"https:\/\/www.ifbaiano.edu.br\/unidades\/santaines\/wp-json\/wp\/v2\/posts\/24203\/revisions"}],"predecessor-version":[{"id":24205,"href":"https:\/\/www.ifbaiano.edu.br\/unidades\/santaines\/wp-json\/wp\/v2\/posts\/24203\/revisions\/24205"}],"wp:featuredmedia":[{"embeddable":true,"href":"https:\/\/www.ifbaiano.edu.br\/unidades\/santaines\/wp-json\/wp\/v2\/media\/24010"}],"wp:attachment":[{"href":"https:\/\/www.ifbaiano.edu.br\/unidades\/santaines\/wp-json\/wp\/v2\/media?parent=24203"}],"wp:term":[{"taxonomy":"category","embeddable":true,"href":"https:\/\/www.ifbaiano.edu.br\/unidades\/santaines\/wp-json\/wp\/v2\/categories?post=24203"},{"taxonomy":"post_tag","embeddable":true,"href":"https:\/\/www.ifbaiano.edu.br\/unidades\/santaines\/wp-json\/wp\/v2\/tags?post=24203"}],"curies":[{"name":"wp","href":"https:\/\/api.w.org\/{rel}","templated":true}]}}