{"id":24208,"date":"2025-05-23T17:44:26","date_gmt":"2025-05-23T20:44:26","guid":{"rendered":"https:\/\/www.ifbaiano.edu.br\/unidades\/santaines\/?p=24208"},"modified":"2025-05-23T17:44:27","modified_gmt":"2025-05-23T20:44:27","slug":"campus-santa-ines-reforca-compromisso-com-a-inclusao-no-curso-tecnico-em-agropecuaria","status":"publish","type":"post","link":"https:\/\/www.ifbaiano.edu.br\/unidades\/santaines\/campus-santa-ines-reforca-compromisso-com-a-inclusao-no-curso-tecnico-em-agropecuaria\/","title":{"rendered":"Campus Santa In\u00eas refor\u00e7a compromisso com a inclus\u00e3o no Curso T\u00e9cnico em Agropecu\u00e1ria"},"content":{"rendered":"\n<div class=\"wp-block-media-text alignwide is-stacked-on-mobile\" style=\"grid-template-columns:47% auto\"><figure class=\"wp-block-media-text__media\"><img decoding=\"async\" loading=\"lazy\" width=\"1024\" height=\"856\" src=\"https:\/\/www.ifbaiano.edu.br\/unidades\/santaines\/files\/2025\/05\/2621-CAPA-AEE-1024x856.webp\" alt=\"\" class=\"wp-image-24218 size-full\" srcset=\"https:\/\/www.ifbaiano.edu.br\/unidades\/santaines\/files\/2025\/05\/2621-CAPA-AEE-1024x856.webp 1024w, https:\/\/www.ifbaiano.edu.br\/unidades\/santaines\/files\/2025\/05\/2621-CAPA-AEE-300x251.webp 300w, https:\/\/www.ifbaiano.edu.br\/unidades\/santaines\/files\/2025\/05\/2621-CAPA-AEE-768x642.webp 768w, https:\/\/www.ifbaiano.edu.br\/unidades\/santaines\/files\/2025\/05\/2621-CAPA-AEE-100x84.webp 100w, https:\/\/www.ifbaiano.edu.br\/unidades\/santaines\/files\/2025\/05\/2621-CAPA-AEE.webp 1200w\" sizes=\"(max-width: 1024px) 100vw, 1024px\" \/><\/figure><div class=\"wp-block-media-text__content\">\n<p>O Instituto Federal Baiano (IF Baiano) Campus Santa In\u00eas deu mais um passo significativo em dire\u00e7\u00e3o a uma educa\u00e7\u00e3o cada vez mais inclusiva. Na manh\u00e3 da \u00faltima quarta-feira, docentes do Curso T\u00e9cnico Integrado em Agropecu\u00e1ria participaram de uma reuni\u00e3o crucial para discutir orienta\u00e7\u00f5es sobre adapta\u00e7\u00e3o e flexibiliza\u00e7\u00e3o curricular, com foco no atendimento \u00e0s necessidades dos estudantes com defici\u00eancia (PCDs) matriculados no curso.<\/p>\n<\/div><\/div>\n\n\n\n<p>Esta foi a\u00a0segunda reuni\u00e3o de uma s\u00e9rie de encontros planejados\u00a0pela institui\u00e7\u00e3o. A a\u00e7\u00e3o teve in\u00edcio no dia\u00a002 de abril com os docentes do Curso T\u00e9cnico em Alimentos\u00a0e tem como meta abranger todos os cursos do campus que possuem estudantes com defici\u00eancia matriculados, demonstrando um esfor\u00e7o cont\u00ednuo e sistem\u00e1tico pela inclus\u00e3o.<\/p>\n\n\n\n<p>Um dos pilares da reuni\u00e3o foi o esclarecimento sobre o Plano Educacional Individualizado (PEI), uma ferramenta pedag\u00f3gica essencial para o planejamento de estrat\u00e9gias personalizadas. O PEI permite que as abordagens de ensino sejam moldadas para atender cada aluno de forma espec\u00edfica, promovendo um ambiente de aprendizado mais eficaz e acolhedor.<\/p>\n\n\n\n<p>A iniciativa, promovida pela professora Emanuelle Almeida, docente do Atendimento Educacional Especializado (AEE), em estreita parceria com a Coordena\u00e7\u00e3o do Curso T\u00e9cnico Integrado em Agropecu\u00e1ria, teve como principal objetivo garantir que estes estudantes tenham acesso aos conte\u00fados de forma igualit\u00e1ria e acess\u00edvel. A discuss\u00e3o centrou-se na apresenta\u00e7\u00e3o das necessidades individuais dos alunos e na proposi\u00e7\u00e3o de adapta\u00e7\u00f5es e flexibiliza\u00e7\u00f5es no curr\u00edculo, considerando as condi\u00e7\u00f5es espec\u00edficas de cada um, sem, contudo, comprometer a qualidade do aprendizado.<\/p>\n\n\n\n<figure class=\"wp-block-gallery has-nested-images columns-default is-cropped wp-block-gallery-1 is-layout-flex\">\n<figure class=\"wp-block-image size-large\"><a href=\"https:\/\/www.ifbaiano.edu.br\/unidades\/santaines\/files\/2025\/05\/2467-IMG-3.webp\"><img decoding=\"async\" loading=\"lazy\" width=\"780\" height=\"1024\" data-id=\"24215\"  src=\"https:\/\/www.ifbaiano.edu.br\/unidades\/santaines\/files\/2025\/05\/2467-IMG-3-780x1024.webp\" alt=\"\" class=\"wp-image-24215\" srcset=\"https:\/\/www.ifbaiano.edu.br\/unidades\/santaines\/files\/2025\/05\/2467-IMG-3-780x1024.webp 780w, https:\/\/www.ifbaiano.edu.br\/unidades\/santaines\/files\/2025\/05\/2467-IMG-3-229x300.webp 229w, https:\/\/www.ifbaiano.edu.br\/unidades\/santaines\/files\/2025\/05\/2467-IMG-3-768x1008.webp 768w, https:\/\/www.ifbaiano.edu.br\/unidades\/santaines\/files\/2025\/05\/2467-IMG-3-100x131.webp 100w, https:\/\/www.ifbaiano.edu.br\/unidades\/santaines\/files\/2025\/05\/2467-IMG-3.webp 823w\" sizes=\"(max-width: 780px) 100vw, 780px\" \/><\/a><\/figure>\n\n\n\n<figure class=\"wp-block-image size-large\"><a href=\"https:\/\/www.ifbaiano.edu.br\/unidades\/santaines\/files\/2025\/05\/2466-IMG-2.webp\"><img decoding=\"async\" loading=\"lazy\" width=\"768\" height=\"1024\" data-id=\"24214\"  src=\"https:\/\/www.ifbaiano.edu.br\/unidades\/santaines\/files\/2025\/05\/2466-IMG-2-768x1024.webp\" alt=\"\" class=\"wp-image-24214\" srcset=\"https:\/\/www.ifbaiano.edu.br\/unidades\/santaines\/files\/2025\/05\/2466-IMG-2-768x1024.webp 768w, https:\/\/www.ifbaiano.edu.br\/unidades\/santaines\/files\/2025\/05\/2466-IMG-2-225x300.webp 225w, https:\/\/www.ifbaiano.edu.br\/unidades\/santaines\/files\/2025\/05\/2466-IMG-2-100x133.webp 100w, https:\/\/www.ifbaiano.edu.br\/unidades\/santaines\/files\/2025\/05\/2466-IMG-2.webp 810w\" sizes=\"(max-width: 768px) 100vw, 768px\" \/><\/a><\/figure>\n\n\n\n<figure class=\"wp-block-image size-large\"><a href=\"https:\/\/www.ifbaiano.edu.br\/unidades\/santaines\/files\/2025\/05\/2465-IMG-1.webp\"><img decoding=\"async\" loading=\"lazy\" width=\"1024\" height=\"768\" data-id=\"24213\"  src=\"https:\/\/www.ifbaiano.edu.br\/unidades\/santaines\/files\/2025\/05\/2465-IMG-1-1024x768.webp\" alt=\"\" class=\"wp-image-24213\" srcset=\"https:\/\/www.ifbaiano.edu.br\/unidades\/santaines\/files\/2025\/05\/2465-IMG-1-1024x768.webp 1024w, https:\/\/www.ifbaiano.edu.br\/unidades\/santaines\/files\/2025\/05\/2465-IMG-1-300x225.webp 300w, https:\/\/www.ifbaiano.edu.br\/unidades\/santaines\/files\/2025\/05\/2465-IMG-1-768x576.webp 768w, https:\/\/www.ifbaiano.edu.br\/unidades\/santaines\/files\/2025\/05\/2465-IMG-1-100x75.webp 100w, https:\/\/www.ifbaiano.edu.br\/unidades\/santaines\/files\/2025\/05\/2465-IMG-1.webp 1440w\" sizes=\"(max-width: 1024px) 100vw, 1024px\" \/><\/a><\/figure>\n<\/figure>\n\n\n\n<p>De acordo com a professora Emanuelle Almeida, a a\u00e7\u00e3o \u00e9 fundamental para o desenvolvimento integral dos discentes. &#8220;Garantir que todos e todas estudantes tenham as mesmas oportunidades de aprendizagem \u00e9 uma miss\u00e3o di\u00e1ria. Esta reuni\u00e3o foi essencial para alinhar as adapta\u00e7\u00f5es e flexibiliza\u00e7\u00f5es que tornar\u00e3o o ambiente mais acess\u00edvel e inclusivo para nossos estudantes,&#8221; afirmou a docente do AEE.<\/p>\n\n\n\n<p>Ela destacou ainda a import\u00e2ncia da colabora\u00e7\u00e3o entre os educadores: &#8220;O trabalho conjunto com os professores do Curso T\u00e9cnico Integrado em Agropecu\u00e1ria \u00e9 fundamental para implementarmos estrat\u00e9gias que atendam de forma eficaz as necessidades de cada discente, respeitando sua individualidade. Acredito que, ao discutir o Plano de Educa\u00e7\u00e3o Individualizado (PEI), estamos caminhando para um modelo de ensino mais justo e comprometido com o desenvolvimento de todos e todas discentes atendidos pelo AEE.&#8221;<\/p>\n\n\n\n<p>Ao promover ativamente essas discuss\u00f5es e buscar solu\u00e7\u00f5es pr\u00e1ticas, o IF Baiano &#8211; Campus Santa In\u00eas reafirma seu compromisso com uma educa\u00e7\u00e3o de qualidade para todos, valorizando a diversidade, respeitando as diferen\u00e7as e fomentando a equidade no ambiente educacional.<\/p>\n\n\n\n<hr class=\"wp-block-separator has-alpha-channel-opacity\" \/>\n","protected":false},"excerpt":{"rendered":"<p>Segunda reuni\u00e3o de uma s\u00e9rie voltada \u00e0 inclus\u00e3o, desta vez com docentes de Agropecu\u00e1ria, discutiu adapta\u00e7\u00f5es curriculares e o Plano Educacional Individualizado (PEI) para estudantes com defici\u00eancia, visando garantir acessibilidade e equidade no aprendizado em todos os cursos do campus.<\/p>\n","protected":false},"author":86,"featured_media":24218,"comment_status":"closed","ping_status":"closed","sticky":false,"template":"","format":"standard","meta":[],"categories":[4,5,10,57],"tags":[],"_links":{"self":[{"href":"https:\/\/www.ifbaiano.edu.br\/unidades\/santaines\/wp-json\/wp\/v2\/posts\/24208"}],"collection":[{"href":"https:\/\/www.ifbaiano.edu.br\/unidades\/santaines\/wp-json\/wp\/v2\/posts"}],"about":[{"href":"https:\/\/www.ifbaiano.edu.br\/unidades\/santaines\/wp-json\/wp\/v2\/types\/post"}],"author":[{"embeddable":true,"href":"https:\/\/www.ifbaiano.edu.br\/unidades\/santaines\/wp-json\/wp\/v2\/users\/86"}],"replies":[{"embeddable":true,"href":"https:\/\/www.ifbaiano.edu.br\/unidades\/santaines\/wp-json\/wp\/v2\/comments?post=24208"}],"version-history":[{"count":4,"href":"https:\/\/www.ifbaiano.edu.br\/unidades\/santaines\/wp-json\/wp\/v2\/posts\/24208\/revisions"}],"predecessor-version":[{"id":24221,"href":"https:\/\/www.ifbaiano.edu.br\/unidades\/santaines\/wp-json\/wp\/v2\/posts\/24208\/revisions\/24221"}],"wp:featuredmedia":[{"embeddable":true,"href":"https:\/\/www.ifbaiano.edu.br\/unidades\/santaines\/wp-json\/wp\/v2\/media\/24218"}],"wp:attachment":[{"href":"https:\/\/www.ifbaiano.edu.br\/unidades\/santaines\/wp-json\/wp\/v2\/media?parent=24208"}],"wp:term":[{"taxonomy":"category","embeddable":true,"href":"https:\/\/www.ifbaiano.edu.br\/unidades\/santaines\/wp-json\/wp\/v2\/categories?post=24208"},{"taxonomy":"post_tag","embeddable":true,"href":"https:\/\/www.ifbaiano.edu.br\/unidades\/santaines\/wp-json\/wp\/v2\/tags?post=24208"}],"curies":[{"name":"wp","href":"https:\/\/api.w.org\/{rel}","templated":true}]}}