{"id":24222,"date":"2025-05-23T19:36:21","date_gmt":"2025-05-23T22:36:21","guid":{"rendered":"https:\/\/www.ifbaiano.edu.br\/unidades\/santaines\/?p=24222"},"modified":"2025-05-23T19:49:52","modified_gmt":"2025-05-23T22:49:52","slug":"oficinas-literarias-com-protagonismo-negro-marcam-participacao-do-if-baiano-santa-ines-na-v-reneabi","status":"publish","type":"post","link":"https:\/\/www.ifbaiano.edu.br\/unidades\/santaines\/oficinas-literarias-com-protagonismo-negro-marcam-participacao-do-if-baiano-santa-ines-na-v-reneabi\/","title":{"rendered":"Oficinas Liter\u00e1rias com Protagonismo Negro marcam participa\u00e7\u00e3o do Campus Santa In\u00eas na V RENEABI"},"content":{"rendered":"\n<p>O Instituto Federal Baiano (IF Baiano) se prepara para a V Reuni\u00e3o dos N\u00facleos de Estudos Afro-Brasileiros e Ind\u00edgenas (RENEABI), que acontecer\u00e1 entre os dias 27 e 29 de maio. Com o tema central \u201cEnsino, Pesquisa e Extens\u00e3o como instrumentos de cidadania plena e enfrentamento ao racismo\u201d, o evento tem como finalidade fortalecer as pol\u00edticas afirmativas, aprofundar o debate sobre quest\u00f5es \u00e9tnico-raciais e incentivar pr\u00e1ticas educativas antirracistas em toda a institui\u00e7\u00e3o.<\/p>\n\n\n\n<p>O RENEABI, que articula os diversos N\u00facleos de Estudos Afro-Brasileiros e Ind\u00edgenas (NEABIs) do IF Baiano, ser\u00e1 realizado em formato h\u00edbrido e <em>multicampi<\/em>. A programa\u00e7\u00e3o principal ser\u00e1 centralizada no pr\u00e9dio administrativo Jo\u00e3o Batista (JB), em Salvador\/BA, com transmiss\u00e3o simult\u00e2nea para os 14 campi, que tamb\u00e9m contar\u00e3o com atividades presenciais adaptadas \u00e0 realidade de cada unidade. A programa\u00e7\u00e3o geral inclui oficinas, mesas-redondas, atividades culturais e sess\u00f5es tem\u00e1ticas. Para garantir a acessibilidade, o evento contar\u00e1 com int\u00e9rpretes de Libras nas mesas e confer\u00eancias e audiodescri\u00e7\u00e3o para atender pessoas com defici\u00eancia visual.<\/p>\n\n\n\n<p><strong>Programa\u00e7\u00e3o Especial no Campus Santa In\u00eas<\/strong><\/p>\n\n\n\n<p>O Campus Santa In\u00eas participar\u00e1 ativamente da V RENEABI com a oferta de duas oficinas tem\u00e1ticas. Na\u00a0<strong>ter\u00e7a-feira, 27 de maio<\/strong>, das 19h30 \u00e0s 22h30, no Pavilh\u00e3o do Curso de Inform\u00e1tica, ser\u00e3o realizadas simultaneamente:<\/p>\n\n\n\n<ul>\n<li><strong>&#8220;Cria\u00e7\u00e3o liter\u00e1ria com protagonismo negro&#8221;<\/strong>, proposta pelo Professor Ivo Ferreira de Jesus;<\/li>\n\n\n\n<li><strong>&#8220;Literatura de Mulheres Pretas: Insurg\u00eancias, Desobedi\u00eancia e Outros Arrombamentos&#8221;<\/strong>, proposta pelo Professor Jos\u00e9 Rosa dos Santos Junior.<\/li>\n<\/ul>\n\n\n\n<p>Para ampliar o acesso, as&nbsp;<strong>mesmas oficinas ser\u00e3o replicadas na quarta-feira, 28 de maio<\/strong>, das 10h \u00e0s 11h30, no Pavilh\u00e3o dos Cursos Superiores (salas 02 e 04).<\/p>\n\n\n\n<p>Ser\u00e3o disponibilizadas 25 vagas para cada oficina em cada um dos dias. Os interessados em participar das atividades no Campus Santa In\u00eas dever\u00e3o realizar suas inscri\u00e7\u00f5es atrav\u00e9s do site oficial do evento:&nbsp;<strong>reneabi.ifbaiano.edu.br<\/strong>.<\/p>\n\n\n\n<p>A iniciativa refor\u00e7a o compromisso do IF Baiano e do Campus Santa In\u00eas em promover a reflex\u00e3o cr\u00edtica e a constru\u00e7\u00e3o de conhecimento como ferramentas essenciais para a cidadania plena e o combate efetivo ao racismo em todas as suas formas.<\/p>\n\n\n\n<hr class=\"wp-block-separator has-alpha-channel-opacity\" \/>\n","protected":false},"excerpt":{"rendered":"<p>Evento multicampi, de 27 a 29 de maio, visa fortalecer pol\u00edticas afirmativas e debater quest\u00f5es \u00e9tnico raciais atrav\u00e9s do ensino, pesquisa e extens\u00e3o, com atividades presenciais em todas as unidades.<\/p>\n","protected":false},"author":86,"featured_media":23811,"comment_status":"closed","ping_status":"closed","sticky":false,"template":"","format":"standard","meta":[],"categories":[4,38,5,37,57],"tags":[],"_links":{"self":[{"href":"https:\/\/www.ifbaiano.edu.br\/unidades\/santaines\/wp-json\/wp\/v2\/posts\/24222"}],"collection":[{"href":"https:\/\/www.ifbaiano.edu.br\/unidades\/santaines\/wp-json\/wp\/v2\/posts"}],"about":[{"href":"https:\/\/www.ifbaiano.edu.br\/unidades\/santaines\/wp-json\/wp\/v2\/types\/post"}],"author":[{"embeddable":true,"href":"https:\/\/www.ifbaiano.edu.br\/unidades\/santaines\/wp-json\/wp\/v2\/users\/86"}],"replies":[{"embeddable":true,"href":"https:\/\/www.ifbaiano.edu.br\/unidades\/santaines\/wp-json\/wp\/v2\/comments?post=24222"}],"version-history":[{"count":2,"href":"https:\/\/www.ifbaiano.edu.br\/unidades\/santaines\/wp-json\/wp\/v2\/posts\/24222\/revisions"}],"predecessor-version":[{"id":24225,"href":"https:\/\/www.ifbaiano.edu.br\/unidades\/santaines\/wp-json\/wp\/v2\/posts\/24222\/revisions\/24225"}],"wp:featuredmedia":[{"embeddable":true,"href":"https:\/\/www.ifbaiano.edu.br\/unidades\/santaines\/wp-json\/wp\/v2\/media\/23811"}],"wp:attachment":[{"href":"https:\/\/www.ifbaiano.edu.br\/unidades\/santaines\/wp-json\/wp\/v2\/media?parent=24222"}],"wp:term":[{"taxonomy":"category","embeddable":true,"href":"https:\/\/www.ifbaiano.edu.br\/unidades\/santaines\/wp-json\/wp\/v2\/categories?post=24222"},{"taxonomy":"post_tag","embeddable":true,"href":"https:\/\/www.ifbaiano.edu.br\/unidades\/santaines\/wp-json\/wp\/v2\/tags?post=24222"}],"curies":[{"name":"wp","href":"https:\/\/api.w.org\/{rel}","templated":true}]}}