{"id":24227,"date":"2025-05-23T23:15:22","date_gmt":"2025-05-24T02:15:22","guid":{"rendered":"https:\/\/www.ifbaiano.edu.br\/unidades\/santaines\/?p=24227"},"modified":"2025-05-23T23:32:19","modified_gmt":"2025-05-24T02:32:19","slug":"if-baiano-campus-santa-ines-define-preparativos-para-cerimonia-de-certificacao-de-estudantes-ead-do-polo-maracas","status":"publish","type":"post","link":"https:\/\/www.ifbaiano.edu.br\/unidades\/santaines\/if-baiano-campus-santa-ines-define-preparativos-para-cerimonia-de-certificacao-de-estudantes-ead-do-polo-maracas\/","title":{"rendered":"Campus Santa In\u00eas Define Preparativos para Cerim\u00f4nia de Certifica\u00e7\u00e3o de Estudantes EAD dos Polos Marac\u00e1s e Santa In\u00eas"},"content":{"rendered":"\n<p>O Instituto Federal Baiano &#8211; Campus Santa In\u00eas avan\u00e7a nos preparativos para a cerim\u00f4nia de certifica\u00e7\u00e3o t\u00e9cnica dos estudantes do curso de Multimeios Did\u00e1ticos e Secretaria Escolar, na modalidade Educa\u00e7\u00e3o a Dist\u00e2ncia (EAD), vinculados ao polo de Marac\u00e1s e \u00e0 secretaria escolar do polo Santa In\u00eas. Uma reuni\u00e3o realizada na tarde desta sexta-feira, 23 de maio, entre a Diretora-geral, Genilda Lima e a coordenadora da EAD, Professora Cl\u00e1udia Bocchese, definiu os principais encaminhamentos para o evento.<\/p>\n\n\n\n<p>A certifica\u00e7\u00e3o, um momento significativo de reconhecimento pelo percurso formativo, est\u00e1 agendada para o dia&nbsp;<strong>14 de junho, \u00e0s 14h, nas depend\u00eancias do Campus Santa In\u00eas<\/strong>. A decis\u00e3o de manter a data, que j\u00e1 havia sido pr\u00e9-agendada e gerado expectativa entre os estudantes, foi tomada ap\u00f3s a necessidade de alterar o local inicialmente previsto \u2013 o centro de culturas da cidade, que n\u00e3o estar\u00e1 dispon\u00edvel. A defini\u00e7\u00e3o exata do espa\u00e7o dentro do campus, se audit\u00f3rio ou quadra, aguarda a confirma\u00e7\u00e3o do quantitativo de formandos.<\/p>\n\n\n\n<p>A Diretora-geral, professora Genilda Lima, ressalta a import\u00e2ncia da cerim\u00f4nia de certifica\u00e7\u00e3o como uma forma de valorizar a trajet\u00f3ria dos estudantes e reconhecer o trabalho desenvolvido pelo IF Baiano. &#8220;Compreendemos o quanto \u00e9 importante o evento de certifica\u00e7\u00e3o como forma de reconhecimento e valoriza\u00e7\u00e3o do percurso formativo dos estudantes, bem como o reconhecimento do trabalho institucional,&#8221; destacou Genilda.<\/p>\n\n\n\n<p>O IF Baiano Campus Santa In\u00eas conta com o apoio da comunidade acad\u00eamica para a realiza\u00e7\u00e3o do evento, que se espera ser um marco inesquec\u00edvel para os formandos.<\/p>\n\n\n\n<hr class=\"wp-block-separator has-alpha-channel-opacity\" \/>\n","protected":false},"excerpt":{"rendered":"<p>Reuni\u00e3o realizada nesta sexta-feira (23) alinhou detalhes para a certifica\u00e7\u00e3o t\u00e9cnica dos concluintes do curso de Multimeios Did\u00e1ticos e Secretaria Escolar; evento acontecer\u00e1 em 14 de junho.<\/p>\n","protected":false},"author":86,"featured_media":0,"comment_status":"closed","ping_status":"closed","sticky":false,"template":"","format":"standard","meta":[],"categories":[4,5,7,10],"tags":[],"_links":{"self":[{"href":"https:\/\/www.ifbaiano.edu.br\/unidades\/santaines\/wp-json\/wp\/v2\/posts\/24227"}],"collection":[{"href":"https:\/\/www.ifbaiano.edu.br\/unidades\/santaines\/wp-json\/wp\/v2\/posts"}],"about":[{"href":"https:\/\/www.ifbaiano.edu.br\/unidades\/santaines\/wp-json\/wp\/v2\/types\/post"}],"author":[{"embeddable":true,"href":"https:\/\/www.ifbaiano.edu.br\/unidades\/santaines\/wp-json\/wp\/v2\/users\/86"}],"replies":[{"embeddable":true,"href":"https:\/\/www.ifbaiano.edu.br\/unidades\/santaines\/wp-json\/wp\/v2\/comments?post=24227"}],"version-history":[{"count":5,"href":"https:\/\/www.ifbaiano.edu.br\/unidades\/santaines\/wp-json\/wp\/v2\/posts\/24227\/revisions"}],"predecessor-version":[{"id":24233,"href":"https:\/\/www.ifbaiano.edu.br\/unidades\/santaines\/wp-json\/wp\/v2\/posts\/24227\/revisions\/24233"}],"wp:attachment":[{"href":"https:\/\/www.ifbaiano.edu.br\/unidades\/santaines\/wp-json\/wp\/v2\/media?parent=24227"}],"wp:term":[{"taxonomy":"category","embeddable":true,"href":"https:\/\/www.ifbaiano.edu.br\/unidades\/santaines\/wp-json\/wp\/v2\/categories?post=24227"},{"taxonomy":"post_tag","embeddable":true,"href":"https:\/\/www.ifbaiano.edu.br\/unidades\/santaines\/wp-json\/wp\/v2\/tags?post=24227"}],"curies":[{"name":"wp","href":"https:\/\/api.w.org\/{rel}","templated":true}]}}