{"id":2423,"date":"2012-10-18T14:23:25","date_gmt":"2012-10-18T17:23:25","guid":{"rendered":"http:\/\/www.ifbaiano.edu.br\/unidades\/santaines\/?p=2423"},"modified":"2012-11-21T13:50:06","modified_gmt":"2012-11-21T16:50:06","slug":"visita-institucional-da-entidade-slc-agricola","status":"publish","type":"post","link":"https:\/\/www.ifbaiano.edu.br\/unidades\/santaines\/visita-institucional-da-entidade-slc-agricola\/","title":{"rendered":"Visita Institucional da Entidade SLC AGR\u00cdCOLA"},"content":{"rendered":"<p>Acontecer\u00e1 no dia 30 de Outubro(ter\u00e7a-feira) de 2012, \u00e0s 07 horas da manh\u00e3, no audit\u00f3rio da biblioteca no Campus Santa In\u00eas, para realizar palestra sobre oportunidades profissionais e tratar de conv\u00eanios de parcerias.<\/p>\n<p>&nbsp;<\/p>\n<p>Realiza\u00e7\u00e3o: CIEC\/CEE<\/p>\n","protected":false},"excerpt":{"rendered":"<p>Acontecer\u00e1 no dia 30 de Outubro(ter\u00e7a-feira) de 2012, \u00e0s 07 horas da manh\u00e3, no audit\u00f3rio da biblioteca no Campus Santa In\u00eas, para realizar palestra sobre oportunidades profissionais e tratar de conv\u00eanios de parcerias. &nbsp; Realiza\u00e7\u00e3o: CIEC\/CEE<\/p>\n","protected":false},"author":26,"featured_media":0,"comment_status":"closed","ping_status":"closed","sticky":false,"template":"","format":"standard","meta":[],"categories":[10],"tags":[],"_links":{"self":[{"href":"https:\/\/www.ifbaiano.edu.br\/unidades\/santaines\/wp-json\/wp\/v2\/posts\/2423"}],"collection":[{"href":"https:\/\/www.ifbaiano.edu.br\/unidades\/santaines\/wp-json\/wp\/v2\/posts"}],"about":[{"href":"https:\/\/www.ifbaiano.edu.br\/unidades\/santaines\/wp-json\/wp\/v2\/types\/post"}],"author":[{"embeddable":true,"href":"https:\/\/www.ifbaiano.edu.br\/unidades\/santaines\/wp-json\/wp\/v2\/users\/26"}],"replies":[{"embeddable":true,"href":"https:\/\/www.ifbaiano.edu.br\/unidades\/santaines\/wp-json\/wp\/v2\/comments?post=2423"}],"version-history":[{"count":3,"href":"https:\/\/www.ifbaiano.edu.br\/unidades\/santaines\/wp-json\/wp\/v2\/posts\/2423\/revisions"}],"predecessor-version":[{"id":2425,"href":"https:\/\/www.ifbaiano.edu.br\/unidades\/santaines\/wp-json\/wp\/v2\/posts\/2423\/revisions\/2425"}],"wp:attachment":[{"href":"https:\/\/www.ifbaiano.edu.br\/unidades\/santaines\/wp-json\/wp\/v2\/media?parent=2423"}],"wp:term":[{"taxonomy":"category","embeddable":true,"href":"https:\/\/www.ifbaiano.edu.br\/unidades\/santaines\/wp-json\/wp\/v2\/categories?post=2423"},{"taxonomy":"post_tag","embeddable":true,"href":"https:\/\/www.ifbaiano.edu.br\/unidades\/santaines\/wp-json\/wp\/v2\/tags?post=2423"}],"curies":[{"name":"wp","href":"https:\/\/api.w.org\/{rel}","templated":true}]}}