{"id":24236,"date":"2025-05-26T09:57:58","date_gmt":"2025-05-26T12:57:58","guid":{"rendered":"https:\/\/www.ifbaiano.edu.br\/unidades\/santaines\/?p=24236"},"modified":"2025-05-26T09:57:58","modified_gmt":"2025-05-26T12:57:58","slug":"if-baiano-campus-santa-ines-publica-lista-definitiva-de-inscricoes-para-professor-substituto-de-educacao-fisica","status":"publish","type":"post","link":"https:\/\/www.ifbaiano.edu.br\/unidades\/santaines\/if-baiano-campus-santa-ines-publica-lista-definitiva-de-inscricoes-para-professor-substituto-de-educacao-fisica\/","title":{"rendered":"IF Baiano &#8211; Campus Santa In\u00eas publica Lista Definitiva de Inscri\u00e7\u00f5es para Professor Substituto de Educa\u00e7\u00e3o F\u00edsica"},"content":{"rendered":"\n<p>O Instituto Federal Baiano (IF Baiano) Campus Santa In\u00eas divulgou, nesta segunda-feira, 26 de maio de 2025, a<strong> <a href=\"https:\/\/concurso.ifbaiano.edu.br\/portal\/substituto-santa-ines-maio-2025\/wp-content\/uploads\/sites\/1194\/2025\/05\/Lista-definitiva-de-inscric%CC%A7o%CC%83es-prof-substituto-educac%CC%A7a%CC%83o-fi%CC%81sica.pdf\">lista definitiva de inscri\u00e7\u00f5es homologadas<\/a><\/strong> referente ao Processo Seletivo Simplificado para a contrata\u00e7\u00e3o de Professor Substituto de Educa\u00e7\u00e3o F\u00edsica. O certame \u00e9 regido pelo <a href=\"https:\/\/concurso.ifbaiano.edu.br\/portal\/substituto-santa-ines-maio-2025\/wp-content\/uploads\/sites\/1194\/2025\/05\/Edital-no-109_2025-Professor-Substituto.pdf\">Edital n\u00ba 109<\/a>, de 06 de maio de 2025.<\/p>\n\n\n\n<p>Ap\u00f3s o per\u00edodo de an\u00e1lise e recursos, o documento final apresenta a rela\u00e7\u00e3o de&nbsp;<strong>15 candidatos cujas inscri\u00e7\u00f5es foram homologadas<\/strong>, estando, portanto, aptos a prosseguir para as pr\u00f3ximas etapas da sele\u00e7\u00e3o.<\/p>\n\n\n\n<p>Os candidatos que participam da sele\u00e7\u00e3o devem consultar o documento oficial para verificar a situa\u00e7\u00e3o final de sua inscri\u00e7\u00e3o e se preparar para as fases subsequentes do processo seletivo.<\/p>\n\n\n\n<p>Todas as informa\u00e7\u00f5es detalhadas, incluindo a lista completa dos candidatos e os motivos de indeferimento, bem como o edital e futuras publica\u00e7\u00f5es, est\u00e3o dispon\u00edveis no <a href=\"https:\/\/concurso.ifbaiano.edu.br\/portal\/substituto-santa-ines-maio-2025\/\">portal de concursos do IF Baiano<\/a>.<\/p>\n\n\n\n<p>\u00c9 fundamental que os interessados acompanhem todas as atualiza\u00e7\u00f5es e comunicados no site oficial para n\u00e3o perderem os prazos e as informa\u00e7\u00f5es pertinentes \u00e0s pr\u00f3ximas etapas do processo seletivo.<\/p>\n\n\n\n<hr class=\"wp-block-separator has-alpha-channel-opacity\" \/>\n","protected":false},"excerpt":{"rendered":"<p>Documento divulgado nesta segunda-feira (26) confirma 15 inscri\u00e7\u00f5es homologadas e 3 indeferidas para o Processo Seletivo Simplificado (Edital n\u00ba 109\/2025).<\/p>\n","protected":false},"author":86,"featured_media":24010,"comment_status":"closed","ping_status":"closed","sticky":false,"template":"","format":"standard","meta":[],"categories":[4,5,8,57],"tags":[],"_links":{"self":[{"href":"https:\/\/www.ifbaiano.edu.br\/unidades\/santaines\/wp-json\/wp\/v2\/posts\/24236"}],"collection":[{"href":"https:\/\/www.ifbaiano.edu.br\/unidades\/santaines\/wp-json\/wp\/v2\/posts"}],"about":[{"href":"https:\/\/www.ifbaiano.edu.br\/unidades\/santaines\/wp-json\/wp\/v2\/types\/post"}],"author":[{"embeddable":true,"href":"https:\/\/www.ifbaiano.edu.br\/unidades\/santaines\/wp-json\/wp\/v2\/users\/86"}],"replies":[{"embeddable":true,"href":"https:\/\/www.ifbaiano.edu.br\/unidades\/santaines\/wp-json\/wp\/v2\/comments?post=24236"}],"version-history":[{"count":2,"href":"https:\/\/www.ifbaiano.edu.br\/unidades\/santaines\/wp-json\/wp\/v2\/posts\/24236\/revisions"}],"predecessor-version":[{"id":24238,"href":"https:\/\/www.ifbaiano.edu.br\/unidades\/santaines\/wp-json\/wp\/v2\/posts\/24236\/revisions\/24238"}],"wp:featuredmedia":[{"embeddable":true,"href":"https:\/\/www.ifbaiano.edu.br\/unidades\/santaines\/wp-json\/wp\/v2\/media\/24010"}],"wp:attachment":[{"href":"https:\/\/www.ifbaiano.edu.br\/unidades\/santaines\/wp-json\/wp\/v2\/media?parent=24236"}],"wp:term":[{"taxonomy":"category","embeddable":true,"href":"https:\/\/www.ifbaiano.edu.br\/unidades\/santaines\/wp-json\/wp\/v2\/categories?post=24236"},{"taxonomy":"post_tag","embeddable":true,"href":"https:\/\/www.ifbaiano.edu.br\/unidades\/santaines\/wp-json\/wp\/v2\/tags?post=24236"}],"curies":[{"name":"wp","href":"https:\/\/api.w.org\/{rel}","templated":true}]}}