{"id":24239,"date":"2025-05-27T15:33:27","date_gmt":"2025-05-27T18:33:27","guid":{"rendered":"https:\/\/www.ifbaiano.edu.br\/unidades\/santaines\/?p=24239"},"modified":"2025-05-27T15:33:30","modified_gmt":"2025-05-27T18:33:30","slug":"if-baiano-campus-santa-ines-divulga-resultado-preliminar-da-entrevista-para-estagio-de-nivel-medio-edital-11-2025","status":"publish","type":"post","link":"https:\/\/www.ifbaiano.edu.br\/unidades\/santaines\/if-baiano-campus-santa-ines-divulga-resultado-preliminar-da-entrevista-para-estagio-de-nivel-medio-edital-11-2025\/","title":{"rendered":"IF Baiano &#8211; Campus Santa In\u00eas Divulga Resultado Preliminar da Entrevista para Est\u00e1gio de N\u00edvel M\u00e9dio (Edital 11\/2025)"},"content":{"rendered":"\n<p>O Instituto Federal de Educa\u00e7\u00e3o, Ci\u00eancia e Tecnologia Baiano (IF Baiano) &#8211; Campus Santa In\u00eas tornou p\u00fablico, nesta ter\u00e7a-feira (27 de maio de 2025), o <a rel=\"noreferrer noopener\" href=\"https:\/\/concurso.ifbaiano.edu.br\/portal\/selecao-estagio-santa-ines-abril-2025\/wp-content\/uploads\/sites\/1178\/2025\/05\/Resultado-da-Entrevista.pdf\" target=\"_blank\">Resultado Preliminar<\/a> referente \u00e0 etapa de entrevistas do Processo Seletivo de Estagi\u00e1rios de N\u00edvel M\u00e9dio, regido pelo <a href=\"https:\/\/concurso.ifbaiano.edu.br\/portal\/selecao-estagio-santa-ines-abril-2025\/wp-content\/uploads\/sites\/1178\/2025\/04\/EDITAL-No-11_2025-SELECAO-DE-ESTAGIARIOS.pdf\">Edital N\u00ba 11\/2025<\/a>. A sele\u00e7\u00e3o visa o preenchimento de vagas de est\u00e1gio para atua\u00e7\u00e3o no pr\u00f3prio campus.<\/p>\n\n\n\n<p><strong>Prazo para Recursos<\/strong><\/p>\n\n\n\n<p>Os candidatos que desejarem interpor recurso contra o resultado preliminar da entrevista dever\u00e3o preencher o Formul\u00e1rio de Recurso, dispon\u00edvel como ANEXO III do <a href=\"https:\/\/concurso.ifbaiano.edu.br\/portal\/selecao-estagio-santa-ines-abril-2025\/wp-content\/uploads\/sites\/1178\/2025\/04\/EDITAL-No-11_2025-SELECAO-DE-ESTAGIARIOS.pdf\">Edital 11\/2025<\/a>. O formul\u00e1rio, devidamente fundamentado, deve ser enviado para o e-mail\u00a0<a rel=\"noreferrer noopener\" href=\"https:\/\/www.google.com\/url?sa=E&amp;q=mailto%3Acomissao.estagio%40si.ifbaiano.edu.br\" target=\"_blank\">comissao.estagio@si.ifbaiano.edu.br<\/a>.<\/p>\n\n\n\n<p>O prazo para envio dos recursos encerra-se no dia&nbsp;<strong>28 de maio de 2025, \u00e0s 23h59<\/strong>.<\/p>\n\n\n\n<p><strong>Pr\u00f3ximas Etapas e Informa\u00e7\u00f5es<\/strong><\/p>\n\n\n\n<p>Recomenda-se aos candidatos que acompanhem atentamente todas as publica\u00e7\u00f5es e atualiza\u00e7\u00f5es referentes ao processo seletivo no <a href=\"https:\/\/concurso.ifbaiano.edu.br\/portal\/selecao-estagio-santa-ines-abril-2025\/\">portal oficial do IF Baiano<\/a>, onde est\u00e3o dispon\u00edveis o edital completo e todas as informa\u00e7\u00f5es. <\/p>\n\n\n\n<p>A sele\u00e7\u00e3o de estagi\u00e1rios \u00e9 regida pela Lei N.\u00ba 11.788\/2008 e pela Instru\u00e7\u00e3o Normativa N.\u00ba 213\/2019, entre outras normativas pertinentes.<\/p>\n\n\n\n<hr class=\"wp-block-separator has-alpha-channel-opacity\" \/>\n","protected":false},"excerpt":{"rendered":"<p>O Instituto Federal de Educa\u00e7\u00e3o, Ci\u00eancia e Tecnologia Baiano (IF Baiano) &#8211; Campus Santa In\u00eas tornou p\u00fablico, nesta ter\u00e7a-feira (27 de maio de 2025), o Resultado Preliminar referente \u00e0 etapa de entrevistas do Processo Seletivo de Estagi\u00e1rios de N\u00edvel M\u00e9dio, regido pelo Edital N\u00ba 11\/2025. A sele\u00e7\u00e3o visa o preenchimento de vagas de est\u00e1gio para [&hellip;]<\/p>\n","protected":false},"author":86,"featured_media":23702,"comment_status":"closed","ping_status":"closed","sticky":false,"template":"","format":"standard","meta":[],"categories":[4,5,8,57],"tags":[],"_links":{"self":[{"href":"https:\/\/www.ifbaiano.edu.br\/unidades\/santaines\/wp-json\/wp\/v2\/posts\/24239"}],"collection":[{"href":"https:\/\/www.ifbaiano.edu.br\/unidades\/santaines\/wp-json\/wp\/v2\/posts"}],"about":[{"href":"https:\/\/www.ifbaiano.edu.br\/unidades\/santaines\/wp-json\/wp\/v2\/types\/post"}],"author":[{"embeddable":true,"href":"https:\/\/www.ifbaiano.edu.br\/unidades\/santaines\/wp-json\/wp\/v2\/users\/86"}],"replies":[{"embeddable":true,"href":"https:\/\/www.ifbaiano.edu.br\/unidades\/santaines\/wp-json\/wp\/v2\/comments?post=24239"}],"version-history":[{"count":2,"href":"https:\/\/www.ifbaiano.edu.br\/unidades\/santaines\/wp-json\/wp\/v2\/posts\/24239\/revisions"}],"predecessor-version":[{"id":24241,"href":"https:\/\/www.ifbaiano.edu.br\/unidades\/santaines\/wp-json\/wp\/v2\/posts\/24239\/revisions\/24241"}],"wp:featuredmedia":[{"embeddable":true,"href":"https:\/\/www.ifbaiano.edu.br\/unidades\/santaines\/wp-json\/wp\/v2\/media\/23702"}],"wp:attachment":[{"href":"https:\/\/www.ifbaiano.edu.br\/unidades\/santaines\/wp-json\/wp\/v2\/media?parent=24239"}],"wp:term":[{"taxonomy":"category","embeddable":true,"href":"https:\/\/www.ifbaiano.edu.br\/unidades\/santaines\/wp-json\/wp\/v2\/categories?post=24239"},{"taxonomy":"post_tag","embeddable":true,"href":"https:\/\/www.ifbaiano.edu.br\/unidades\/santaines\/wp-json\/wp\/v2\/tags?post=24239"}],"curies":[{"name":"wp","href":"https:\/\/api.w.org\/{rel}","templated":true}]}}