{"id":24243,"date":"2025-06-02T09:26:59","date_gmt":"2025-06-02T12:26:59","guid":{"rendered":"https:\/\/www.ifbaiano.edu.br\/unidades\/santaines\/?p=24243"},"modified":"2025-06-02T09:38:18","modified_gmt":"2025-06-02T12:38:18","slug":"if-baiano-campus-santa-ines-divulga-resultado-preliminar-para-professor-substituto-de-educacao-fisica","status":"publish","type":"post","link":"https:\/\/www.ifbaiano.edu.br\/unidades\/santaines\/if-baiano-campus-santa-ines-divulga-resultado-preliminar-para-professor-substituto-de-educacao-fisica\/","title":{"rendered":"IF Baiano &#8211; Campus Santa In\u00eas divulga resultado preliminar para Professor Substituto de Educa\u00e7\u00e3o F\u00edsica"},"content":{"rendered":"\n<p>O Instituto Federal de Educa\u00e7\u00e3o, Ci\u00eancia e Tecnologia Baiano (IF Baiano) &#8211; Campus Santa In\u00eas tornou p\u00fablico, nesta segunda-feira (02 de junho de 2025), o <a rel=\"noreferrer noopener\" href=\"https:\/\/concurso.ifbaiano.edu.br\/portal\/substituto-santa-ines-maio-2025\/wp-content\/uploads\/sites\/1194\/2025\/06\/Resultado-preliminar-selec%CC%A7ao-prof-substituto-educ-fisica.pdf\" target=\"_blank\">Resultado Preliminar<\/a> do Processo Seletivo Simplificado para a contrata\u00e7\u00e3o de Professor Substituto na \u00e1rea de Educa\u00e7\u00e3o F\u00edsica. A sele\u00e7\u00e3o \u00e9 regida pelo <a rel=\"noreferrer noopener\" href=\"https:\/\/concurso.ifbaiano.edu.br\/portal\/substituto-santa-ines-maio-2025\/wp-content\/uploads\/sites\/1194\/2025\/05\/Edital-no-109_2025-Professor-Substituto.pdf\" target=\"_blank\">Edital n\u00ba 109<\/a>, publicado em 12 de maio de 2025.<\/p>\n\n\n\n<p>De acordo com o <a rel=\"noreferrer noopener\" href=\"https:\/\/concurso.ifbaiano.edu.br\/portal\/substituto-santa-ines-maio-2025\/wp-content\/uploads\/sites\/1194\/2025\/06\/Resultado-preliminar-selec%CC%A7ao-prof-substituto-educ-fisica.pdf\" target=\"_blank\">documento divulgado<\/a>, cinco candidatos foram classificados preliminarmente. O resultado tamb\u00e9m informa sobre candidatos desclassificados, seja por n\u00e3o atingirem a pontua\u00e7\u00e3o m\u00ednima de 60 pontos na Prova de Desempenho Did\u00e1tico ou por aus\u00eancia na etapa de sorteio, conforme previsto no edital. A nota final dos candidatos foi calculada com base na m\u00e9dia aritm\u00e9tica ponderada, considerando o Desempenho Did\u00e1tico (peso 7) e a Avalia\u00e7\u00e3o de T\u00edtulos (peso 3).<\/p>\n\n\n\n<p>Este \u00e9 um <a rel=\"noreferrer noopener\" href=\"https:\/\/concurso.ifbaiano.edu.br\/portal\/substituto-santa-ines-maio-2025\/wp-content\/uploads\/sites\/1194\/2025\/06\/Resultado-preliminar-selec%CC%A7ao-prof-substituto-educ-fisica.pdf\" target=\"_blank\">resultado preliminar<\/a>, e os candidatos devem ficar atentos aos prazos para eventuais recursos. Estes devem ser interpostos em <a rel=\"noreferrer noopener\" href=\"https:\/\/concurso.ifbaiano.edu.br\/portal\/substituto-santa-ines-maio-2025\/wp-content\/uploads\/sites\/1194\/2025\/05\/FORMULARIO-DE-INTERPOSICAO-DE-RECURSO-Prof-Substituto.pdf\" target=\"_blank\">Formul\u00e1rio Pr\u00f3prio<\/a> conforme estipulado no edital do processo seletivo.<\/p>\n\n\n\n<p>O IF Baiano &#8211; Campus Santa In\u00eas refor\u00e7a a import\u00e2ncia de os candidatos acompanharem todas as publica\u00e7\u00f5es oficiais no <a href=\"https:\/\/concurso.ifbaiano.edu.br\/portal\/substituto-santa-ines-maio-2025\/\">portal da institui\u00e7\u00e3o<\/a>.<\/p>\n\n\n\n<hr class=\"wp-block-separator has-alpha-channel-opacity\" \/>\n","protected":false},"excerpt":{"rendered":"<p>Candidatos podem conferir a lista de classificados e as notas no portal da institui\u00e7\u00e3o.<\/p>\n","protected":false},"author":86,"featured_media":24010,"comment_status":"closed","ping_status":"closed","sticky":false,"template":"","format":"standard","meta":[],"categories":[4,5,8,57],"tags":[],"_links":{"self":[{"href":"https:\/\/www.ifbaiano.edu.br\/unidades\/santaines\/wp-json\/wp\/v2\/posts\/24243"}],"collection":[{"href":"https:\/\/www.ifbaiano.edu.br\/unidades\/santaines\/wp-json\/wp\/v2\/posts"}],"about":[{"href":"https:\/\/www.ifbaiano.edu.br\/unidades\/santaines\/wp-json\/wp\/v2\/types\/post"}],"author":[{"embeddable":true,"href":"https:\/\/www.ifbaiano.edu.br\/unidades\/santaines\/wp-json\/wp\/v2\/users\/86"}],"replies":[{"embeddable":true,"href":"https:\/\/www.ifbaiano.edu.br\/unidades\/santaines\/wp-json\/wp\/v2\/comments?post=24243"}],"version-history":[{"count":4,"href":"https:\/\/www.ifbaiano.edu.br\/unidades\/santaines\/wp-json\/wp\/v2\/posts\/24243\/revisions"}],"predecessor-version":[{"id":24249,"href":"https:\/\/www.ifbaiano.edu.br\/unidades\/santaines\/wp-json\/wp\/v2\/posts\/24243\/revisions\/24249"}],"wp:featuredmedia":[{"embeddable":true,"href":"https:\/\/www.ifbaiano.edu.br\/unidades\/santaines\/wp-json\/wp\/v2\/media\/24010"}],"wp:attachment":[{"href":"https:\/\/www.ifbaiano.edu.br\/unidades\/santaines\/wp-json\/wp\/v2\/media?parent=24243"}],"wp:term":[{"taxonomy":"category","embeddable":true,"href":"https:\/\/www.ifbaiano.edu.br\/unidades\/santaines\/wp-json\/wp\/v2\/categories?post=24243"},{"taxonomy":"post_tag","embeddable":true,"href":"https:\/\/www.ifbaiano.edu.br\/unidades\/santaines\/wp-json\/wp\/v2\/tags?post=24243"}],"curies":[{"name":"wp","href":"https:\/\/api.w.org\/{rel}","templated":true}]}}