{"id":24246,"date":"2025-05-30T11:32:44","date_gmt":"2025-05-30T14:32:44","guid":{"rendered":"https:\/\/www.ifbaiano.edu.br\/unidades\/santaines\/?p=24246"},"modified":"2025-05-30T11:32:45","modified_gmt":"2025-05-30T14:32:45","slug":"campus-santa-ines-divulga-resultado-de-entrevista-e-convocacao-para-banca-de-heteroidentificacao-em-selecao-de-estagio","status":"publish","type":"post","link":"https:\/\/www.ifbaiano.edu.br\/unidades\/santaines\/campus-santa-ines-divulga-resultado-de-entrevista-e-convocacao-para-banca-de-heteroidentificacao-em-selecao-de-estagio\/","title":{"rendered":"Campus Santa In\u00eas divulga resultado de entrevista e convoca\u00e7\u00e3o para Banca de heteroidentifica\u00e7\u00e3o em sele\u00e7\u00e3o de est\u00e1gio"},"content":{"rendered":"\n<p>O Instituto Federal de Educa\u00e7\u00e3o, Ci\u00eancia e Tecnologia Baiano (IF Baiano) &#8211; Campus Santa In\u00eas publicou, nesta sexta-feira (30 de maio de 2025), dois importantes documentos referentes ao Processo Seletivo de Estagi\u00e1rios de N\u00edvel M\u00e9dio, regido pelo <a rel=\"noreferrer noopener\" href=\"https:\/\/concurso.ifbaiano.edu.br\/portal\/selecao-estagio-santa-ines-abril-2025\/wp-content\/uploads\/sites\/1178\/2025\/04\/EDITAL-No-11_2025-SELECAO-DE-ESTAGIARIOS.pdf\" target=\"_blank\">Edital n\u00ba 11\/2025<\/a>. Foram divulgados o <a rel=\"noreferrer noopener\" href=\"https:\/\/concurso.ifbaiano.edu.br\/portal\/selecao-estagio-santa-ines-abril-2025\/wp-content\/uploads\/sites\/1178\/2025\/05\/Resultado-da-Entrevista-pos-recurso.pdf\" target=\"_blank\">Resultado final da Entrevista<\/a> (P\u00f3s Recurso) e a <a rel=\"noreferrer noopener\" href=\"https:\/\/concurso.ifbaiano.edu.br\/portal\/selecao-estagio-santa-ines-abril-2025\/wp-content\/uploads\/sites\/1178\/2025\/05\/Convocacao-Banca-de-Heteroidentificacao.pdf\" target=\"_blank\">Convoca\u00e7\u00e3o para a Banca de Heteroidentifica\u00e7\u00e3o<\/a>.<\/p>\n\n\n\n<p>No documento de\u00a0<strong><a href=\"http:\/\/Convoca\u00e7\u00e3o Banca de Heteroidentifica\u00e7\u00e3o\">Resultado Final (entrevista)<\/a><\/strong>, tr\u00eas candidatos foram classificados. Paralelamente, foi emitida a\u00a0<strong><a href=\"https:\/\/concurso.ifbaiano.edu.br\/portal\/selecao-estagio-santa-ines-abril-2025\/wp-content\/uploads\/sites\/1178\/2025\/05\/Convocacao-Banca-de-Heteroidentificacao.pdf\">Convoca\u00e7\u00e3o para Banca de Heteroidentifica\u00e7\u00e3o<\/a><\/strong>, destinada a candidatos que se autodeclararam para vagas reservadas. Estes candidatos est\u00e3o convocados a comparecer no dia\u00a0<strong>04 de junho de 2025<\/strong>, no Campus Santa In\u00eas \u2013 Pavilh\u00e3o dos Cursos Superiores. O hor\u00e1rio de in\u00edcio est\u00e1 marcado para as\u00a0<strong>13h30<\/strong>, com t\u00e9rmino previsto para as\u00a0<strong>15h<\/strong>. A etapa de heteroidentifica\u00e7\u00e3o \u00e9 fundamental para validar a autodeclara\u00e7\u00e3o dos candidatos concorrentes \u00e0s vagas por cotas.<\/p>\n\n\n\n<p>A Comiss\u00e3o do Processo Seletivo de Estagi\u00e1rios 2025 refor\u00e7a a import\u00e2ncia de os candidatos acompanharem todas as publica\u00e7\u00f5es e prazos.<\/p>\n\n\n\n<p>Todos os detalhes, incluindo os documentos na \u00edntegra, podem ser acessados no <a href=\"https:\/\/concurso.ifbaiano.edu.br\/portal\/selecao-estagio-santa-ines-abril-2025\/\">portal oficial de concursos do IF Baiano<\/a>.<\/p>\n\n\n\n<hr class=\"wp-block-separator has-alpha-channel-opacity\" \/>\n","protected":false},"excerpt":{"rendered":"<p>Candidatos ao Processo Seletivo de Estagi\u00e1rios (Edital N\u00ba 11\/2025) devem atentar-se \u00e0s novas publica\u00e7\u00f5es.<\/p>\n","protected":false},"author":86,"featured_media":23701,"comment_status":"closed","ping_status":"closed","sticky":false,"template":"","format":"standard","meta":[],"categories":[4,38,5,8,57],"tags":[],"_links":{"self":[{"href":"https:\/\/www.ifbaiano.edu.br\/unidades\/santaines\/wp-json\/wp\/v2\/posts\/24246"}],"collection":[{"href":"https:\/\/www.ifbaiano.edu.br\/unidades\/santaines\/wp-json\/wp\/v2\/posts"}],"about":[{"href":"https:\/\/www.ifbaiano.edu.br\/unidades\/santaines\/wp-json\/wp\/v2\/types\/post"}],"author":[{"embeddable":true,"href":"https:\/\/www.ifbaiano.edu.br\/unidades\/santaines\/wp-json\/wp\/v2\/users\/86"}],"replies":[{"embeddable":true,"href":"https:\/\/www.ifbaiano.edu.br\/unidades\/santaines\/wp-json\/wp\/v2\/comments?post=24246"}],"version-history":[{"count":1,"href":"https:\/\/www.ifbaiano.edu.br\/unidades\/santaines\/wp-json\/wp\/v2\/posts\/24246\/revisions"}],"predecessor-version":[{"id":24247,"href":"https:\/\/www.ifbaiano.edu.br\/unidades\/santaines\/wp-json\/wp\/v2\/posts\/24246\/revisions\/24247"}],"wp:featuredmedia":[{"embeddable":true,"href":"https:\/\/www.ifbaiano.edu.br\/unidades\/santaines\/wp-json\/wp\/v2\/media\/23701"}],"wp:attachment":[{"href":"https:\/\/www.ifbaiano.edu.br\/unidades\/santaines\/wp-json\/wp\/v2\/media?parent=24246"}],"wp:term":[{"taxonomy":"category","embeddable":true,"href":"https:\/\/www.ifbaiano.edu.br\/unidades\/santaines\/wp-json\/wp\/v2\/categories?post=24246"},{"taxonomy":"post_tag","embeddable":true,"href":"https:\/\/www.ifbaiano.edu.br\/unidades\/santaines\/wp-json\/wp\/v2\/tags?post=24246"}],"curies":[{"name":"wp","href":"https:\/\/api.w.org\/{rel}","templated":true}]}}