{"id":24251,"date":"2025-06-02T11:37:07","date_gmt":"2025-06-02T14:37:07","guid":{"rendered":"https:\/\/www.ifbaiano.edu.br\/unidades\/santaines\/?p=24251"},"modified":"2025-06-02T11:37:08","modified_gmt":"2025-06-02T14:37:08","slug":"campus-santa-ines-divulga-curriculos-das-bancas-de-heteroidentificacao-e-recursal-para-selecao-de-estagio","status":"publish","type":"post","link":"https:\/\/www.ifbaiano.edu.br\/unidades\/santaines\/campus-santa-ines-divulga-curriculos-das-bancas-de-heteroidentificacao-e-recursal-para-selecao-de-estagio\/","title":{"rendered":"Campus Santa In\u00eas divulga curr\u00edculos das Bancas de Heteroidentifica\u00e7\u00e3o e Recursal para Sele\u00e7\u00e3o de Est\u00e1gio"},"content":{"rendered":"\n<p>O Instituto Federal de Educa\u00e7\u00e3o, Ci\u00eancia e Tecnologia Baiano (IF Baiano) &#8211; Campus Santa In\u00eas publicou o documento com os <a rel=\"noreferrer noopener\" href=\"https:\/\/concurso.ifbaiano.edu.br\/portal\/selecao-estagio-santa-ines-abril-2025\/wp-content\/uploads\/sites\/1178\/2025\/06\/Curriculo-bancas_Estagio-2025_CSI.pdf\" target=\"_blank\">Curr\u00edculos<\/a> dos membros que comp\u00f5em as Bancas de Heteroidentifica\u00e7\u00e3o e Recursal do Processo Seletivo para o Ingresso de Estagi\u00e1rios de N\u00edvel M\u00e9dio, regido pelo <a rel=\"noreferrer noopener\" href=\"https:\/\/concurso.ifbaiano.edu.br\/portal\/selecao-estagio-santa-ines-abril-2025\/wp-content\/uploads\/sites\/1178\/2025\/04\/EDITAL-No-11_2025-SELECAO-DE-ESTAGIARIOS.pdf\" target=\"_blank\">Edital n\u00ba 11\/2025<\/a>, de 09 de abril de 2025.<\/p>\n\n\n\n<p>A divulga\u00e7\u00e3o dos perfis profissionais dos integrantes das bancas \u00e9 uma importante medida para assegurar a transpar\u00eancia do processo seletivo, especialmente na etapa de heteroidentifica\u00e7\u00e3o, que \u00e9 crucial para a valida\u00e7\u00e3o da autodeclara\u00e7\u00e3o de candidatos que concorrem \u00e0s vagas reservadas por cotas raciais.<\/p>\n\n\n\n<p>A Banca de Heteroidentifica\u00e7\u00e3o \u00e9 composta por tr\u00eas membros, incluindo docentes do IF Baiano e membros do N\u00facleo de Estudos Afro-brasileiros e Ind\u00edgenas (NEABI) e do N\u00facleo de Atendimento \u00e0s Pessoas com Necessidades Espec\u00edficas (NAPNE). Os curr\u00edculos demonstram que os profissionais participaram de cursos de forma\u00e7\u00e3o espec\u00edficos sobre Bancas de Heteroidentifica\u00e7\u00e3o e Cotas Raciais em diversas institui\u00e7\u00f5es federais.<\/p>\n\n\n\n<p>A Banca Recursal, respons\u00e1vel por analisar eventuais recursos, tamb\u00e9m \u00e9 composta por tr\u00eas membros qualificados, entre eles t\u00e9cnicos administrativos e docentes do IF Baiano. Seus curr\u00edculos evidenciam vasta experi\u00eancia e participa\u00e7\u00e3o em forma\u00e7\u00f5es sobre heteroidentifica\u00e7\u00e3o, pol\u00edticas de a\u00e7\u00f5es afirmativas, comiss\u00f5es de heteroidentifica\u00e7\u00e3o em outras institui\u00e7\u00f5es, al\u00e9m de atua\u00e7\u00e3o em grupos de trabalho e eventos acad\u00eamicos sobre rela\u00e7\u00f5es \u00e9tnico-raciais e direitos humanos.<\/p>\n\n\n\n<p>A Comiss\u00e3o Local do Processo Seletivo do IF Baiano &#8211; Campus Santa In\u00eas refor\u00e7a seu compromisso com a lisura, a imparcialidade e a equidade em todas as fases da sele\u00e7\u00e3o.<\/p>\n\n\n\n<p>Os interessados podem tamb\u00e9m consultar o documento completo com os curr\u00edculos detalhados dos membros das bancas <a href=\"https:\/\/concurso.ifbaiano.edu.br\/portal\/selecao-estagio-santa-ines-abril-2025\/\">no portal oficial de concursos do IF Baiano<\/a>.<\/p>\n\n\n\n<hr class=\"wp-block-separator has-alpha-channel-opacity\" \/>\n","protected":false},"excerpt":{"rendered":"<p>Medida visa garantir transpar\u00eancia e demonstrar qualifica\u00e7\u00e3o dos membros envolvidos na avalia\u00e7\u00e3o de autodeclara\u00e7\u00f5es no Processo Seletivo de Estagi\u00e1rios (Edital n\u00ba 11\/2025).<\/p>\n","protected":false},"author":86,"featured_media":23701,"comment_status":"closed","ping_status":"closed","sticky":false,"template":"","format":"standard","meta":[],"categories":[4,8,57],"tags":[],"_links":{"self":[{"href":"https:\/\/www.ifbaiano.edu.br\/unidades\/santaines\/wp-json\/wp\/v2\/posts\/24251"}],"collection":[{"href":"https:\/\/www.ifbaiano.edu.br\/unidades\/santaines\/wp-json\/wp\/v2\/posts"}],"about":[{"href":"https:\/\/www.ifbaiano.edu.br\/unidades\/santaines\/wp-json\/wp\/v2\/types\/post"}],"author":[{"embeddable":true,"href":"https:\/\/www.ifbaiano.edu.br\/unidades\/santaines\/wp-json\/wp\/v2\/users\/86"}],"replies":[{"embeddable":true,"href":"https:\/\/www.ifbaiano.edu.br\/unidades\/santaines\/wp-json\/wp\/v2\/comments?post=24251"}],"version-history":[{"count":1,"href":"https:\/\/www.ifbaiano.edu.br\/unidades\/santaines\/wp-json\/wp\/v2\/posts\/24251\/revisions"}],"predecessor-version":[{"id":24252,"href":"https:\/\/www.ifbaiano.edu.br\/unidades\/santaines\/wp-json\/wp\/v2\/posts\/24251\/revisions\/24252"}],"wp:featuredmedia":[{"embeddable":true,"href":"https:\/\/www.ifbaiano.edu.br\/unidades\/santaines\/wp-json\/wp\/v2\/media\/23701"}],"wp:attachment":[{"href":"https:\/\/www.ifbaiano.edu.br\/unidades\/santaines\/wp-json\/wp\/v2\/media?parent=24251"}],"wp:term":[{"taxonomy":"category","embeddable":true,"href":"https:\/\/www.ifbaiano.edu.br\/unidades\/santaines\/wp-json\/wp\/v2\/categories?post=24251"},{"taxonomy":"post_tag","embeddable":true,"href":"https:\/\/www.ifbaiano.edu.br\/unidades\/santaines\/wp-json\/wp\/v2\/tags?post=24251"}],"curies":[{"name":"wp","href":"https:\/\/api.w.org\/{rel}","templated":true}]}}