{"id":24274,"date":"2025-06-03T13:00:51","date_gmt":"2025-06-03T16:00:51","guid":{"rendered":"https:\/\/www.ifbaiano.edu.br\/unidades\/santaines\/?p=24274"},"modified":"2025-06-03T13:00:53","modified_gmt":"2025-06-03T16:00:53","slug":"if-baiano-promove-v-reneabi-com-foco-no-fortalecimento-de-politicas-afirmativas-e-educacao-antirracista","status":"publish","type":"post","link":"https:\/\/www.ifbaiano.edu.br\/unidades\/santaines\/if-baiano-promove-v-reneabi-com-foco-no-fortalecimento-de-politicas-afirmativas-e-educacao-antirracista\/","title":{"rendered":"IF Baiano promove V RENEABI com foco no fortalecimento de pol\u00edticas afirmativas e educa\u00e7\u00e3o antirracista"},"content":{"rendered":"\n<p>O Instituto Federal Baiano (IF Baiano) realizou, entre os dias 27 e 29 de maio de 2025, a V Reuni\u00e3o dos N\u00facleos de Estudos Afro-Brasileiros e Ind\u00edgenas (RENEABI). Com o tema central \u201cEnsino, Pesquisa e Extens\u00e3o como instrumentos de cidadania plena e enfrentamento ao racismo\u201d, o evento ocorreu em formato h\u00edbrido e multicampi. A programa\u00e7\u00e3o principal foi centralizada no pr\u00e9dio administrativo Jo\u00e3o Batista (JB), em Salvador, com transmiss\u00e3o simult\u00e2nea e atividades presenciais nos 14 campi do IF Baiano, refor\u00e7ando o alcance e a capilaridade da iniciativa.<\/p>\n\n\n\n<figure class=\"wp-block-gallery has-nested-images columns-default is-cropped wp-block-gallery-1 is-layout-flex\">\n<figure class=\"wp-block-image size-large\"><a href=\"https:\/\/www.ifbaiano.edu.br\/unidades\/santaines\/files\/2025\/06\/5055-R1.webp\"><img decoding=\"async\" loading=\"lazy\" width=\"1024\" height=\"683\" data-id=\"24275\"  src=\"https:\/\/www.ifbaiano.edu.br\/unidades\/santaines\/files\/2025\/06\/5055-R1-1024x683.webp\" alt=\"\" class=\"wp-image-24275\" srcset=\"https:\/\/www.ifbaiano.edu.br\/unidades\/santaines\/files\/2025\/06\/5055-R1-1024x683.webp 1024w, https:\/\/www.ifbaiano.edu.br\/unidades\/santaines\/files\/2025\/06\/5055-R1-300x200.webp 300w, https:\/\/www.ifbaiano.edu.br\/unidades\/santaines\/files\/2025\/06\/5055-R1-768x512.webp 768w, https:\/\/www.ifbaiano.edu.br\/unidades\/santaines\/files\/2025\/06\/5055-R1-1536x1024.webp 1536w, https:\/\/www.ifbaiano.edu.br\/unidades\/santaines\/files\/2025\/06\/5055-R1-100x67.webp 100w, https:\/\/www.ifbaiano.edu.br\/unidades\/santaines\/files\/2025\/06\/5055-R1.webp 1620w\" sizes=\"(max-width: 1024px) 100vw, 1024px\" \/><\/a><\/figure>\n\n\n\n<figure class=\"wp-block-image size-large\"><a href=\"https:\/\/www.ifbaiano.edu.br\/unidades\/santaines\/files\/2025\/06\/5092-R3.webp\"><img decoding=\"async\" loading=\"lazy\" width=\"1024\" height=\"683\" data-id=\"24277\"  src=\"https:\/\/www.ifbaiano.edu.br\/unidades\/santaines\/files\/2025\/06\/5092-R3-1024x683.webp\" alt=\"\" class=\"wp-image-24277\" srcset=\"https:\/\/www.ifbaiano.edu.br\/unidades\/santaines\/files\/2025\/06\/5092-R3-1024x683.webp 1024w, https:\/\/www.ifbaiano.edu.br\/unidades\/santaines\/files\/2025\/06\/5092-R3-300x200.webp 300w, https:\/\/www.ifbaiano.edu.br\/unidades\/santaines\/files\/2025\/06\/5092-R3-768x512.webp 768w, https:\/\/www.ifbaiano.edu.br\/unidades\/santaines\/files\/2025\/06\/5092-R3-1536x1024.webp 1536w, https:\/\/www.ifbaiano.edu.br\/unidades\/santaines\/files\/2025\/06\/5092-R3-100x67.webp 100w, https:\/\/www.ifbaiano.edu.br\/unidades\/santaines\/files\/2025\/06\/5092-R3.webp 1620w\" sizes=\"(max-width: 1024px) 100vw, 1024px\" \/><\/a><\/figure>\n\n\n\n<figure class=\"wp-block-image size-large\"><a href=\"https:\/\/www.ifbaiano.edu.br\/unidades\/santaines\/files\/2025\/06\/5109-R5.webp\"><img decoding=\"async\" loading=\"lazy\" width=\"1024\" height=\"683\" data-id=\"24279\"  src=\"https:\/\/www.ifbaiano.edu.br\/unidades\/santaines\/files\/2025\/06\/5109-R5-1024x683.webp\" alt=\"\" class=\"wp-image-24279\" srcset=\"https:\/\/www.ifbaiano.edu.br\/unidades\/santaines\/files\/2025\/06\/5109-R5-1024x683.webp 1024w, https:\/\/www.ifbaiano.edu.br\/unidades\/santaines\/files\/2025\/06\/5109-R5-300x200.webp 300w, https:\/\/www.ifbaiano.edu.br\/unidades\/santaines\/files\/2025\/06\/5109-R5-768x512.webp 768w, https:\/\/www.ifbaiano.edu.br\/unidades\/santaines\/files\/2025\/06\/5109-R5-1536x1024.webp 1536w, https:\/\/www.ifbaiano.edu.br\/unidades\/santaines\/files\/2025\/06\/5109-R5-100x67.webp 100w, https:\/\/www.ifbaiano.edu.br\/unidades\/santaines\/files\/2025\/06\/5109-R5.webp 1620w\" sizes=\"(max-width: 1024px) 100vw, 1024px\" \/><\/a><\/figure>\n<\/figure>\n\n\n\n<p>A V RENEABI ofereceu uma rica programa\u00e7\u00e3o com oficinas, confer\u00eancia, mesas-redondas e sess\u00f5es tem\u00e1ticas, todas voltadas para o compromisso institucional de fortalecer as pol\u00edticas afirmativas \u00e9tnico-raciais e promover uma educa\u00e7\u00e3o antirracista. Docentes, t\u00e9cnicos administrativos e discentes, com destaque para a participa\u00e7\u00e3o ativa de estudantes dos cursos t\u00e9cnicos e superiores, engajaram-se nas discuss\u00f5es e atividades propostas.<\/p>\n\n\n\n<p><strong>Destaques no Campus Santa In\u00eas<\/strong><\/p>\n\n\n\n<p>No Campus Santa In\u00eas, a mobiliza\u00e7\u00e3o foi intensa. No dia 27 de maio, o Pavilh\u00e3o do Curso de Inform\u00e1tica sediou duas oficinas simult\u00e2neas com foco nos estudantes dos cursos superiores: \u201cCria\u00e7\u00e3o Liter\u00e1ria com Protagonismo Negro\u201d, conduzida pelo Professor Ivo Ferreira de Jesus, e \u201cLiteratura de Mulheres Pretas: Insurg\u00eancias, Desobedi\u00eancia e Outros Arrombamentos\u201d, proposta pelo Professor Jos\u00e9 Rosa dos Santos Junior.<\/p>\n\n\n\n<figure class=\"wp-block-gallery has-nested-images columns-default is-cropped wp-block-gallery-3 is-layout-flex\">\n<figure class=\"wp-block-image size-large\"><a href=\"https:\/\/www.ifbaiano.edu.br\/unidades\/santaines\/files\/2025\/06\/5118-R6.webp\"><img decoding=\"async\" loading=\"lazy\" width=\"1024\" height=\"683\" data-id=\"24280\"  src=\"https:\/\/www.ifbaiano.edu.br\/unidades\/santaines\/files\/2025\/06\/5118-R6-1024x683.webp\" alt=\"\" class=\"wp-image-24280\" srcset=\"https:\/\/www.ifbaiano.edu.br\/unidades\/santaines\/files\/2025\/06\/5118-R6-1024x683.webp 1024w, https:\/\/www.ifbaiano.edu.br\/unidades\/santaines\/files\/2025\/06\/5118-R6-300x200.webp 300w, https:\/\/www.ifbaiano.edu.br\/unidades\/santaines\/files\/2025\/06\/5118-R6-768x512.webp 768w, https:\/\/www.ifbaiano.edu.br\/unidades\/santaines\/files\/2025\/06\/5118-R6-1536x1024.webp 1536w, https:\/\/www.ifbaiano.edu.br\/unidades\/santaines\/files\/2025\/06\/5118-R6-100x67.webp 100w, https:\/\/www.ifbaiano.edu.br\/unidades\/santaines\/files\/2025\/06\/5118-R6.webp 1620w\" sizes=\"(max-width: 1024px) 100vw, 1024px\" \/><\/a><\/figure>\n\n\n\n<figure class=\"wp-block-image size-large\"><a href=\"https:\/\/www.ifbaiano.edu.br\/unidades\/santaines\/files\/2025\/06\/5127-R7.webp\"><img decoding=\"async\" loading=\"lazy\" width=\"1024\" height=\"683\" data-id=\"24281\"  src=\"https:\/\/www.ifbaiano.edu.br\/unidades\/santaines\/files\/2025\/06\/5127-R7-1024x683.webp\" alt=\"\" class=\"wp-image-24281\" srcset=\"https:\/\/www.ifbaiano.edu.br\/unidades\/santaines\/files\/2025\/06\/5127-R7-1024x683.webp 1024w, https:\/\/www.ifbaiano.edu.br\/unidades\/santaines\/files\/2025\/06\/5127-R7-300x200.webp 300w, https:\/\/www.ifbaiano.edu.br\/unidades\/santaines\/files\/2025\/06\/5127-R7-768x512.webp 768w, https:\/\/www.ifbaiano.edu.br\/unidades\/santaines\/files\/2025\/06\/5127-R7-1536x1024.webp 1536w, https:\/\/www.ifbaiano.edu.br\/unidades\/santaines\/files\/2025\/06\/5127-R7-100x67.webp 100w, https:\/\/www.ifbaiano.edu.br\/unidades\/santaines\/files\/2025\/06\/5127-R7.webp 1620w\" sizes=\"(max-width: 1024px) 100vw, 1024px\" \/><\/a><\/figure>\n\n\n\n<figure class=\"wp-block-image size-large\"><a href=\"https:\/\/www.ifbaiano.edu.br\/unidades\/santaines\/files\/2025\/06\/5191-R14.webp\"><img decoding=\"async\" loading=\"lazy\" width=\"1024\" height=\"683\" data-id=\"24288\"  src=\"https:\/\/www.ifbaiano.edu.br\/unidades\/santaines\/files\/2025\/06\/5191-R14-1024x683.webp\" alt=\"\" class=\"wp-image-24288\" srcset=\"https:\/\/www.ifbaiano.edu.br\/unidades\/santaines\/files\/2025\/06\/5191-R14-1024x683.webp 1024w, https:\/\/www.ifbaiano.edu.br\/unidades\/santaines\/files\/2025\/06\/5191-R14-300x200.webp 300w, https:\/\/www.ifbaiano.edu.br\/unidades\/santaines\/files\/2025\/06\/5191-R14-768x512.webp 768w, https:\/\/www.ifbaiano.edu.br\/unidades\/santaines\/files\/2025\/06\/5191-R14-1536x1024.webp 1536w, https:\/\/www.ifbaiano.edu.br\/unidades\/santaines\/files\/2025\/06\/5191-R14-100x67.webp 100w, https:\/\/www.ifbaiano.edu.br\/unidades\/santaines\/files\/2025\/06\/5191-R14.webp 1620w\" sizes=\"(max-width: 1024px) 100vw, 1024px\" \/><\/a><\/figure>\n<\/figure>\n\n\n\n<p>Para garantir a inclus\u00e3o dos estudantes dos Cursos T\u00e9cnicos integrados ao Ensino M\u00e9dio, essas oficinas foram replicadas na manh\u00e3 do dia 28 de maio, no Pavilh\u00e3o dos Cursos Superiores. O audit\u00f3rio do campus tamb\u00e9m foi um polo de atividades, transmitindo ao vivo a Confer\u00eancia de Abertura e mesas-redondas que abordaram temas cruciais como \u201cPol\u00edticas Afirmativas \u00c9tnico-Raciais no Brasil\u201d, \u201cInterseccionalidades e Pol\u00edticas Afirmativas do IF Baiano\u201d e \u201cDesafios para a Consolida\u00e7\u00e3o da Educa\u00e7\u00e3o Antirracista na Bahia\u201d. Esta \u00faltima mesa contou com a not\u00e1vel participa\u00e7\u00e3o da jornalista Val\u00e9ria Lima, neta de M\u00e3e Hilda Jitolu e fundadora do Instituto da Mulher Negra M\u00e3e Hilda Jitolu.<\/p>\n\n\n\n<div class=\"wp-block-media-text alignwide is-stacked-on-mobile\"><figure class=\"wp-block-media-text__media\"><img decoding=\"async\" loading=\"lazy\" width=\"1024\" height=\"683\" src=\"https:\/\/www.ifbaiano.edu.br\/unidades\/santaines\/files\/2025\/06\/5155-R10-1024x683.webp\" alt=\"\" class=\"wp-image-24284 size-full\" srcset=\"https:\/\/www.ifbaiano.edu.br\/unidades\/santaines\/files\/2025\/06\/5155-R10-1024x683.webp 1024w, https:\/\/www.ifbaiano.edu.br\/unidades\/santaines\/files\/2025\/06\/5155-R10-300x200.webp 300w, https:\/\/www.ifbaiano.edu.br\/unidades\/santaines\/files\/2025\/06\/5155-R10-768x512.webp 768w, https:\/\/www.ifbaiano.edu.br\/unidades\/santaines\/files\/2025\/06\/5155-R10-1536x1024.webp 1536w, https:\/\/www.ifbaiano.edu.br\/unidades\/santaines\/files\/2025\/06\/5155-R10-100x67.webp 100w, https:\/\/www.ifbaiano.edu.br\/unidades\/santaines\/files\/2025\/06\/5155-R10.webp 1620w\" sizes=\"(max-width: 1024px) 100vw, 1024px\" \/><\/figure><div class=\"wp-block-media-text__content\">\n<p>O \u00faltimo dia do evento no campus foi marcado pela Sess\u00e3o Tem\u00e1tica \u201cEduca\u00e7\u00e3o Antirracista, Interseccionalidade e Racismo Criativo\u201d. O debate foi enriquecido pelas contribui\u00e7\u00f5es do Professor Dimas Catai Santos Junior, da T\u00e9cnica em Assuntos Educacionais Merilande de Oliveira Soares Eloi, e do Licenciando em Ci\u00eancias Biol\u00f3gicas Jadson de Ara\u00fajo Amorim, com media\u00e7\u00e3o do Professor Hildon Oliveira Santiago Carade.<\/p>\n<\/div><\/div>\n\n\n\n<p><strong>Impacto e Engajamento<\/strong><\/p>\n\n\n\n<p>A V RENEABI consolidou-se como um espa\u00e7o estrat\u00e9gico para o di\u00e1logo cr\u00edtico, a forma\u00e7\u00e3o antirracista e o fortalecimento das pol\u00edticas afirmativas dentro do IF Baiano. A participa\u00e7\u00e3o expressiva da comunidade acad\u00eamica, incluindo cerca de 80 pessoas por dia no Campus Santa In\u00eas entre estudantes e servidores, e a presen\u00e7a de convidados de renome, sublinham o compromisso da institui\u00e7\u00e3o com a constru\u00e7\u00e3o de uma sociedade mais justa e inclusiva. O evento mobilizou professores, t\u00e9cnicos administrativos e estudantes n\u00e3o apenas como p\u00fablico, mas tamb\u00e9m na organiza\u00e7\u00e3o e condu\u00e7\u00e3o das atividades.<\/p>\n\n\n\n<p>Merilande de Oliveira Soares Eloi, T\u00e9cnica em Assuntos Educacionais do IF Baiano \u2013 Campus Santa In\u00eas, resumiu a experi\u00eancia: \u201cParticipar da V RENEABI foi uma experi\u00eancia enriquecedora. Tivemos a oportunidade de aprofundar discuss\u00f5es sobre a import\u00e2ncia da educa\u00e7\u00e3o antirracista e compartilhar pr\u00e1ticas que j\u00e1 est\u00e3o em curso no nosso campus. Foi um momento potente de troca e aprendizado coletivo.\u201d<\/p>\n\n\n\n<figure class=\"wp-block-gallery has-nested-images columns-default is-cropped wp-block-gallery-5 is-layout-flex\">\n<figure class=\"wp-block-image size-large\"><a href=\"https:\/\/www.ifbaiano.edu.br\/unidades\/santaines\/files\/2025\/06\/5146-R9.webp\"><img decoding=\"async\" loading=\"lazy\" width=\"1024\" height=\"683\" data-id=\"24283\"  src=\"https:\/\/www.ifbaiano.edu.br\/unidades\/santaines\/files\/2025\/06\/5146-R9-1024x683.webp\" alt=\"\" class=\"wp-image-24283\" srcset=\"https:\/\/www.ifbaiano.edu.br\/unidades\/santaines\/files\/2025\/06\/5146-R9-1024x683.webp 1024w, https:\/\/www.ifbaiano.edu.br\/unidades\/santaines\/files\/2025\/06\/5146-R9-300x200.webp 300w, https:\/\/www.ifbaiano.edu.br\/unidades\/santaines\/files\/2025\/06\/5146-R9-768x512.webp 768w, https:\/\/www.ifbaiano.edu.br\/unidades\/santaines\/files\/2025\/06\/5146-R9-1536x1024.webp 1536w, https:\/\/www.ifbaiano.edu.br\/unidades\/santaines\/files\/2025\/06\/5146-R9-100x67.webp 100w, https:\/\/www.ifbaiano.edu.br\/unidades\/santaines\/files\/2025\/06\/5146-R9.webp 1620w\" sizes=\"(max-width: 1024px) 100vw, 1024px\" \/><\/a><\/figure>\n\n\n\n<figure class=\"wp-block-image size-large\"><a href=\"https:\/\/www.ifbaiano.edu.br\/unidades\/santaines\/files\/2025\/06\/5100-R4.webp\"><img decoding=\"async\" loading=\"lazy\" width=\"1024\" height=\"632\" data-id=\"24278\"  src=\"https:\/\/www.ifbaiano.edu.br\/unidades\/santaines\/files\/2025\/06\/5100-R4-1024x632.webp\" alt=\"\" class=\"wp-image-24278\" srcset=\"https:\/\/www.ifbaiano.edu.br\/unidades\/santaines\/files\/2025\/06\/5100-R4-1024x632.webp 1024w, https:\/\/www.ifbaiano.edu.br\/unidades\/santaines\/files\/2025\/06\/5100-R4-300x185.webp 300w, https:\/\/www.ifbaiano.edu.br\/unidades\/santaines\/files\/2025\/06\/5100-R4-768x474.webp 768w, https:\/\/www.ifbaiano.edu.br\/unidades\/santaines\/files\/2025\/06\/5100-R4-1536x947.webp 1536w, https:\/\/www.ifbaiano.edu.br\/unidades\/santaines\/files\/2025\/06\/5100-R4-100x62.webp 100w, https:\/\/www.ifbaiano.edu.br\/unidades\/santaines\/files\/2025\/06\/5100-R4.webp 1751w\" sizes=\"(max-width: 1024px) 100vw, 1024px\" \/><\/a><\/figure>\n\n\n\n<figure class=\"wp-block-image size-large\"><a href=\"https:\/\/www.ifbaiano.edu.br\/unidades\/santaines\/files\/2025\/06\/5083-R2.webp\"><img decoding=\"async\" loading=\"lazy\" width=\"1024\" height=\"683\" data-id=\"24276\"  src=\"https:\/\/www.ifbaiano.edu.br\/unidades\/santaines\/files\/2025\/06\/5083-R2-1024x683.webp\" alt=\"\" class=\"wp-image-24276\" srcset=\"https:\/\/www.ifbaiano.edu.br\/unidades\/santaines\/files\/2025\/06\/5083-R2-1024x683.webp 1024w, https:\/\/www.ifbaiano.edu.br\/unidades\/santaines\/files\/2025\/06\/5083-R2-300x200.webp 300w, https:\/\/www.ifbaiano.edu.br\/unidades\/santaines\/files\/2025\/06\/5083-R2-768x512.webp 768w, https:\/\/www.ifbaiano.edu.br\/unidades\/santaines\/files\/2025\/06\/5083-R2-1536x1024.webp 1536w, https:\/\/www.ifbaiano.edu.br\/unidades\/santaines\/files\/2025\/06\/5083-R2-100x67.webp 100w, https:\/\/www.ifbaiano.edu.br\/unidades\/santaines\/files\/2025\/06\/5083-R2.webp 1620w\" sizes=\"(max-width: 1024px) 100vw, 1024px\" \/><\/a><\/figure>\n\n\n\n<figure class=\"wp-block-image size-large\"><a href=\"https:\/\/www.ifbaiano.edu.br\/unidades\/santaines\/files\/2025\/06\/5137-R8.webp\"><img decoding=\"async\" loading=\"lazy\" width=\"1024\" height=\"683\" data-id=\"24282\"  src=\"https:\/\/www.ifbaiano.edu.br\/unidades\/santaines\/files\/2025\/06\/5137-R8-1024x683.webp\" alt=\"\" class=\"wp-image-24282\" srcset=\"https:\/\/www.ifbaiano.edu.br\/unidades\/santaines\/files\/2025\/06\/5137-R8-1024x683.webp 1024w, https:\/\/www.ifbaiano.edu.br\/unidades\/santaines\/files\/2025\/06\/5137-R8-300x200.webp 300w, https:\/\/www.ifbaiano.edu.br\/unidades\/santaines\/files\/2025\/06\/5137-R8-768x512.webp 768w, https:\/\/www.ifbaiano.edu.br\/unidades\/santaines\/files\/2025\/06\/5137-R8-1536x1024.webp 1536w, https:\/\/www.ifbaiano.edu.br\/unidades\/santaines\/files\/2025\/06\/5137-R8-100x67.webp 100w, https:\/\/www.ifbaiano.edu.br\/unidades\/santaines\/files\/2025\/06\/5137-R8.webp 1620w\" sizes=\"(max-width: 1024px) 100vw, 1024px\" \/><\/a><\/figure>\n\n\n\n<figure class=\"wp-block-image size-large\"><a href=\"https:\/\/www.ifbaiano.edu.br\/unidades\/santaines\/files\/2025\/06\/5172-R12.webp\"><img decoding=\"async\" loading=\"lazy\" width=\"1024\" height=\"683\" data-id=\"24286\"  src=\"https:\/\/www.ifbaiano.edu.br\/unidades\/santaines\/files\/2025\/06\/5172-R12-1024x683.webp\" alt=\"\" class=\"wp-image-24286\" srcset=\"https:\/\/www.ifbaiano.edu.br\/unidades\/santaines\/files\/2025\/06\/5172-R12-1024x683.webp 1024w, https:\/\/www.ifbaiano.edu.br\/unidades\/santaines\/files\/2025\/06\/5172-R12-300x200.webp 300w, https:\/\/www.ifbaiano.edu.br\/unidades\/santaines\/files\/2025\/06\/5172-R12-768x512.webp 768w, https:\/\/www.ifbaiano.edu.br\/unidades\/santaines\/files\/2025\/06\/5172-R12-1536x1024.webp 1536w, https:\/\/www.ifbaiano.edu.br\/unidades\/santaines\/files\/2025\/06\/5172-R12-100x67.webp 100w, https:\/\/www.ifbaiano.edu.br\/unidades\/santaines\/files\/2025\/06\/5172-R12.webp 1620w\" sizes=\"(max-width: 1024px) 100vw, 1024px\" \/><\/a><\/figure>\n\n\n\n<figure class=\"wp-block-image size-large\"><a href=\"https:\/\/www.ifbaiano.edu.br\/unidades\/santaines\/files\/2025\/06\/5182-R13.webp\"><img decoding=\"async\" loading=\"lazy\" width=\"1024\" height=\"683\" data-id=\"24287\"  src=\"https:\/\/www.ifbaiano.edu.br\/unidades\/santaines\/files\/2025\/06\/5182-R13-1024x683.webp\" alt=\"\" class=\"wp-image-24287\" srcset=\"https:\/\/www.ifbaiano.edu.br\/unidades\/santaines\/files\/2025\/06\/5182-R13-1024x683.webp 1024w, https:\/\/www.ifbaiano.edu.br\/unidades\/santaines\/files\/2025\/06\/5182-R13-300x200.webp 300w, https:\/\/www.ifbaiano.edu.br\/unidades\/santaines\/files\/2025\/06\/5182-R13-768x512.webp 768w, https:\/\/www.ifbaiano.edu.br\/unidades\/santaines\/files\/2025\/06\/5182-R13-1536x1024.webp 1536w, https:\/\/www.ifbaiano.edu.br\/unidades\/santaines\/files\/2025\/06\/5182-R13-100x67.webp 100w, https:\/\/www.ifbaiano.edu.br\/unidades\/santaines\/files\/2025\/06\/5182-R13.webp 1620w\" sizes=\"(max-width: 1024px) 100vw, 1024px\" \/><\/a><\/figure>\n\n\n\n<figure class=\"wp-block-image size-large\"><a href=\"https:\/\/www.ifbaiano.edu.br\/unidades\/santaines\/files\/2025\/06\/5200-R15.webp\"><img decoding=\"async\" loading=\"lazy\" width=\"1024\" height=\"683\" data-id=\"24289\"  src=\"https:\/\/www.ifbaiano.edu.br\/unidades\/santaines\/files\/2025\/06\/5200-R15-1024x683.webp\" alt=\"\" class=\"wp-image-24289\" srcset=\"https:\/\/www.ifbaiano.edu.br\/unidades\/santaines\/files\/2025\/06\/5200-R15-1024x683.webp 1024w, https:\/\/www.ifbaiano.edu.br\/unidades\/santaines\/files\/2025\/06\/5200-R15-300x200.webp 300w, https:\/\/www.ifbaiano.edu.br\/unidades\/santaines\/files\/2025\/06\/5200-R15-768x512.webp 768w, https:\/\/www.ifbaiano.edu.br\/unidades\/santaines\/files\/2025\/06\/5200-R15-1536x1024.webp 1536w, https:\/\/www.ifbaiano.edu.br\/unidades\/santaines\/files\/2025\/06\/5200-R15-100x67.webp 100w, https:\/\/www.ifbaiano.edu.br\/unidades\/santaines\/files\/2025\/06\/5200-R15.webp 1620w\" sizes=\"(max-width: 1024px) 100vw, 1024px\" \/><\/a><\/figure>\n\n\n\n<figure class=\"wp-block-image size-large\"><a href=\"https:\/\/www.ifbaiano.edu.br\/unidades\/santaines\/files\/2025\/06\/5164-R11.webp\"><img decoding=\"async\" loading=\"lazy\" width=\"1024\" height=\"683\" data-id=\"24285\"  src=\"https:\/\/www.ifbaiano.edu.br\/unidades\/santaines\/files\/2025\/06\/5164-R11-1024x683.webp\" alt=\"\" class=\"wp-image-24285\" srcset=\"https:\/\/www.ifbaiano.edu.br\/unidades\/santaines\/files\/2025\/06\/5164-R11-1024x683.webp 1024w, https:\/\/www.ifbaiano.edu.br\/unidades\/santaines\/files\/2025\/06\/5164-R11-300x200.webp 300w, https:\/\/www.ifbaiano.edu.br\/unidades\/santaines\/files\/2025\/06\/5164-R11-768x512.webp 768w, https:\/\/www.ifbaiano.edu.br\/unidades\/santaines\/files\/2025\/06\/5164-R11-1536x1024.webp 1536w, https:\/\/www.ifbaiano.edu.br\/unidades\/santaines\/files\/2025\/06\/5164-R11-100x67.webp 100w, https:\/\/www.ifbaiano.edu.br\/unidades\/santaines\/files\/2025\/06\/5164-R11.webp 1620w\" sizes=\"(max-width: 1024px) 100vw, 1024px\" \/><\/a><\/figure>\n<\/figure>\n\n\n\n<hr class=\"wp-block-separator has-alpha-channel-opacity\" \/>\n","protected":false},"excerpt":{"rendered":"<p>Evento multicampi, realizado entre 27 e 29 de maio, mobilizou comunidade acad\u00eamica em Salvador e nos 14 campi da institui\u00e7\u00e3o, incluindo Santa In\u00eas, em torno do debate sobre cidadania plena e enfrentamento ao racismo.<\/p>\n","protected":false},"author":86,"featured_media":24290,"comment_status":"closed","ping_status":"closed","sticky":false,"template":"","format":"standard","meta":[],"categories":[4,5,57],"tags":[],"_links":{"self":[{"href":"https:\/\/www.ifbaiano.edu.br\/unidades\/santaines\/wp-json\/wp\/v2\/posts\/24274"}],"collection":[{"href":"https:\/\/www.ifbaiano.edu.br\/unidades\/santaines\/wp-json\/wp\/v2\/posts"}],"about":[{"href":"https:\/\/www.ifbaiano.edu.br\/unidades\/santaines\/wp-json\/wp\/v2\/types\/post"}],"author":[{"embeddable":true,"href":"https:\/\/www.ifbaiano.edu.br\/unidades\/santaines\/wp-json\/wp\/v2\/users\/86"}],"replies":[{"embeddable":true,"href":"https:\/\/www.ifbaiano.edu.br\/unidades\/santaines\/wp-json\/wp\/v2\/comments?post=24274"}],"version-history":[{"count":1,"href":"https:\/\/www.ifbaiano.edu.br\/unidades\/santaines\/wp-json\/wp\/v2\/posts\/24274\/revisions"}],"predecessor-version":[{"id":24291,"href":"https:\/\/www.ifbaiano.edu.br\/unidades\/santaines\/wp-json\/wp\/v2\/posts\/24274\/revisions\/24291"}],"wp:featuredmedia":[{"embeddable":true,"href":"https:\/\/www.ifbaiano.edu.br\/unidades\/santaines\/wp-json\/wp\/v2\/media\/24290"}],"wp:attachment":[{"href":"https:\/\/www.ifbaiano.edu.br\/unidades\/santaines\/wp-json\/wp\/v2\/media?parent=24274"}],"wp:term":[{"taxonomy":"category","embeddable":true,"href":"https:\/\/www.ifbaiano.edu.br\/unidades\/santaines\/wp-json\/wp\/v2\/categories?post=24274"},{"taxonomy":"post_tag","embeddable":true,"href":"https:\/\/www.ifbaiano.edu.br\/unidades\/santaines\/wp-json\/wp\/v2\/tags?post=24274"}],"curies":[{"name":"wp","href":"https:\/\/api.w.org\/{rel}","templated":true}]}}