{"id":24294,"date":"2025-06-04T14:52:43","date_gmt":"2025-06-04T17:52:43","guid":{"rendered":"https:\/\/www.ifbaiano.edu.br\/unidades\/santaines\/?p=24294"},"modified":"2025-06-04T14:52:44","modified_gmt":"2025-06-04T17:52:44","slug":"resultado-final-de-selecao-para-professor-substituto-de-educacao-fisica-e-divulgado-pelo-campus-santa-ines","status":"publish","type":"post","link":"https:\/\/www.ifbaiano.edu.br\/unidades\/santaines\/resultado-final-de-selecao-para-professor-substituto-de-educacao-fisica-e-divulgado-pelo-campus-santa-ines\/","title":{"rendered":"Resultado Final de Sele\u00e7\u00e3o para Professor Substituto de Educa\u00e7\u00e3o F\u00edsica \u00e9 divulgado pelo Campus Santa In\u00eas"},"content":{"rendered":"\n<p>O Instituto Federal de Educa\u00e7\u00e3o, Ci\u00eancia e Tecnologia Baiano (IF Baiano) \u2013 Campus Santa In\u00eas divulgou nesta quarta-feira, 04 de junho de 2025, o <a rel=\"noreferrer noopener\" href=\"https:\/\/concurso.ifbaiano.edu.br\/portal\/substituto-santa-ines-maio-2025\/wp-content\/uploads\/sites\/1194\/2025\/06\/Resultado-final-da-selec%CC%A7a%CC%83o-para-professor-subst-de-educac%CC%A7a%CC%83o-fi%CC%81sica.pdf\" target=\"_blank\">resultado final<\/a> do Processo Seletivo Simplificado para a contrata\u00e7\u00e3o de Professor Substituto de Educa\u00e7\u00e3o F\u00edsica. A sele\u00e7\u00e3o, regida pelo <a rel=\"noreferrer noopener\" href=\"https:\/\/concurso.ifbaiano.edu.br\/portal\/substituto-santa-ines-maio-2025\/wp-content\/uploads\/sites\/1194\/2025\/05\/Edital-no-109_2025-Professor-Substituto.pdf\" target=\"_blank\">Edital n\u00ba 109<\/a>, de 06 de maio de 2025, visa preencher vagas tempor\u00e1rias na institui\u00e7\u00e3o.<\/p>\n\n\n\n<p>Cinco candidatos foram classificados. A nota final dos candidatos foi calculada atrav\u00e9s de uma m\u00e9dia aritm\u00e9tica ponderada, considerando o Desempenho Did\u00e1tico (com peso 7) e a Pontua\u00e7\u00e3o na Prova de T\u00edtulos (com peso 3), conforme a f\u00f3rmula\u00a0NF = ([DDx7] + [PTx3]) \/ 10.<\/p>\n\n\n\n<p>O documento detalha os motivos de candidatos terem sido desclassificados, informa sobre o tratamento dos recursos interpostos e tamb\u00e9m sobre notas detalhadas dos recursos indeferidos.<\/p>\n\n\n\n<p>Os interessados podem conferir o resultado completo e demais informa\u00e7\u00f5es sobre o processo seletivo no <a href=\"https:\/\/concurso.ifbaiano.edu.br\/portal\/substituto-santa-ines-maio-2025\/\">portal oficial do IF Baiano<\/a>.<\/p>\n\n\n\n<hr class=\"wp-block-separator has-alpha-channel-opacity\" \/>\n","protected":false},"excerpt":{"rendered":"<p>O Instituto Federal de Educa\u00e7\u00e3o, Ci\u00eancia e Tecnologia Baiano (IF Baiano) \u2013 Campus Santa In\u00eas divulgou nesta quarta-feira, 04 de junho de 2025, o resultado final do Processo Seletivo Simplificado para a contrata\u00e7\u00e3o de Professor Substituto de Educa\u00e7\u00e3o F\u00edsica. A sele\u00e7\u00e3o, regida pelo Edital n\u00ba 109, de 06 de maio de 2025, visa preencher vagas [&hellip;]<\/p>\n","protected":false},"author":86,"featured_media":24010,"comment_status":"closed","ping_status":"closed","sticky":false,"template":"","format":"standard","meta":[],"categories":[4,5,8,57],"tags":[],"_links":{"self":[{"href":"https:\/\/www.ifbaiano.edu.br\/unidades\/santaines\/wp-json\/wp\/v2\/posts\/24294"}],"collection":[{"href":"https:\/\/www.ifbaiano.edu.br\/unidades\/santaines\/wp-json\/wp\/v2\/posts"}],"about":[{"href":"https:\/\/www.ifbaiano.edu.br\/unidades\/santaines\/wp-json\/wp\/v2\/types\/post"}],"author":[{"embeddable":true,"href":"https:\/\/www.ifbaiano.edu.br\/unidades\/santaines\/wp-json\/wp\/v2\/users\/86"}],"replies":[{"embeddable":true,"href":"https:\/\/www.ifbaiano.edu.br\/unidades\/santaines\/wp-json\/wp\/v2\/comments?post=24294"}],"version-history":[{"count":1,"href":"https:\/\/www.ifbaiano.edu.br\/unidades\/santaines\/wp-json\/wp\/v2\/posts\/24294\/revisions"}],"predecessor-version":[{"id":24298,"href":"https:\/\/www.ifbaiano.edu.br\/unidades\/santaines\/wp-json\/wp\/v2\/posts\/24294\/revisions\/24298"}],"wp:featuredmedia":[{"embeddable":true,"href":"https:\/\/www.ifbaiano.edu.br\/unidades\/santaines\/wp-json\/wp\/v2\/media\/24010"}],"wp:attachment":[{"href":"https:\/\/www.ifbaiano.edu.br\/unidades\/santaines\/wp-json\/wp\/v2\/media?parent=24294"}],"wp:term":[{"taxonomy":"category","embeddable":true,"href":"https:\/\/www.ifbaiano.edu.br\/unidades\/santaines\/wp-json\/wp\/v2\/categories?post=24294"},{"taxonomy":"post_tag","embeddable":true,"href":"https:\/\/www.ifbaiano.edu.br\/unidades\/santaines\/wp-json\/wp\/v2\/tags?post=24294"}],"curies":[{"name":"wp","href":"https:\/\/api.w.org\/{rel}","templated":true}]}}