{"id":24299,"date":"2025-06-05T08:27:14","date_gmt":"2025-06-05T11:27:14","guid":{"rendered":"https:\/\/www.ifbaiano.edu.br\/unidades\/santaines\/?p=24299"},"modified":"2025-06-05T08:27:15","modified_gmt":"2025-06-05T11:27:15","slug":"campus-santa-ines-divulga-resultado-preliminar-da-banca-de-heteroidentificacao-para-estagio-de-nivel-medio","status":"publish","type":"post","link":"https:\/\/www.ifbaiano.edu.br\/unidades\/santaines\/campus-santa-ines-divulga-resultado-preliminar-da-banca-de-heteroidentificacao-para-estagio-de-nivel-medio\/","title":{"rendered":"Campus Santa In\u00eas divulga resultado preliminar da banca de heteroidentifica\u00e7\u00e3o para est\u00e1gio de n\u00edvel m\u00e9dio"},"content":{"rendered":"\n<p>O Instituto Federal Baiano (IF Baiano) \u2013 Campus Santa In\u00eas tornou p\u00fablico, nesta quinta-feira (05 de junho de 2025), o <a rel=\"noreferrer noopener\" href=\"https:\/\/concurso.ifbaiano.edu.br\/portal\/selecao-estagio-santa-ines-abril-2025\/wp-content\/uploads\/sites\/1178\/2025\/06\/Resultado-Banca-de-Heteroidentificacao.pdf\" target=\"_blank\">Resultado parcial da Banca de Heteroidentifica\u00e7\u00e3o<\/a> referente ao Processo Seletivo de Estagi\u00e1rios de N\u00edvel M\u00e9dio 2025, regido pelo <a rel=\"noreferrer noopener\" href=\"https:\/\/concurso.ifbaiano.edu.br\/portal\/selecao-estagio-santa-ines-abril-2025\/wp-content\/uploads\/sites\/1178\/2025\/04\/EDITAL-No-11_2025-SELECAO-DE-ESTAGIARIOS.pdf\" target=\"_blank\">Edital n\u00ba 11\/2025<\/a>.<\/p>\n\n\n\n<p>A etapa de heteroidentifica\u00e7\u00e3o \u00e9 destinada aos candidatos que se autodeclararam pretos, pardos ou ind\u00edgenas (PPI) e concorrem \u00e0s vagas reservadas por cotas. A lista divulgada apresenta o nome dos candidatos e a respectiva situa\u00e7\u00e3o (deferida ou indeferida) ap\u00f3s a avalia\u00e7\u00e3o da banca.<\/p>\n\n\n\n<p>Os candidatos que desejarem interpor recurso contra o resultado preliminar da banca de heteroidentifica\u00e7\u00e3o dever\u00e3o faz\u00ea-lo entre as 14h do dia 05 de junho e as 14h do dia 06 de junho de 2025. Para isso, \u00e9 necess\u00e1rio preencher o Formul\u00e1rio de Recurso (ANEXO III do <a rel=\"noreferrer noopener\" href=\"https:\/\/concurso.ifbaiano.edu.br\/portal\/selecao-estagio-santa-ines-abril-2025\/wp-content\/uploads\/sites\/1178\/2025\/04\/EDITAL-No-11_2025-SELECAO-DE-ESTAGIARIOS.pdf\" target=\"_blank\">Edital n\u00ba 11\/2025<\/a>), apresentar a devida fundamenta\u00e7\u00e3o e envi\u00e1-lo para o e-mail:\u00a0<a rel=\"noreferrer noopener\" href=\"https:\/\/www.google.com\/url?sa=E&amp;q=mailto%3Acomissao.estagio%40si.ifbaiano.edu.br\" target=\"_blank\">comissao.estagio@si.ifbaiano.edu.br<\/a>.<\/p>\n\n\n\n<p>A Comiss\u00e3o do Processo Seletivo de Estagi\u00e1rios 2025 refor\u00e7a a import\u00e2ncia de os candidatos acompanharem todas as publica\u00e7\u00f5es e prazos. O documento com o resultado preliminar da heteroidentifica\u00e7\u00e3o, o edital completo e todos os anexos est\u00e3o dispon\u00edveis no <a href=\"https:\/\/concurso.ifbaiano.edu.br\/portal\/selecao-estagio-santa-ines-abril-2025\/\">portal oficial do IF Baiano<\/a>.<\/p>\n\n\n\n<hr class=\"wp-block-separator has-alpha-channel-opacity\" \/>\n","protected":false},"excerpt":{"rendered":"<p>O Instituto Federal Baiano (IF Baiano) \u2013 Campus Santa In\u00eas tornou p\u00fablico, nesta quinta-feira (05 de junho de 2025), o Resultado parcial da Banca de Heteroidentifica\u00e7\u00e3o referente ao Processo Seletivo de Estagi\u00e1rios de N\u00edvel M\u00e9dio 2025, regido pelo Edital n\u00ba 11\/2025. A etapa de heteroidentifica\u00e7\u00e3o \u00e9 destinada aos candidatos que se autodeclararam pretos, pardos ou [&hellip;]<\/p>\n","protected":false},"author":86,"featured_media":23702,"comment_status":"closed","ping_status":"closed","sticky":false,"template":"","format":"standard","meta":[],"categories":[4,5,8,57],"tags":[],"_links":{"self":[{"href":"https:\/\/www.ifbaiano.edu.br\/unidades\/santaines\/wp-json\/wp\/v2\/posts\/24299"}],"collection":[{"href":"https:\/\/www.ifbaiano.edu.br\/unidades\/santaines\/wp-json\/wp\/v2\/posts"}],"about":[{"href":"https:\/\/www.ifbaiano.edu.br\/unidades\/santaines\/wp-json\/wp\/v2\/types\/post"}],"author":[{"embeddable":true,"href":"https:\/\/www.ifbaiano.edu.br\/unidades\/santaines\/wp-json\/wp\/v2\/users\/86"}],"replies":[{"embeddable":true,"href":"https:\/\/www.ifbaiano.edu.br\/unidades\/santaines\/wp-json\/wp\/v2\/comments?post=24299"}],"version-history":[{"count":1,"href":"https:\/\/www.ifbaiano.edu.br\/unidades\/santaines\/wp-json\/wp\/v2\/posts\/24299\/revisions"}],"predecessor-version":[{"id":24300,"href":"https:\/\/www.ifbaiano.edu.br\/unidades\/santaines\/wp-json\/wp\/v2\/posts\/24299\/revisions\/24300"}],"wp:featuredmedia":[{"embeddable":true,"href":"https:\/\/www.ifbaiano.edu.br\/unidades\/santaines\/wp-json\/wp\/v2\/media\/23702"}],"wp:attachment":[{"href":"https:\/\/www.ifbaiano.edu.br\/unidades\/santaines\/wp-json\/wp\/v2\/media?parent=24299"}],"wp:term":[{"taxonomy":"category","embeddable":true,"href":"https:\/\/www.ifbaiano.edu.br\/unidades\/santaines\/wp-json\/wp\/v2\/categories?post=24299"},{"taxonomy":"post_tag","embeddable":true,"href":"https:\/\/www.ifbaiano.edu.br\/unidades\/santaines\/wp-json\/wp\/v2\/tags?post=24299"}],"curies":[{"name":"wp","href":"https:\/\/api.w.org\/{rel}","templated":true}]}}