{"id":24305,"date":"2025-06-05T17:19:29","date_gmt":"2025-06-05T20:19:29","guid":{"rendered":"https:\/\/www.ifbaiano.edu.br\/unidades\/santaines\/?p=24305"},"modified":"2025-06-05T17:19:29","modified_gmt":"2025-06-05T20:19:29","slug":"if-baiano-campus-santa-ines-divulga-lista-de-selecionados-no-paise-2025","status":"publish","type":"post","link":"https:\/\/www.ifbaiano.edu.br\/unidades\/santaines\/if-baiano-campus-santa-ines-divulga-lista-de-selecionados-no-paise-2025\/","title":{"rendered":"IF Baiano &#8211; Campus Santa In\u00eas divulga lista de selecionados no PAISE 2025"},"content":{"rendered":"\n<p>O Campus Santa In\u00eas do Instituto Federal Baiano tornou p\u00fablica a lista de estudantes selecionados no Programa de Assist\u00eancia e Inclus\u00e3o Social do Estudante (PAISE), referente ao <a rel=\"noreferrer noopener\" href=\"https:\/\/concurso.ifbaiano.edu.br\/portal\/paise-santa-ines-marco-2025\/wp-content\/uploads\/sites\/1166\/2025\/03\/Edital-PAISE-2025.pdf\" target=\"_blank\">Edital n\u00ba 09\/2025<\/a>, de 18 de mar\u00e7o de 2025. Os resultados contemplam diversas modalidades de aux\u00edlio, visando apoiar a perman\u00eancia e o \u00eaxito dos estudantes na institui\u00e7\u00e3o.<\/p>\n\n\n\n<p>Foram divulgadas as listas de contemplados para os seguintes aux\u00edlios:<\/p>\n\n\n\n<ul>\n<li><strong><a href=\"https:\/\/concurso.ifbaiano.edu.br\/portal\/paise-santa-ines-marco-2025\/wp-content\/uploads\/sites\/1166\/2025\/06\/LISTA-DE-SELECIONADOS-PAISE-2025-MORADIA.pdf\">Aux\u00edlio Moradia<\/a><\/strong><\/li>\n\n\n\n<li><strong><a href=\"https:\/\/concurso.ifbaiano.edu.br\/portal\/paise-santa-ines-marco-2025\/wp-content\/uploads\/sites\/1166\/2025\/06\/LISTA-DE-SELECIONADOS-PAISE-2025-CRECHE.pdf\">Aux\u00edlio Creche<\/a><\/strong><\/li>\n\n\n\n<li><strong><a href=\"https:\/\/concurso.ifbaiano.edu.br\/portal\/paise-santa-ines-marco-2025\/wp-content\/uploads\/sites\/1166\/2025\/06\/LISTA-DE-SELECIONADOS-PAISE-2025-TRANSPORTE-GRADUACAO.pdf\">Aux\u00edlio Transporte Gradua\u00e7\u00e3o<\/a><\/strong><\/li>\n\n\n\n<li><strong><a href=\"https:\/\/concurso.ifbaiano.edu.br\/portal\/paise-santa-ines-marco-2025\/wp-content\/uploads\/sites\/1166\/2025\/06\/LISTA-DE-SELECIONADOS-PAISE-2025-TRANSPORTE-MEDIO.pdf\">Aux\u00edlio Transporte M\u00e9dio<\/a><\/strong><\/li>\n\n\n\n<li><strong><a href=\"https:\/\/concurso.ifbaiano.edu.br\/portal\/paise-santa-ines-marco-2025\/wp-content\/uploads\/sites\/1166\/2025\/06\/LISTA-DE-SELECIONADOS-PAISE-2025-TRANSPORTE-RESIDENTE.pdf\">Aux\u00edlio Transporte Residente<\/a><\/strong><\/li>\n\n\n\n<li><strong><a href=\"https:\/\/concurso.ifbaiano.edu.br\/portal\/paise-santa-ines-marco-2025\/wp-content\/uploads\/sites\/1166\/2025\/06\/LISTA-DE-SELECIONADOS-PAISE-2025-TRANSPORTE-SUBSEQUENTE-EAD-TEC-INFORMATICA.pdf\">Aux\u00edlio Transporte Subsequente (EAD e T\u00e9c. em Inform\u00e1tica)<\/a><\/strong><\/li>\n\n\n\n<li><strong><a href=\"https:\/\/concurso.ifbaiano.edu.br\/portal\/paise-santa-ines-marco-2025\/wp-content\/uploads\/sites\/1166\/2025\/06\/LISTA-DE-SELECIONADOS-PAISE-2025-PERMANENCIA.pdf\">Aux\u00edlio Perman\u00eancia<\/a><\/strong><\/li>\n\n\n\n<li><strong><a href=\"https:\/\/concurso.ifbaiano.edu.br\/portal\/paise-santa-ines-marco-2025\/wp-content\/uploads\/sites\/1166\/2025\/06\/LISTA-DE-SELECIONADOS-PAISE-2025-COPIA-E-IMPRESSAO.pdf\">Aux\u00edlio C\u00f3pia e Impress\u00e3o<\/a><\/strong><\/li>\n<\/ul>\n\n\n\n<p>Foi publicado, tamb\u00e9m nesta data, o quadro de <a href=\"https:\/\/concurso.ifbaiano.edu.br\/portal\/paise-santa-ines-marco-2025\/wp-content\/uploads\/sites\/1166\/2025\/06\/ANEXO-II-DISTRIBUICAO-DE-RECURSOS-E-VAGAS-PAISE-EDITAL-No-09-2025.pdf\">Distribui\u00e7\u00e3o dos Recursos e Vagas<\/a>, conforme prev\u00ea itens 8.3 e 8.3.1 do <a rel=\"noreferrer noopener\" href=\"https:\/\/concurso.ifbaiano.edu.br\/portal\/paise-santa-ines-marco-2025\/wp-content\/uploads\/sites\/1166\/2025\/03\/Edital-PAISE-2025.pdf\" target=\"_blank\">edital<\/a>.<\/p>\n\n\n\n<p>O PAISE \u00e9 uma importante iniciativa da Coordena\u00e7\u00e3o de Assuntos Estudantis (CAE) e da Comiss\u00e3o Local de Assist\u00eancia Estudantil (CLAE) do campus, que busca oferecer suporte financeiro para custear despesas relacionadas \u00e0 vida acad\u00eamica, contribuindo para a redu\u00e7\u00e3o da evas\u00e3o e promovendo a igualdade de oportunidades.<\/p>\n\n\n\n<p>Os estudantes devem verificar atentamente as listas para conferir sua situa\u00e7\u00e3o (contemplado(a) ou desclassificado(a)) e o curso correspondente. \u00c9 fundamental que os selecionados fiquem atentos aos pr\u00f3ximos comunicados e orienta\u00e7\u00f5es do IF Baiano Campus Santa In\u00eas sobre os procedimentos para recebimento dos aux\u00edlios.<\/p>\n\n\n\n<p>Todas as listas de selecionados e demais documentos referentes ao Edital N\u00ba 09\/2025 do PAISE est\u00e3o dispon\u00edveis para consulta no portal oficial do IF Baiano, na <a href=\"https:\/\/concurso.ifbaiano.edu.br\/portal\/paise-santa-ines-marco-2025\/\">p\u00e1gina espec\u00edfica do processo seletivo &#8211; PAISE 2025<\/a>.<\/p>\n\n\n\n<p>O IF Baiano parabeniza todos os estudantes contemplados e refor\u00e7a seu compromisso com a assist\u00eancia estudantil e a inclus\u00e3o social.<\/p>\n\n\n\n<hr class=\"wp-block-separator has-alpha-channel-opacity\" \/>\n","protected":false},"excerpt":{"rendered":"<p>Candidatos contemplados nos aux\u00edlios Moradia, Creche, Transporte, Perman\u00eancia e C\u00f3pia e Impress\u00e3o j\u00e1 podem conferir os resultados.<\/p>\n","protected":false},"author":86,"featured_media":23346,"comment_status":"closed","ping_status":"closed","sticky":false,"template":"","format":"standard","meta":[],"categories":[4,5,57],"tags":[],"_links":{"self":[{"href":"https:\/\/www.ifbaiano.edu.br\/unidades\/santaines\/wp-json\/wp\/v2\/posts\/24305"}],"collection":[{"href":"https:\/\/www.ifbaiano.edu.br\/unidades\/santaines\/wp-json\/wp\/v2\/posts"}],"about":[{"href":"https:\/\/www.ifbaiano.edu.br\/unidades\/santaines\/wp-json\/wp\/v2\/types\/post"}],"author":[{"embeddable":true,"href":"https:\/\/www.ifbaiano.edu.br\/unidades\/santaines\/wp-json\/wp\/v2\/users\/86"}],"replies":[{"embeddable":true,"href":"https:\/\/www.ifbaiano.edu.br\/unidades\/santaines\/wp-json\/wp\/v2\/comments?post=24305"}],"version-history":[{"count":1,"href":"https:\/\/www.ifbaiano.edu.br\/unidades\/santaines\/wp-json\/wp\/v2\/posts\/24305\/revisions"}],"predecessor-version":[{"id":24307,"href":"https:\/\/www.ifbaiano.edu.br\/unidades\/santaines\/wp-json\/wp\/v2\/posts\/24305\/revisions\/24307"}],"wp:featuredmedia":[{"embeddable":true,"href":"https:\/\/www.ifbaiano.edu.br\/unidades\/santaines\/wp-json\/wp\/v2\/media\/23346"}],"wp:attachment":[{"href":"https:\/\/www.ifbaiano.edu.br\/unidades\/santaines\/wp-json\/wp\/v2\/media?parent=24305"}],"wp:term":[{"taxonomy":"category","embeddable":true,"href":"https:\/\/www.ifbaiano.edu.br\/unidades\/santaines\/wp-json\/wp\/v2\/categories?post=24305"},{"taxonomy":"post_tag","embeddable":true,"href":"https:\/\/www.ifbaiano.edu.br\/unidades\/santaines\/wp-json\/wp\/v2\/tags?post=24305"}],"curies":[{"name":"wp","href":"https:\/\/api.w.org\/{rel}","templated":true}]}}