{"id":24384,"date":"2025-06-06T12:55:05","date_gmt":"2025-06-06T15:55:05","guid":{"rendered":"https:\/\/www.ifbaiano.edu.br\/unidades\/santaines\/?p=24384"},"modified":"2025-06-06T12:55:07","modified_gmt":"2025-06-06T15:55:07","slug":"if-baiano-inicia-revisao-dos-curriculos-dos-cursos-tecnicos-integrados","status":"publish","type":"post","link":"https:\/\/www.ifbaiano.edu.br\/unidades\/santaines\/if-baiano-inicia-revisao-dos-curriculos-dos-cursos-tecnicos-integrados\/","title":{"rendered":"IF Baiano inicia revis\u00e3o dos curr\u00edculos dos cursos t\u00e9cnicos integrados"},"content":{"rendered":"\n<p>Na pr\u00f3xima sexta-feira, 13 de junho, \u00e0s 09h00, a Diretoria de Ensino T\u00e9cnico do Instituto Federal Baiano (IF Baiano) realizar\u00e1 uma live na Plataforma RNP. O evento marca o in\u00edcio do processo de revis\u00e3o dos curr\u00edculos integrados da institui\u00e7\u00e3o.<\/p>\n\n\n\n<p>Considerada o \u201cdia D dos cursos integrados\u201d, a atividade apresentar\u00e1 o plano de a\u00e7\u00e3o para a constru\u00e7\u00e3o dos curr\u00edculos de refer\u00eancia que ir\u00e3o nortear a reformula\u00e7\u00e3o dos projetos pedag\u00f3gicos dos cursos t\u00e9cnicos integrados ao Ensino M\u00e9dio do IF Baiano, com previs\u00e3o de implementa\u00e7\u00e3o em 2026.<\/p>\n\n\n\n<p>A live ser\u00e1 transmitida ao vivo pelo link:&nbsp;<a href=\"http:\/\/conferenciaweb.rnp.br\/if-baiano\/proen-ifbaiano\">conferenciaweb.rnp.br\/if-baiano\/proen-ifbaiano<\/a><\/p>\n\n\n\n<figure class=\"wp-block-image\"><img decoding=\"async\" src=\"https:\/\/ifbaiano.edu.br\/portal\/wp-content\/uploads\/2025\/06\/4633-liveproen_.webp\" alt=\"\" class=\"wp-image-35523\" \/><\/figure>\n\n\n\n<hr class=\"wp-block-separator has-alpha-channel-opacity\" \/>\n","protected":false},"excerpt":{"rendered":"<p>Live marca o \u201cdia D\u201d dos cursos integrados e apresenta plano de a\u00e7\u00e3o para reformula\u00e7\u00e3o dos projetos pedag\u00f3gicos<\/p>\n","protected":false},"author":86,"featured_media":24385,"comment_status":"closed","ping_status":"closed","sticky":false,"template":"","format":"standard","meta":[],"categories":[4,5,57],"tags":[],"_links":{"self":[{"href":"https:\/\/www.ifbaiano.edu.br\/unidades\/santaines\/wp-json\/wp\/v2\/posts\/24384"}],"collection":[{"href":"https:\/\/www.ifbaiano.edu.br\/unidades\/santaines\/wp-json\/wp\/v2\/posts"}],"about":[{"href":"https:\/\/www.ifbaiano.edu.br\/unidades\/santaines\/wp-json\/wp\/v2\/types\/post"}],"author":[{"embeddable":true,"href":"https:\/\/www.ifbaiano.edu.br\/unidades\/santaines\/wp-json\/wp\/v2\/users\/86"}],"replies":[{"embeddable":true,"href":"https:\/\/www.ifbaiano.edu.br\/unidades\/santaines\/wp-json\/wp\/v2\/comments?post=24384"}],"version-history":[{"count":1,"href":"https:\/\/www.ifbaiano.edu.br\/unidades\/santaines\/wp-json\/wp\/v2\/posts\/24384\/revisions"}],"predecessor-version":[{"id":24386,"href":"https:\/\/www.ifbaiano.edu.br\/unidades\/santaines\/wp-json\/wp\/v2\/posts\/24384\/revisions\/24386"}],"wp:featuredmedia":[{"embeddable":true,"href":"https:\/\/www.ifbaiano.edu.br\/unidades\/santaines\/wp-json\/wp\/v2\/media\/24385"}],"wp:attachment":[{"href":"https:\/\/www.ifbaiano.edu.br\/unidades\/santaines\/wp-json\/wp\/v2\/media?parent=24384"}],"wp:term":[{"taxonomy":"category","embeddable":true,"href":"https:\/\/www.ifbaiano.edu.br\/unidades\/santaines\/wp-json\/wp\/v2\/categories?post=24384"},{"taxonomy":"post_tag","embeddable":true,"href":"https:\/\/www.ifbaiano.edu.br\/unidades\/santaines\/wp-json\/wp\/v2\/tags?post=24384"}],"curies":[{"name":"wp","href":"https:\/\/api.w.org\/{rel}","templated":true}]}}