{"id":24387,"date":"2025-06-09T15:56:02","date_gmt":"2025-06-09T18:56:02","guid":{"rendered":"https:\/\/www.ifbaiano.edu.br\/unidades\/santaines\/?p=24387"},"modified":"2025-06-09T15:56:03","modified_gmt":"2025-06-09T18:56:03","slug":"4-episodio-do-somos-mulheres-no-if-baiano-debate-a-importancia-das-acoes-afirmativas-dentro-da-instituicao","status":"publish","type":"post","link":"https:\/\/www.ifbaiano.edu.br\/unidades\/santaines\/4-episodio-do-somos-mulheres-no-if-baiano-debate-a-importancia-das-acoes-afirmativas-dentro-da-instituicao\/","title":{"rendered":"4\u00b0 epis\u00f3dio do \u201cSomos Mulheres no IF Baiano\u201d debate a import\u00e2ncia das a\u00e7\u00f5es afirmativas dentro da institui\u00e7\u00e3o"},"content":{"rendered":"\n<p>Foi lan\u00e7ado, nesta segunda-feira, 9, o quarto e \u00faltimo epis\u00f3dio, da primeira temporada, do programa \u201cSomos Mulheres no IF Baiano\u201d. O programa traz discuss\u00f5es sobre quest\u00f5es de ra\u00e7a e g\u00eanero e as a\u00e7\u00f5es adotadas no \u00e2mbito do Instituto Federal Baiano para o combate a qualquer tipo de discrimina\u00e7\u00e3o.<\/p>\n\n\n\n<p>Neste epis\u00f3dio, gravado no m\u00eas de mar\u00e7o, a apresentadora Cristina Mascarenhas, diretora de Comunica\u00e7\u00e3o do IF Baiano, recebe a ent\u00e3o coordenadora Pol\u00edticas de A\u00e7\u00f5es Afirmativas, Equidade e Diversidade, Rafaela Magalh\u00e3es, e a professora de Educa\u00e7\u00e3o F\u00edsica do campus Catu, Fernanda Palmeira.<\/p>\n\n\n\n<figure class=\"wp-block-image\"><img decoding=\"async\" src=\"https:\/\/ifbaiano.edu.br\/portal\/wp-content\/uploads\/2025\/06\/7055-CAPAS4-1024x576.webp\" alt=\"\" class=\"wp-image-35530\" \/><\/figure>\n\n\n\n<p>As convidadas abordaram experi\u00eancias e a\u00e7\u00f5es afirmativas adotadas dentro e fora da institui\u00e7\u00e3o. A professora Rafaela Magalh\u00e3es destacou a import\u00e2ncia da produ\u00e7\u00e3o de documentos que norteiem debates e a\u00e7\u00f5es e da cria\u00e7\u00e3o da Pol\u00edtica de Equidade, Diversidade e Inclus\u00e3o do IF Baiano. Ela destacou ainda a necessidade do refor\u00e7o \u00e0s a\u00e7\u00f5es de combate ao ass\u00e9dio sexual. \u201cA gente precisa enfrentar esse problema do ass\u00e9dio falando sobre ele e tamb\u00e9m fazer esse processo formativo com os nossos estudantes meninos. A gente n\u00e3o vai conseguir mudar o modelo de sociedade se a gente n\u00e3o conscientizar os estudantes meninos que esta forma que foi ensinada para eles n\u00e3o \u00e9 uma forma legal, que a gente precisa ter outro elemento de valoriza\u00e7\u00e3o, de respeito \u00e0 individualidade dessa mulher, aos seus desejos e ao que ela quer\u201d.<\/p>\n\n\n\n<p>A professora Fernanda Palmeira trouxe dados da sua pesquisa sobre a participa\u00e7\u00e3o das meninas no esporte escolar e os preconceitos que ainda existem. \u201cEu vou trazer para voc\u00eas o meu cen\u00e1rio, o campus Catu, onde eu desenvolvi a pesquisa. Hoje a gente tem um p\u00fablico do ensino m\u00e9dio integrado majoritariamente feminino, mas essa quantidade de matr\u00edculas n\u00e3o se reflete nas meninas que se inscrevem para fazer a pr\u00e1tica esportiva. O que \u00e9 que motiva esse afastamento das meninas dessa pr\u00e1tica esportiva? Um dos principais motivos que as meninas apontam como justificativa do seu afastamento \u00e9 exatamente o que os homens falam. Todas vivenciaram experi\u00eancias negativas ou traum\u00e1ticas no ponto de inferiorizar, desvalorizar, e isso fez com que elas n\u00e3o se sentissem capazes. O esporte passou a ser para elas um n\u00e3o lugar\u201d.<\/p>\n\n\n\n<p>Confira o epis\u00f3dio completo no nosso canal, a\u00a0<a rel=\"noreferrer noopener\" href=\"https:\/\/www.youtube.com\/watch?v=ubvNf5ywves\" target=\"_blank\">TV Bem Baiano<\/a>.<\/p>\n\n\n\n<hr class=\"wp-block-separator has-alpha-channel-opacity\" \/>\n","protected":false},"excerpt":{"rendered":"<p>Foi lan\u00e7ado, nesta segunda-feira, 9, o quarto e \u00faltimo epis\u00f3dio, da primeira temporada, do programa \u201cSomos Mulheres no IF Baiano\u201d. O programa traz discuss\u00f5es sobre quest\u00f5es de ra\u00e7a e g\u00eanero e as a\u00e7\u00f5es adotadas no \u00e2mbito do Instituto Federal Baiano para o combate a qualquer tipo de discrimina\u00e7\u00e3o. Neste epis\u00f3dio, gravado no m\u00eas de mar\u00e7o, [&hellip;]<\/p>\n","protected":false},"author":86,"featured_media":24388,"comment_status":"closed","ping_status":"closed","sticky":false,"template":"","format":"standard","meta":[],"categories":[4,57],"tags":[],"_links":{"self":[{"href":"https:\/\/www.ifbaiano.edu.br\/unidades\/santaines\/wp-json\/wp\/v2\/posts\/24387"}],"collection":[{"href":"https:\/\/www.ifbaiano.edu.br\/unidades\/santaines\/wp-json\/wp\/v2\/posts"}],"about":[{"href":"https:\/\/www.ifbaiano.edu.br\/unidades\/santaines\/wp-json\/wp\/v2\/types\/post"}],"author":[{"embeddable":true,"href":"https:\/\/www.ifbaiano.edu.br\/unidades\/santaines\/wp-json\/wp\/v2\/users\/86"}],"replies":[{"embeddable":true,"href":"https:\/\/www.ifbaiano.edu.br\/unidades\/santaines\/wp-json\/wp\/v2\/comments?post=24387"}],"version-history":[{"count":1,"href":"https:\/\/www.ifbaiano.edu.br\/unidades\/santaines\/wp-json\/wp\/v2\/posts\/24387\/revisions"}],"predecessor-version":[{"id":24389,"href":"https:\/\/www.ifbaiano.edu.br\/unidades\/santaines\/wp-json\/wp\/v2\/posts\/24387\/revisions\/24389"}],"wp:featuredmedia":[{"embeddable":true,"href":"https:\/\/www.ifbaiano.edu.br\/unidades\/santaines\/wp-json\/wp\/v2\/media\/24388"}],"wp:attachment":[{"href":"https:\/\/www.ifbaiano.edu.br\/unidades\/santaines\/wp-json\/wp\/v2\/media?parent=24387"}],"wp:term":[{"taxonomy":"category","embeddable":true,"href":"https:\/\/www.ifbaiano.edu.br\/unidades\/santaines\/wp-json\/wp\/v2\/categories?post=24387"},{"taxonomy":"post_tag","embeddable":true,"href":"https:\/\/www.ifbaiano.edu.br\/unidades\/santaines\/wp-json\/wp\/v2\/tags?post=24387"}],"curies":[{"name":"wp","href":"https:\/\/api.w.org\/{rel}","templated":true}]}}