{"id":24392,"date":"2025-07-09T14:07:00","date_gmt":"2025-07-09T17:07:00","guid":{"rendered":"https:\/\/www.ifbaiano.edu.br\/unidades\/santaines\/?p=24392"},"modified":"2025-07-09T14:07:23","modified_gmt":"2025-07-09T17:07:23","slug":"campus-santa-ines-abre-consulta-publica-sobre-a-proposta-de-descontinuacao-do-curso-tecnico-em-informatica","status":"publish","type":"post","link":"https:\/\/www.ifbaiano.edu.br\/unidades\/santaines\/campus-santa-ines-abre-consulta-publica-sobre-a-proposta-de-descontinuacao-do-curso-tecnico-em-informatica\/","title":{"rendered":"Campus Santa In\u00eas abre consulta p\u00fablica sobre a proposta de descontinua\u00e7\u00e3o do Curso T\u00e9cnico em Inform\u00e1tica"},"content":{"rendered":"\n<p>O Instituto Federal Baiano (IF Baiano) &#8211; Campus Santa In\u00eas convida toda a comunidade acad\u00eamica e externa a participar de uma consulta p\u00fablica sobre a proposta de suspens\u00e3o (descontinua\u00e7\u00e3o) do&nbsp;<strong>Curso T\u00e9cnico em Inform\u00e1tica na modalidade Subsequente<\/strong>.<\/p>\n\n\n\n<p>A consulta tem como objetivo coletar, de forma democr\u00e1tica e transparente, as opini\u00f5es e percep\u00e7\u00f5es de estudantes, servidores, ex-alunos, pais, respons\u00e1veis e da sociedade em geral sobre a proposta.<\/p>\n\n\n\n<p>A sugest\u00e3o de descontinuar o curso baseia-se em uma an\u00e1lise institucional que considerou diversos fatores, entre eles:<\/p>\n\n\n\n<ul>\n<li>A&nbsp;<strong>diminui\u00e7\u00e3o na procura por vagas<\/strong>&nbsp;e o aumento da evas\u00e3o escolar no curso nos \u00faltimos anos;<\/li>\n\n\n\n<li>A necessidade de&nbsp;<strong>readequa\u00e7\u00e3o da oferta de cursos<\/strong>&nbsp;do campus frente ao novo Plano de Desenvolvimento Institucional (PDI);<\/li>\n\n\n\n<li>A possibilidade de reestruturar o perfil formativo do campus, visando a&nbsp;<strong>abertura de um novo Curso de N\u00edvel Superior em Inform\u00e1tica<\/strong>, que seja mais alinhado \u00e0s atuais demandas do mercado e da regi\u00e3o.<\/li>\n<\/ul>\n\n\n\n<p>A Dire\u00e7\u00e3o do campus refor\u00e7a que a opini\u00e3o da comunidade \u00e9 fundamental para que a decis\u00e3o final seja tomada com base no interesse coletivo. As contribui\u00e7\u00f5es registradas no formul\u00e1rio ser\u00e3o analisadas e ir\u00e3o compor o relat\u00f3rio que embasar\u00e1 a delibera\u00e7\u00e3o da Institui\u00e7\u00e3o e de seus \u00f3rg\u00e3os colegiados competentes.<\/p>\n\n\n\n<p><strong>Como Participar<\/strong><\/p>\n\n\n\n<p>Para registrar sua opini\u00e3o, basta preencher o <a href=\"https:\/\/forms.gle\/BHVczxS77N2siRkb6\">formul\u00e1rio eletr\u00f4nico<\/a>. O campus garante o sigilo das respostas, que ser\u00e3o utilizadas apenas para fins de planejamento institucional.<\/p>\n\n\n\n<p>A participa\u00e7\u00e3o de todos \u00e9 essencial para a constru\u00e7\u00e3o do futuro do nosso campus. Contribua!<\/p>\n\n\n\n<hr class=\"wp-block-separator has-alpha-channel-opacity\" \/>\n","protected":false},"excerpt":{"rendered":"<p>O Instituto Federal Baiano (IF Baiano) &#8211; Campus Santa In\u00eas convida toda a comunidade acad\u00eamica e externa a participar de uma consulta p\u00fablica sobre a proposta de suspens\u00e3o (descontinua\u00e7\u00e3o) do&nbsp;Curso T\u00e9cnico em Inform\u00e1tica na modalidade Subsequente. A consulta tem como objetivo coletar, de forma democr\u00e1tica e transparente, as opini\u00f5es e percep\u00e7\u00f5es de estudantes, servidores, ex-alunos, [&hellip;]<\/p>\n","protected":false},"author":86,"featured_media":13709,"comment_status":"closed","ping_status":"closed","sticky":false,"template":"","format":"standard","meta":[],"categories":[4,13,5,57],"tags":[],"_links":{"self":[{"href":"https:\/\/www.ifbaiano.edu.br\/unidades\/santaines\/wp-json\/wp\/v2\/posts\/24392"}],"collection":[{"href":"https:\/\/www.ifbaiano.edu.br\/unidades\/santaines\/wp-json\/wp\/v2\/posts"}],"about":[{"href":"https:\/\/www.ifbaiano.edu.br\/unidades\/santaines\/wp-json\/wp\/v2\/types\/post"}],"author":[{"embeddable":true,"href":"https:\/\/www.ifbaiano.edu.br\/unidades\/santaines\/wp-json\/wp\/v2\/users\/86"}],"replies":[{"embeddable":true,"href":"https:\/\/www.ifbaiano.edu.br\/unidades\/santaines\/wp-json\/wp\/v2\/comments?post=24392"}],"version-history":[{"count":2,"href":"https:\/\/www.ifbaiano.edu.br\/unidades\/santaines\/wp-json\/wp\/v2\/posts\/24392\/revisions"}],"predecessor-version":[{"id":24462,"href":"https:\/\/www.ifbaiano.edu.br\/unidades\/santaines\/wp-json\/wp\/v2\/posts\/24392\/revisions\/24462"}],"wp:featuredmedia":[{"embeddable":true,"href":"https:\/\/www.ifbaiano.edu.br\/unidades\/santaines\/wp-json\/wp\/v2\/media\/13709"}],"wp:attachment":[{"href":"https:\/\/www.ifbaiano.edu.br\/unidades\/santaines\/wp-json\/wp\/v2\/media?parent=24392"}],"wp:term":[{"taxonomy":"category","embeddable":true,"href":"https:\/\/www.ifbaiano.edu.br\/unidades\/santaines\/wp-json\/wp\/v2\/categories?post=24392"},{"taxonomy":"post_tag","embeddable":true,"href":"https:\/\/www.ifbaiano.edu.br\/unidades\/santaines\/wp-json\/wp\/v2\/tags?post=24392"}],"curies":[{"name":"wp","href":"https:\/\/api.w.org\/{rel}","templated":true}]}}