{"id":2451,"date":"2012-12-06T11:00:45","date_gmt":"2012-12-06T14:00:45","guid":{"rendered":"http:\/\/www.ifbaiano.edu.br\/unidades\/santaines\/?p=2451"},"modified":"2012-12-06T11:14:04","modified_gmt":"2012-12-06T14:14:04","slug":"dia-do-egresso","status":"publish","type":"post","link":"https:\/\/www.ifbaiano.edu.br\/unidades\/santaines\/dia-do-egresso\/","title":{"rendered":"Dia do Egresso"},"content":{"rendered":"<p>Rever os ex-alunos, trocar ideias, informa\u00e7\u00f5es, e matar a saudade \u00e9 realmente muito prazeroso. Assim, o Dia do Egresso do Campus Santa In\u00eas est\u00e1 sendo preparado pela equipe com muito carinho e aguardado com muita ansiedade.<\/p>\n<p>A antiga EAFSI, hoje, IFBAIANO Campus Santa In\u00eas formou centenas de profissionais em diferentes \u00e1reas de atua\u00e7\u00e3o. A expectativa \u00e9 de que o encontro re\u00fana grande parte dos ex-alunos e que seja um momento de confraterniza\u00e7\u00e3o e de socializa\u00e7\u00e3o de hist\u00f3rias entre os egressos da Institui\u00e7\u00e3o.<a name=\"_GoBack\"><\/a><\/p>\n<p><a href=\"http:\/\/200.128.99.51\/site\/egressos\/encontro_2012.htm\" target=\"_blank\">Acesse aqui<\/a> a p\u00e1gina de Inscri\u00e7\u00e3o<\/p>\n<p>&nbsp;<\/p>\n<p>DATA: 15\/12\/2012<\/p>\n<p>HOR\u00c1RIO: 08:00 horas (hor\u00e1rio local)<\/p>\n<p>Confira a Programa\u00e7\u00e3o:<\/p>\n<p>08:00 &#8211; Credenciamento<\/p>\n<p>08:30 &#8211; Abertura<\/p>\n<p>08:45 &#8211; Fala do Diretor Geral<\/p>\n<p>09:00 &#8211; Mensagem ao Egresso<\/p>\n<p>09:15 &#8211; Depoimentos e relatos das experi\u00eancias profissionais<\/p>\n<p>10:00 &#8211; Lanche<\/p>\n<p>11:00 &#8211; Exposi\u00e7\u00e3o de Fotos<\/p>\n<p>12:30 &#8211; Almo\u00e7o<\/p>\n<p>13:30 &#8211; Atra\u00e7\u00e3o com bandas musicais<\/p>\n<p>17:00 &#8211; Encerramento<\/p>\n<p>LOCAL: IF Baiano &#8211; Campus Santa In\u00eas<\/p>\n<p>&nbsp;<\/p>\n<p>Aguardamos a sua presen\u00e7a.<\/p>\n<p style=\"text-align: center\"><a href=\"http:\/\/www.ifbaiano.edu.br\/unidades\/santaines\/files\/2012\/10\/egressos.jpg\"><img decoding=\"async\" loading=\"lazy\" class=\"aligncenter size-full wp-image-2478\" src=\"http:\/\/www.ifbaiano.edu.br\/unidades\/santaines\/files\/2012\/10\/egressos.jpg\" alt=\"\" width=\"630\" height=\"420\" srcset=\"https:\/\/www.ifbaiano.edu.br\/unidades\/santaines\/files\/2012\/10\/egressos.jpg 900w, https:\/\/www.ifbaiano.edu.br\/unidades\/santaines\/files\/2012\/10\/egressos-300x200.jpg 300w, https:\/\/www.ifbaiano.edu.br\/unidades\/santaines\/files\/2012\/10\/egressos-400x266.jpg 400w\" sizes=\"(max-width: 630px) 100vw, 630px\" \/><\/a><\/p>\n<p>&nbsp;<\/p>\n","protected":false},"excerpt":{"rendered":"<p>Rever os ex-alunos, trocar ideias, informa\u00e7\u00f5es, e matar a saudade \u00e9 realmente muito prazeroso. Assim, o Dia do Egresso do Campus Santa In\u00eas est\u00e1 sendo preparado pela equipe com muito carinho e aguardado com muita ansiedade. A antiga EAFSI, hoje, IFBAIANO Campus Santa In\u00eas formou centenas de profissionais em diferentes \u00e1reas de atua\u00e7\u00e3o. A expectativa [&hellip;]<\/p>\n","protected":false},"author":26,"featured_media":0,"comment_status":"closed","ping_status":"closed","sticky":false,"template":"","format":"standard","meta":[],"categories":[10],"tags":[],"_links":{"self":[{"href":"https:\/\/www.ifbaiano.edu.br\/unidades\/santaines\/wp-json\/wp\/v2\/posts\/2451"}],"collection":[{"href":"https:\/\/www.ifbaiano.edu.br\/unidades\/santaines\/wp-json\/wp\/v2\/posts"}],"about":[{"href":"https:\/\/www.ifbaiano.edu.br\/unidades\/santaines\/wp-json\/wp\/v2\/types\/post"}],"author":[{"embeddable":true,"href":"https:\/\/www.ifbaiano.edu.br\/unidades\/santaines\/wp-json\/wp\/v2\/users\/26"}],"replies":[{"embeddable":true,"href":"https:\/\/www.ifbaiano.edu.br\/unidades\/santaines\/wp-json\/wp\/v2\/comments?post=2451"}],"version-history":[{"count":15,"href":"https:\/\/www.ifbaiano.edu.br\/unidades\/santaines\/wp-json\/wp\/v2\/posts\/2451\/revisions"}],"predecessor-version":[{"id":2599,"href":"https:\/\/www.ifbaiano.edu.br\/unidades\/santaines\/wp-json\/wp\/v2\/posts\/2451\/revisions\/2599"}],"wp:attachment":[{"href":"https:\/\/www.ifbaiano.edu.br\/unidades\/santaines\/wp-json\/wp\/v2\/media?parent=2451"}],"wp:term":[{"taxonomy":"category","embeddable":true,"href":"https:\/\/www.ifbaiano.edu.br\/unidades\/santaines\/wp-json\/wp\/v2\/categories?post=2451"},{"taxonomy":"post_tag","embeddable":true,"href":"https:\/\/www.ifbaiano.edu.br\/unidades\/santaines\/wp-json\/wp\/v2\/tags?post=2451"}],"curies":[{"name":"wp","href":"https:\/\/api.w.org\/{rel}","templated":true}]}}