{"id":24520,"date":"2025-07-08T08:58:58","date_gmt":"2025-07-08T11:58:58","guid":{"rendered":"https:\/\/www.ifbaiano.edu.br\/unidades\/santaines\/?p=24520"},"modified":"2025-07-08T09:38:23","modified_gmt":"2025-07-08T12:38:23","slug":"inscricoes-abertas-para-curso-online-de-yoruba-oferecido-pelo-campus-lapa","status":"publish","type":"post","link":"https:\/\/www.ifbaiano.edu.br\/unidades\/santaines\/inscricoes-abertas-para-curso-online-de-yoruba-oferecido-pelo-campus-lapa\/","title":{"rendered":"Inscri\u00e7\u00f5es abertas para curso online de Yor\u00f9b\u00e1 oferecido pelo Campus Lapa"},"content":{"rendered":"\n<p>O Instituto Federal Baiano (IF Baiano),&nbsp;<em>Campus&nbsp;<\/em>Bom Jesus da Lapa, est\u00e1 com inscri\u00e7\u00f5es abertas, at\u00e9 31 de julho, para curso introdut\u00f3rio de Yor\u00f9b\u00e1, oferecido na modalidade Educa\u00e7\u00e3o a Dist\u00e2ncia (EaD). A forma\u00e7\u00e3o tem como objetivo valorizar e resgatar os fundamentos de uma das principais l\u00ednguas tradicionais africanas, promovendo o fortalecimento das ra\u00edzes culturais de matriz africana presentes no Brasil.<\/p>\n\n\n\n<p>Denominado&nbsp;<em>\u1eb8\u0300k\u1ecd\u0301 \u00c8d\u00e8 Yor\u00f9b\u00e1: resgate de uma l\u00edngua tradicional africana<\/em>, o curso tem foco especial na l\u00edngua yor\u00f9b\u00e1, amplamente utilizada em terreiros de Candombl\u00e9 de origem Ketu. A proposta pedag\u00f3gica abrange uma abordagem interacionista e colaborativa de ensino-aprendizagem, que busca incentivar a participa\u00e7\u00e3o ativa dos envolvidos.<\/p>\n\n\n\n<p>O curso ser\u00e1 ministrado pelo professor EBTT de L\u00edngua Portuguesa do&nbsp;<em>Campus<\/em>&nbsp;Bom Jesus da Lapa, Thonny Hawany, que tamb\u00e9m coordena a iniciativa. O docente \u00e9 b\u00e0b\u00e1l\u00f3r\u00ecs\u00e0 do Il\u00e9 \u00c0se Oj\u00fa O\u00f2r\u00f9n desde 1991, e conta que o dom\u00ednio da l\u00edngua veio da sua experi\u00eancia com o&nbsp;terreiro. \u201cJ\u00e1 ofertei esse curso outras vezes pelo terreiro e, em 2023, como professor do IF Baiano, no Campus Lapa, apresentei o curso como projeto de extens\u00e3o em 2023\u201d. Com o sucesso na primeira edi\u00e7\u00e3o, o curso agora volta a ser lan\u00e7ado ao p\u00fablico, explica o professor.&nbsp;<\/p>\n\n\n\n<h3 class=\"wp-block-heading\"><strong>P\u00fablico-alvo<\/strong><\/h3>\n\n\n\n<p>O curso \u00e9 voltado principalmente para pessoas de comunidades tradicionais, como quilombolas, povos de terreiro, al\u00e9m de estudantes, professores(as) e demais interessados(as) em aprender os pilares da l\u00edngua.<\/p>\n\n\n\n<h3 class=\"wp-block-heading\"><strong>Inscri\u00e7\u00f5es<\/strong><\/h3>\n\n\n\n<p>As inscri\u00e7\u00f5es s\u00e3o gratuitas e est\u00e3o abertas at\u00e9 31 de julho de 2025, por meio do link: <a href=\"https:\/\/suap.ifbaiano.edu.br\/eventos\/inscricao\/2513\">suap.ifbaiano.edu.br\/eventos\/inscricao\/2513<\/a>.<\/p>\n\n\n\n<h3 class=\"wp-block-heading\"><strong>Sobre as aulas<\/strong><\/h3>\n\n\n\n<p>As atividades t\u00eam in\u00edcio previsto para 11 de agosto e seguem at\u00e9 27 de outubro de 2025, com dura\u00e7\u00e3o de aproximadamente 12 semanas. As aulas ser\u00e3o realizadas de forma online, disponibilizadas via plataforma RNP, durante as segundas-feiras. J\u00e1 o material para consulta ass\u00edncrona dos participantes ser\u00e1 disponibilizado pelo ambiente de aprendizagem Moodle.<\/p>\n\n\n\n<p>Ap\u00f3s a transmiss\u00e3o, as aulas tamb\u00e9m ser\u00e3o disponibilizadas na plataforma YouTube.<\/p>\n\n\n\n<p>Para mais informa\u00e7\u00f5es, interessados podem entrar em contato pelo e-mail&nbsp;<a href=\"mailto:antonio.costa@ifbaiano.edu.br\">antonio.costa@ifbaiano.edu.br<\/a><\/p>\n\n\n\n<figure class=\"wp-block-image is-resized\"><img decoding=\"async\" loading=\"lazy\" src=\"https:\/\/ifbaiano.edu.br\/portal\/wp-content\/uploads\/2025\/07\/6650-cartaz_2a_turma-curso-yoruba-723x1024.webp\" alt=\"\" class=\"wp-image-35834\" width=\"437\" height=\"619\" \/><\/figure>\n\n\n\n<hr class=\"wp-block-separator has-alpha-channel-opacity\" \/>\n","protected":false},"excerpt":{"rendered":"<p>Inscri\u00e7\u00f5es at\u00e9 31 de julho de 2025; aulas ter\u00e3o in\u00edcio em agosto<\/p>\n","protected":false},"author":86,"featured_media":24523,"comment_status":"closed","ping_status":"closed","sticky":false,"template":"","format":"standard","meta":[],"categories":[4,5,57],"tags":[],"_links":{"self":[{"href":"https:\/\/www.ifbaiano.edu.br\/unidades\/santaines\/wp-json\/wp\/v2\/posts\/24520"}],"collection":[{"href":"https:\/\/www.ifbaiano.edu.br\/unidades\/santaines\/wp-json\/wp\/v2\/posts"}],"about":[{"href":"https:\/\/www.ifbaiano.edu.br\/unidades\/santaines\/wp-json\/wp\/v2\/types\/post"}],"author":[{"embeddable":true,"href":"https:\/\/www.ifbaiano.edu.br\/unidades\/santaines\/wp-json\/wp\/v2\/users\/86"}],"replies":[{"embeddable":true,"href":"https:\/\/www.ifbaiano.edu.br\/unidades\/santaines\/wp-json\/wp\/v2\/comments?post=24520"}],"version-history":[{"count":1,"href":"https:\/\/www.ifbaiano.edu.br\/unidades\/santaines\/wp-json\/wp\/v2\/posts\/24520\/revisions"}],"predecessor-version":[{"id":24521,"href":"https:\/\/www.ifbaiano.edu.br\/unidades\/santaines\/wp-json\/wp\/v2\/posts\/24520\/revisions\/24521"}],"wp:featuredmedia":[{"embeddable":true,"href":"https:\/\/www.ifbaiano.edu.br\/unidades\/santaines\/wp-json\/wp\/v2\/media\/24523"}],"wp:attachment":[{"href":"https:\/\/www.ifbaiano.edu.br\/unidades\/santaines\/wp-json\/wp\/v2\/media?parent=24520"}],"wp:term":[{"taxonomy":"category","embeddable":true,"href":"https:\/\/www.ifbaiano.edu.br\/unidades\/santaines\/wp-json\/wp\/v2\/categories?post=24520"},{"taxonomy":"post_tag","embeddable":true,"href":"https:\/\/www.ifbaiano.edu.br\/unidades\/santaines\/wp-json\/wp\/v2\/tags?post=24520"}],"curies":[{"name":"wp","href":"https:\/\/api.w.org\/{rel}","templated":true}]}}