{"id":2454,"date":"2012-10-30T15:05:46","date_gmt":"2012-10-30T18:05:46","guid":{"rendered":"http:\/\/www.ifbaiano.edu.br\/unidades\/santaines\/?p=2454"},"modified":"2012-11-23T01:18:18","modified_gmt":"2012-11-23T04:18:18","slug":"novos-alunos-sao-contemplados-com-a-politica-de-assitencia-estudantil","status":"publish","type":"post","link":"https:\/\/www.ifbaiano.edu.br\/unidades\/santaines\/novos-alunos-sao-contemplados-com-a-politica-de-assitencia-estudantil\/","title":{"rendered":"Novos Alunos s\u00e3o contemplados com a pol\u00edtica de Assist\u00eancia Estudantil"},"content":{"rendered":"<p style=\"text-align: left\" align=\"center\">Confira a rela\u00e7\u00e3o dos novos alunos que ser\u00e3o contemplados com a pol\u00edtica de assist\u00eancia estudantil de acordo com vagas que n\u00e3o foram preenchidas.<\/p>\n<p style=\"text-align: left\" align=\"center\"><a href=\"http:\/\/www.ifbaiano.edu.br\/unidades\/santaines\/files\/2012\/10\/Relacao-alunos-contemplados-nova-lista.pdf\" target=\"_blank\">Clique aqui<\/a><\/p>\n","protected":false},"excerpt":{"rendered":"<p>Confira a rela\u00e7\u00e3o dos novos alunos que ser\u00e3o contemplados com a pol\u00edtica de assist\u00eancia estudantil de acordo com vagas que n\u00e3o foram preenchidas. Clique aqui<\/p>\n","protected":false},"author":26,"featured_media":0,"comment_status":"closed","ping_status":"closed","sticky":false,"template":"","format":"standard","meta":[],"categories":[10],"tags":[],"_links":{"self":[{"href":"https:\/\/www.ifbaiano.edu.br\/unidades\/santaines\/wp-json\/wp\/v2\/posts\/2454"}],"collection":[{"href":"https:\/\/www.ifbaiano.edu.br\/unidades\/santaines\/wp-json\/wp\/v2\/posts"}],"about":[{"href":"https:\/\/www.ifbaiano.edu.br\/unidades\/santaines\/wp-json\/wp\/v2\/types\/post"}],"author":[{"embeddable":true,"href":"https:\/\/www.ifbaiano.edu.br\/unidades\/santaines\/wp-json\/wp\/v2\/users\/26"}],"replies":[{"embeddable":true,"href":"https:\/\/www.ifbaiano.edu.br\/unidades\/santaines\/wp-json\/wp\/v2\/comments?post=2454"}],"version-history":[{"count":4,"href":"https:\/\/www.ifbaiano.edu.br\/unidades\/santaines\/wp-json\/wp\/v2\/posts\/2454\/revisions"}],"predecessor-version":[{"id":2459,"href":"https:\/\/www.ifbaiano.edu.br\/unidades\/santaines\/wp-json\/wp\/v2\/posts\/2454\/revisions\/2459"}],"wp:attachment":[{"href":"https:\/\/www.ifbaiano.edu.br\/unidades\/santaines\/wp-json\/wp\/v2\/media?parent=2454"}],"wp:term":[{"taxonomy":"category","embeddable":true,"href":"https:\/\/www.ifbaiano.edu.br\/unidades\/santaines\/wp-json\/wp\/v2\/categories?post=2454"},{"taxonomy":"post_tag","embeddable":true,"href":"https:\/\/www.ifbaiano.edu.br\/unidades\/santaines\/wp-json\/wp\/v2\/tags?post=2454"}],"curies":[{"name":"wp","href":"https:\/\/api.w.org\/{rel}","templated":true}]}}