{"id":24543,"date":"2025-07-14T11:03:03","date_gmt":"2025-07-14T14:03:03","guid":{"rendered":"https:\/\/www.ifbaiano.edu.br\/unidades\/santaines\/?p=24543"},"modified":"2025-07-14T11:03:04","modified_gmt":"2025-07-14T14:03:04","slug":"ha-mais-de-uma-decada-projeto-do-if-baiano-leva-educacao-e-saude-ao-vale-do-jiquirica-com-mostra-parasitologica","status":"publish","type":"post","link":"https:\/\/www.ifbaiano.edu.br\/unidades\/santaines\/ha-mais-de-uma-decada-projeto-do-if-baiano-leva-educacao-e-saude-ao-vale-do-jiquirica-com-mostra-parasitologica\/","title":{"rendered":"H\u00e1 Mais de uma D\u00e9cada, Projeto do IF Baiano Leva Educa\u00e7\u00e3o e Sa\u00fade ao Vale do Jiquiri\u00e7\u00e1 com Mostra Parasitol\u00f3gica"},"content":{"rendered":"\n<p>O que come\u00e7ou em 2013 como uma estrat\u00e9gia de ensino inovadora, transformou-se em um dos mais importantes projetos de extens\u00e3o do Instituto Federal Baiano (IF Baiano) &#8211; Campus Santa In\u00eas. A&nbsp;<strong>Mostra Parasitol\u00f3gica: Promovendo Educa\u00e7\u00e3o e Sa\u00fade<\/strong>&nbsp;chega \u00e0 sua 11\u00aa edi\u00e7\u00e3o, consolidando mais de uma d\u00e9cada de trabalho na conscientiza\u00e7\u00e3o sobre doen\u00e7as parasit\u00e1rias em diversas cidades do Vale do Jiquiri\u00e7\u00e1.<\/p>\n\n\n\n<p>A exposi\u00e7\u00e3o que marca o in\u00edcio dos trabalhos da turma de 2024 acontece nesta segunda-feira, 14 de julho, a partir das 21h30, no pavilh\u00e3o dos cursos superiores do campus. O evento \u00e9 o ponto de partida para mais uma jornada que levar\u00e1 o conhecimento produzido na academia para 16 escolas da regi\u00e3o.<\/p>\n\n\n\n<p>Idealizada e coordenada pelo Professor Fred da Silva Juli\u00e3o, a mostra \u00e9 uma atividade pr\u00e1tica da disciplina de Parasitologia do curso de Licenciatura em Ci\u00eancias Biol\u00f3gicas. Desde sua cria\u00e7\u00e3o, o projeto j\u00e1 alcan\u00e7ou um p\u00fablico estimado em mais de 15 mil alunos, de acordo com o professor. &#8220;A a\u00e7\u00e3o visita diferentes unidades escolares dos munic\u00edpios do Vale do Jiquiri\u00e7\u00e1. Nesta 11\u00aa vers\u00e3o, estamos programando visitas a 16 unidades, de Jaguaquara a Laje&#8221;, afirma Fred.<\/p>\n\n\n\n<p>O sucesso da iniciativa \u00e9 materializado na\u00a0<strong>&#8220;<a href=\"https:\/\/online.fliphtml5.com\/krszn\/iycf\/\">Cartilha Parasitol\u00f3gica: Promovendo Educa\u00e7\u00e3o e Sa\u00fade<\/a>&#8220;<\/strong>, uma publica\u00e7\u00e3o did\u00e1tica (ISBN 978-65-877149-1-2) organizada pelo professor e elaborada ao longo dos anos por centenas de estudantes que passaram pela disciplina desde 2013. O material serve como um guia de consulta sobre as principais parasitoses, como as transmitidas pelo\u00a0<em>Aedes aegypti<\/em>, ameb\u00edase, esquistossomose, doen\u00e7a de Chagas, entre outras, utilizando uma linguagem visual e acess\u00edvel. A cartilha tamb\u00e9m pode ser acessada <strong><a href=\"https:\/\/www.ifbaiano.edu.br\/unidades\/santaines\/files\/2025\/07\/Cartilha-Parasitologica-2024.pdf\">AQUI<\/a><\/strong> em arquivo PDF.<\/p>\n\n\n\n<p>A metodologia do projeto, que envolve palestras, p\u00f4steres e jogos interativos, facilita a aprendizagem e engaja os estudantes das escolas visitadas. A capacidade de adapta\u00e7\u00e3o tamb\u00e9m \u00e9 uma marca da mostra, que durante a pandemia de Covid-19, em 2021, foi realizada com sucesso em formato virtual.<\/p>\n\n\n\n<p>Na apresenta\u00e7\u00e3o da cartilha, o Professor Fred Juli\u00e3o reflete sobre o desafio e a satisfa\u00e7\u00e3o de ver o projeto florescer: &#8220;A proposta deu muito certo e foi bem apreciada nas diferentes escolas. (&#8230;) Ao chegar \u00e0 \u00faltima aula, os licenciandos sentem satisfa\u00e7\u00e3o pelo desempenho e atingimento dos objetivos&#8221;.<\/p>\n\n\n\n<p>A 11\u00aa edi\u00e7\u00e3o da mostra itinerante percorrer\u00e1 sete munic\u00edpios entre julho e setembro, refor\u00e7ando o compromisso do IF Baiano com a extens\u00e3o universit\u00e1ria e a sua contribui\u00e7\u00e3o direta para a sa\u00fade e educa\u00e7\u00e3o da comunidade do Vale do Jiquiri\u00e7\u00e1.<\/p>\n\n\n\n<p><strong>Programa\u00e7\u00e3o da XI Mostra Parasitol\u00f3gica Itinerante:<\/strong><\/p>\n\n\n\n<ul>\n<li><strong>17\/07\/2025:<\/strong>&nbsp;Jiquiri\u00e7\u00e1 (Escola Municipal Luzia Alves e Escola Municipal Reunidas Castro Alves)<\/li>\n\n\n\n<li><strong>21\/07 e 25\/07\/2025:<\/strong>&nbsp;Santa In\u00eas (E.M. Prof. Cacilda da Silva Neves e Centro Educacional Prof. Manoel Reis de Almeida Costa)<\/li>\n\n\n\n<li><strong>31\/07\/2025:<\/strong>&nbsp;Uba\u00edra (Col\u00e9gio Municipal Natur de Assis Filho e Col\u00e9gio Municipal Aurino Fausto dos Santos)<\/li>\n\n\n\n<li><strong>04\/08\/2025:<\/strong>&nbsp;Cravol\u00e2ndia (Col\u00e9gio Estadual de Cravol\u00e2ndia)<\/li>\n\n\n\n<li><strong>08\/08\/2025:<\/strong>&nbsp;Jaguaquara (Escola Rural de Ipi\u00fana)<\/li>\n\n\n\n<li><strong>14\/08\/2025:<\/strong>&nbsp;Laje (E.M. Ant\u00f4nio Carlos Souto &#8211; CPM Militar e Col\u00e9gio Estadual Rui Jos\u00e9 de Almeida &#8211; CERJA)<\/li>\n\n\n\n<li><strong>18\/08\/2025:<\/strong>&nbsp;Santa In\u00eas (Col\u00e9gio Estadual de Santa In\u00eas &#8211; CESI)<\/li>\n\n\n\n<li><strong>22\/08\/2025:<\/strong>&nbsp;Uba\u00edra (Centro Educacional Manoel Jos\u00e9 da Silva &#8211; Tr\u00eas Bra\u00e7os)<\/li>\n\n\n\n<li><strong>25\/08\/2025:<\/strong>&nbsp;Itaquara (Centro Educacional de Itaquara)<\/li>\n\n\n\n<li><strong>28\/08\/2025:<\/strong>&nbsp;Jiquiri\u00e7\u00e1 (Col\u00e9gio Estadual Jos\u00e9 Malta Maia e Escola de 1\u00ba Grau Prof\u00aa Maria Juvenice Farias Maia)<\/li>\n\n\n\n<li><strong>05\/09\/2025:<\/strong>\u00a0Mutu\u00edpe (Col\u00e9gio Estadual de Tempo Integral Ant\u00f4nio Felipe Evangelista Neto &#8211; CEAFEN)<\/li>\n<\/ul>\n\n\n\n<hr class=\"wp-block-separator has-alpha-channel-opacity\" \/>\n","protected":false},"excerpt":{"rendered":"<p>O que come\u00e7ou em 2013 como uma estrat\u00e9gia de ensino inovadora, transformou-se em um dos mais importantes projetos de extens\u00e3o do Instituto Federal Baiano (IF Baiano) &#8211; Campus Santa In\u00eas. A&nbsp;Mostra Parasitol\u00f3gica: Promovendo Educa\u00e7\u00e3o e Sa\u00fade&nbsp;chega \u00e0 sua 11\u00aa edi\u00e7\u00e3o, consolidando mais de uma d\u00e9cada de trabalho na conscientiza\u00e7\u00e3o sobre doen\u00e7as parasit\u00e1rias em diversas cidades [&hellip;]<\/p>\n","protected":false},"author":86,"featured_media":21839,"comment_status":"closed","ping_status":"closed","sticky":false,"template":"","format":"standard","meta":[],"categories":[4,5,10,57],"tags":[],"_links":{"self":[{"href":"https:\/\/www.ifbaiano.edu.br\/unidades\/santaines\/wp-json\/wp\/v2\/posts\/24543"}],"collection":[{"href":"https:\/\/www.ifbaiano.edu.br\/unidades\/santaines\/wp-json\/wp\/v2\/posts"}],"about":[{"href":"https:\/\/www.ifbaiano.edu.br\/unidades\/santaines\/wp-json\/wp\/v2\/types\/post"}],"author":[{"embeddable":true,"href":"https:\/\/www.ifbaiano.edu.br\/unidades\/santaines\/wp-json\/wp\/v2\/users\/86"}],"replies":[{"embeddable":true,"href":"https:\/\/www.ifbaiano.edu.br\/unidades\/santaines\/wp-json\/wp\/v2\/comments?post=24543"}],"version-history":[{"count":1,"href":"https:\/\/www.ifbaiano.edu.br\/unidades\/santaines\/wp-json\/wp\/v2\/posts\/24543\/revisions"}],"predecessor-version":[{"id":24545,"href":"https:\/\/www.ifbaiano.edu.br\/unidades\/santaines\/wp-json\/wp\/v2\/posts\/24543\/revisions\/24545"}],"wp:featuredmedia":[{"embeddable":true,"href":"https:\/\/www.ifbaiano.edu.br\/unidades\/santaines\/wp-json\/wp\/v2\/media\/21839"}],"wp:attachment":[{"href":"https:\/\/www.ifbaiano.edu.br\/unidades\/santaines\/wp-json\/wp\/v2\/media?parent=24543"}],"wp:term":[{"taxonomy":"category","embeddable":true,"href":"https:\/\/www.ifbaiano.edu.br\/unidades\/santaines\/wp-json\/wp\/v2\/categories?post=24543"},{"taxonomy":"post_tag","embeddable":true,"href":"https:\/\/www.ifbaiano.edu.br\/unidades\/santaines\/wp-json\/wp\/v2\/tags?post=24543"}],"curies":[{"name":"wp","href":"https:\/\/api.w.org\/{rel}","templated":true}]}}