{"id":24546,"date":"2025-07-14T13:27:52","date_gmt":"2025-07-14T16:27:52","guid":{"rendered":"https:\/\/www.ifbaiano.edu.br\/unidades\/santaines\/?p=24546"},"modified":"2025-07-14T13:28:47","modified_gmt":"2025-07-14T16:28:47","slug":"if-baiano-campus-santa-ines-celebra-formatura-de-novos-profissionais-em-noite-de-emocao","status":"publish","type":"post","link":"https:\/\/www.ifbaiano.edu.br\/unidades\/santaines\/if-baiano-campus-santa-ines-celebra-formatura-de-novos-profissionais-em-noite-de-emocao\/","title":{"rendered":"IF Baiano &#8211; Campus Santa In\u00eas Celebra Formatura de novos profissionais em noite de Emo\u00e7\u00e3o"},"content":{"rendered":"\n<p>O Teatro An\u00e1lia Oliveira Santana foi palco de uma noite memor\u00e1vel no \u00faltimo s\u00e1bado, 12 de julho, com a cerim\u00f4nia de formatura dos cursos de Bacharelado em Zootecnia, Licenciatura em Ci\u00eancias Biol\u00f3gicas e Licenciatura em Geografia do Instituto Federal Baiano (IF Baiano) &#8211; Campus Santa In\u00eas. O evento, que teve in\u00edcio \u00e0s 18h, reuniu cerca de 160 convidados para celebrar a conquista de uma nova gera\u00e7\u00e3o de zootecnistas e professores.<\/p>\n\n\n\n<p>A solenidade foi conduzida em um clima de grande emo\u00e7\u00e3o, refletindo a jornada de sonhos, supera\u00e7\u00e3o e desafios vencidos pelos formandos. A cerim\u00f4nia foi o resultado do esfor\u00e7o conjunto de professores, t\u00e9cnico-administrativos, terceirizados e alunos, mobilizados pela gest\u00e3o e pela comiss\u00e3o organizadora do IF Baiano.<\/p>\n\n\n\n<figure class=\"wp-block-gallery has-nested-images columns-default is-cropped wp-block-gallery-1 is-layout-flex\">\n<figure class=\"wp-block-image size-large\"><a href=\"https:\/\/www.ifbaiano.edu.br\/unidades\/santaines\/files\/2025\/07\/9322-IMG_6888.webp\"><img decoding=\"async\" loading=\"lazy\" width=\"1024\" height=\"683\" data-id=\"24553\"  src=\"https:\/\/www.ifbaiano.edu.br\/unidades\/santaines\/files\/2025\/07\/9322-IMG_6888-1024x683.webp\" alt=\"\" class=\"wp-image-24553\" srcset=\"https:\/\/www.ifbaiano.edu.br\/unidades\/santaines\/files\/2025\/07\/9322-IMG_6888-1024x683.webp 1024w, https:\/\/www.ifbaiano.edu.br\/unidades\/santaines\/files\/2025\/07\/9322-IMG_6888-300x200.webp 300w, https:\/\/www.ifbaiano.edu.br\/unidades\/santaines\/files\/2025\/07\/9322-IMG_6888-768x512.webp 768w, https:\/\/www.ifbaiano.edu.br\/unidades\/santaines\/files\/2025\/07\/9322-IMG_6888-1536x1024.webp 1536w, https:\/\/www.ifbaiano.edu.br\/unidades\/santaines\/files\/2025\/07\/9322-IMG_6888-100x67.webp 100w, https:\/\/www.ifbaiano.edu.br\/unidades\/santaines\/files\/2025\/07\/9322-IMG_6888.webp 1620w\" sizes=\"(max-width: 1024px) 100vw, 1024px\" \/><\/a><\/figure>\n\n\n\n<figure class=\"wp-block-image size-large\"><a href=\"https:\/\/www.ifbaiano.edu.br\/unidades\/santaines\/files\/2025\/07\/9327-IMG_6835.webp\"><img decoding=\"async\" loading=\"lazy\" width=\"1024\" height=\"683\" data-id=\"24554\"  src=\"https:\/\/www.ifbaiano.edu.br\/unidades\/santaines\/files\/2025\/07\/9327-IMG_6835-1024x683.webp\" alt=\"\" class=\"wp-image-24554\" srcset=\"https:\/\/www.ifbaiano.edu.br\/unidades\/santaines\/files\/2025\/07\/9327-IMG_6835-1024x683.webp 1024w, https:\/\/www.ifbaiano.edu.br\/unidades\/santaines\/files\/2025\/07\/9327-IMG_6835-300x200.webp 300w, https:\/\/www.ifbaiano.edu.br\/unidades\/santaines\/files\/2025\/07\/9327-IMG_6835-768x512.webp 768w, https:\/\/www.ifbaiano.edu.br\/unidades\/santaines\/files\/2025\/07\/9327-IMG_6835-1536x1024.webp 1536w, https:\/\/www.ifbaiano.edu.br\/unidades\/santaines\/files\/2025\/07\/9327-IMG_6835-100x67.webp 100w, https:\/\/www.ifbaiano.edu.br\/unidades\/santaines\/files\/2025\/07\/9327-IMG_6835.webp 1620w\" sizes=\"(max-width: 1024px) 100vw, 1024px\" \/><\/a><\/figure>\n\n\n\n<figure class=\"wp-block-image size-large\"><a href=\"https:\/\/www.ifbaiano.edu.br\/unidades\/santaines\/files\/2025\/07\/9399-IMG_6470.webp\"><img decoding=\"async\" loading=\"lazy\" width=\"1024\" height=\"683\" data-id=\"24571\"  src=\"https:\/\/www.ifbaiano.edu.br\/unidades\/santaines\/files\/2025\/07\/9399-IMG_6470-1024x683.webp\" alt=\"\" class=\"wp-image-24571\" srcset=\"https:\/\/www.ifbaiano.edu.br\/unidades\/santaines\/files\/2025\/07\/9399-IMG_6470-1024x683.webp 1024w, https:\/\/www.ifbaiano.edu.br\/unidades\/santaines\/files\/2025\/07\/9399-IMG_6470-300x200.webp 300w, https:\/\/www.ifbaiano.edu.br\/unidades\/santaines\/files\/2025\/07\/9399-IMG_6470-768x512.webp 768w, https:\/\/www.ifbaiano.edu.br\/unidades\/santaines\/files\/2025\/07\/9399-IMG_6470-1536x1024.webp 1536w, https:\/\/www.ifbaiano.edu.br\/unidades\/santaines\/files\/2025\/07\/9399-IMG_6470-100x67.webp 100w, https:\/\/www.ifbaiano.edu.br\/unidades\/santaines\/files\/2025\/07\/9399-IMG_6470.webp 1620w\" sizes=\"(max-width: 1024px) 100vw, 1024px\" \/><\/a><\/figure>\n\n\n\n<figure class=\"wp-block-image size-large\"><a href=\"https:\/\/www.ifbaiano.edu.br\/unidades\/santaines\/files\/2025\/07\/9345-IMG_6721.webp\"><img decoding=\"async\" loading=\"lazy\" width=\"1024\" height=\"683\" data-id=\"24558\"  src=\"https:\/\/www.ifbaiano.edu.br\/unidades\/santaines\/files\/2025\/07\/9345-IMG_6721-1024x683.webp\" alt=\"\" class=\"wp-image-24558\" srcset=\"https:\/\/www.ifbaiano.edu.br\/unidades\/santaines\/files\/2025\/07\/9345-IMG_6721-1024x683.webp 1024w, https:\/\/www.ifbaiano.edu.br\/unidades\/santaines\/files\/2025\/07\/9345-IMG_6721-300x200.webp 300w, https:\/\/www.ifbaiano.edu.br\/unidades\/santaines\/files\/2025\/07\/9345-IMG_6721-768x512.webp 768w, https:\/\/www.ifbaiano.edu.br\/unidades\/santaines\/files\/2025\/07\/9345-IMG_6721-1536x1024.webp 1536w, https:\/\/www.ifbaiano.edu.br\/unidades\/santaines\/files\/2025\/07\/9345-IMG_6721-100x67.webp 100w, https:\/\/www.ifbaiano.edu.br\/unidades\/santaines\/files\/2025\/07\/9345-IMG_6721.webp 1620w\" sizes=\"(max-width: 1024px) 100vw, 1024px\" \/><\/a><\/figure>\n\n\n\n<figure class=\"wp-block-image size-large\"><a href=\"https:\/\/www.ifbaiano.edu.br\/unidades\/santaines\/files\/2025\/07\/9370-IMG_6541.webp\"><img decoding=\"async\" loading=\"lazy\" width=\"1024\" height=\"683\" data-id=\"24564\"  src=\"https:\/\/www.ifbaiano.edu.br\/unidades\/santaines\/files\/2025\/07\/9370-IMG_6541-1024x683.webp\" alt=\"\" class=\"wp-image-24564\" srcset=\"https:\/\/www.ifbaiano.edu.br\/unidades\/santaines\/files\/2025\/07\/9370-IMG_6541-1024x683.webp 1024w, https:\/\/www.ifbaiano.edu.br\/unidades\/santaines\/files\/2025\/07\/9370-IMG_6541-300x200.webp 300w, https:\/\/www.ifbaiano.edu.br\/unidades\/santaines\/files\/2025\/07\/9370-IMG_6541-768x512.webp 768w, https:\/\/www.ifbaiano.edu.br\/unidades\/santaines\/files\/2025\/07\/9370-IMG_6541-1536x1024.webp 1536w, https:\/\/www.ifbaiano.edu.br\/unidades\/santaines\/files\/2025\/07\/9370-IMG_6541-100x67.webp 100w, https:\/\/www.ifbaiano.edu.br\/unidades\/santaines\/files\/2025\/07\/9370-IMG_6541.webp 1620w\" sizes=\"(max-width: 1024px) 100vw, 1024px\" \/><\/a><\/figure>\n\n\n\n<figure class=\"wp-block-image size-large\"><a href=\"https:\/\/www.ifbaiano.edu.br\/unidades\/santaines\/files\/2025\/07\/9417-IMG_6429.webp\"><img decoding=\"async\" loading=\"lazy\" width=\"1024\" height=\"683\" data-id=\"24575\"  src=\"https:\/\/www.ifbaiano.edu.br\/unidades\/santaines\/files\/2025\/07\/9417-IMG_6429-1024x683.webp\" alt=\"\" class=\"wp-image-24575\" srcset=\"https:\/\/www.ifbaiano.edu.br\/unidades\/santaines\/files\/2025\/07\/9417-IMG_6429-1024x683.webp 1024w, https:\/\/www.ifbaiano.edu.br\/unidades\/santaines\/files\/2025\/07\/9417-IMG_6429-300x200.webp 300w, https:\/\/www.ifbaiano.edu.br\/unidades\/santaines\/files\/2025\/07\/9417-IMG_6429-768x512.webp 768w, https:\/\/www.ifbaiano.edu.br\/unidades\/santaines\/files\/2025\/07\/9417-IMG_6429-1536x1024.webp 1536w, https:\/\/www.ifbaiano.edu.br\/unidades\/santaines\/files\/2025\/07\/9417-IMG_6429-100x67.webp 100w, https:\/\/www.ifbaiano.edu.br\/unidades\/santaines\/files\/2025\/07\/9417-IMG_6429.webp 1620w\" sizes=\"(max-width: 1024px) 100vw, 1024px\" \/><\/a><\/figure>\n<\/figure>\n\n\n\n<p><strong>Novos Profissionais para a Comunidade<\/strong><\/p>\n\n\n\n<p>Durante a cerim\u00f4nia, receberam o grau acad\u00eamico os seguintes formandos:<\/p>\n\n\n\n<ul>\n<li><strong>Bacharelado em Zootecnia:<\/strong>&nbsp;Greice Quele da Concei\u00e7\u00e3o Oliveira, Inara Sales Costa, Karine Santos de Jesus e Robson de Souza Oliveira.<\/li>\n\n\n\n<li><strong>Licenciatura em Ci\u00eancias Biol\u00f3gicas:<\/strong>&nbsp;Amauri da Silva e Silva, C\u00e1ssia da Paix\u00e3o Costa e Gisele dos Santos Souza.<\/li>\n\n\n\n<li><strong>Licenciatura em Geografia:<\/strong>&nbsp;Antonio Roberto Santos de Almeida, Claudia Maria Palmeira Santana, Cleison Oliveira da Silva, Diego Martins Sampaio dos Santos, Joao Raphael Ribeiro Rocha, Joedna Thaillyne Ferreira Guimar\u00e3es, Naise da Silva Cruz, Patrick Hammon Palmeira Ribeiro e Thaise Argolo da Silva.<\/li>\n<\/ul>\n\n\n\n<p>Outros cinco formandos, que n\u00e3o participaram da solenidade, colaram grau em gabinete: Aline Alves da Silva e Igor Rodrigo Figueiredo Nascimento (Zootecnia), e Claudileia Gon\u00e7alves Reis Piropo, Jocilene dos Santos Fernandes da Silva e Marccus Stangelo dos Santos Carvalho (Geografia).<\/p>\n\n\n\n<p><strong>Momentos de Gratid\u00e3o e Reconhecimento<\/strong><\/p>\n\n\n\n<p>A cerim\u00f4nia foi enriquecida com os discursos de autoridades e representantes dos formandos. A Diretora-geral do IF Baiano \u2013 Campus Santa In\u00eas,&nbsp;Professora Genilda Lima, parabenizou os formandos destacando a emo\u00e7\u00e3o e o orgulho pela trajet\u00f3ria de cada um. Em sua fala, relembrou os desafios enfrentados, reconheceu o esfor\u00e7o coletivo da comunidade acad\u00eamica e refor\u00e7ou o compromisso da institui\u00e7\u00e3o com a forma\u00e7\u00e3o de qualidade. Destacou, ainda, a import\u00e2ncia do campus na oferta desses cursos para o territ\u00f3rio do Vale do Jiquiri\u00e7\u00e1, contribuindo para o desenvolvimento educacional, cient\u00edfico e social da regi\u00e3o, finalizando com agradecimentos e a sensa\u00e7\u00e3o de miss\u00e3o cumprida.<\/p>\n\n\n\n<p>A&nbsp;Professora Rosineide Braz, paraninfa da turma de Ci\u00eancias Biol\u00f3gicas, definiu a formatura como um momento simb\u00f3lico que celebra o fim de um ciclo e anuncia novos come\u00e7os. Ela valorizou as trajet\u00f3rias individuais, a import\u00e2ncia da escola p\u00fablica como espa\u00e7o de transforma\u00e7\u00e3o e o papel das fam\u00edlias como pilares da conquista. Relembrando seus 15 anos no campus, homenageou os colegas que contribu\u00edram para a constru\u00e7\u00e3o do curso e reafirmou seu compromisso com a educa\u00e7\u00e3o p\u00fablica e os sonhos que florescem no Vale do Jiquiri\u00e7\u00e1.<\/p>\n\n\n\n<p>Tamb\u00e9m fizeram uso da palavra o Professor Marcelito Trindade, representando o Reitor do IF Baiano; a Professora Daniele Matos (Paraninfa de Zootecnia) e a Professora Patr\u00edcia Pena (Paraninfa de Geografia). Os oradores das turmas, Inara Costa (Zootecnia), C\u00e1ssia da Paix\u00e3o (Ci\u00eancias Biol\u00f3gicas) e Cleison Silva (Geografia), tamb\u00e9m emocionaram os presentes.<\/p>\n\n\n\n<p>Em depoimentos, os rec\u00e9m-formados expressaram a alegria do momento. &#8220;Grata sou por esta realiza\u00e7\u00e3o, onde a caminhada foi \u00e1rdua, mas a linha de chegada valeu cada passo&#8221;, disse C\u00e1ssia Costa, licenciada em Ci\u00eancias Biol\u00f3gicas.<\/p>\n\n\n\n<p>A formatura no IF Baiano &#8211; Campus Santa In\u00eas n\u00e3o apenas certificou novos profissionais, mas tamb\u00e9m celebrou a perseveran\u00e7a e o poder transformador da educa\u00e7\u00e3o, entregando \u00e0 sociedade cidad\u00e3os preparados para contribuir com o desenvolvimento da regi\u00e3o.<\/p>\n\n\n\n<figure class=\"wp-block-gallery has-nested-images columns-default is-cropped wp-block-gallery-3 is-layout-flex\">\n<figure class=\"wp-block-image size-large\"><a href=\"https:\/\/www.ifbaiano.edu.br\/unidades\/santaines\/files\/2025\/07\/9412-IMG_6440.webp\"><img decoding=\"async\" loading=\"lazy\" width=\"1024\" height=\"683\" data-id=\"24574\"  src=\"https:\/\/www.ifbaiano.edu.br\/unidades\/santaines\/files\/2025\/07\/9412-IMG_6440-1024x683.webp\" alt=\"\" class=\"wp-image-24574\" srcset=\"https:\/\/www.ifbaiano.edu.br\/unidades\/santaines\/files\/2025\/07\/9412-IMG_6440-1024x683.webp 1024w, https:\/\/www.ifbaiano.edu.br\/unidades\/santaines\/files\/2025\/07\/9412-IMG_6440-300x200.webp 300w, https:\/\/www.ifbaiano.edu.br\/unidades\/santaines\/files\/2025\/07\/9412-IMG_6440-768x512.webp 768w, https:\/\/www.ifbaiano.edu.br\/unidades\/santaines\/files\/2025\/07\/9412-IMG_6440-1536x1024.webp 1536w, https:\/\/www.ifbaiano.edu.br\/unidades\/santaines\/files\/2025\/07\/9412-IMG_6440-100x67.webp 100w, https:\/\/www.ifbaiano.edu.br\/unidades\/santaines\/files\/2025\/07\/9412-IMG_6440.webp 1620w\" sizes=\"(max-width: 1024px) 100vw, 1024px\" \/><\/a><\/figure>\n\n\n\n<figure class=\"wp-block-image size-large\"><a href=\"https:\/\/www.ifbaiano.edu.br\/unidades\/santaines\/files\/2025\/07\/9420-WhatsApp-Image-2025-07-14-at-10.31.58.webp\"><img decoding=\"async\" loading=\"lazy\" width=\"1024\" height=\"682\" data-id=\"24576\"  src=\"https:\/\/www.ifbaiano.edu.br\/unidades\/santaines\/files\/2025\/07\/9420-WhatsApp-Image-2025-07-14-at-10.31.58-1024x682.webp\" alt=\"\" class=\"wp-image-24576\" srcset=\"https:\/\/www.ifbaiano.edu.br\/unidades\/santaines\/files\/2025\/07\/9420-WhatsApp-Image-2025-07-14-at-10.31.58-1024x682.webp 1024w, https:\/\/www.ifbaiano.edu.br\/unidades\/santaines\/files\/2025\/07\/9420-WhatsApp-Image-2025-07-14-at-10.31.58-300x200.webp 300w, https:\/\/www.ifbaiano.edu.br\/unidades\/santaines\/files\/2025\/07\/9420-WhatsApp-Image-2025-07-14-at-10.31.58-768x512.webp 768w, https:\/\/www.ifbaiano.edu.br\/unidades\/santaines\/files\/2025\/07\/9420-WhatsApp-Image-2025-07-14-at-10.31.58-1536x1023.webp 1536w, https:\/\/www.ifbaiano.edu.br\/unidades\/santaines\/files\/2025\/07\/9420-WhatsApp-Image-2025-07-14-at-10.31.58-100x67.webp 100w, https:\/\/www.ifbaiano.edu.br\/unidades\/santaines\/files\/2025\/07\/9420-WhatsApp-Image-2025-07-14-at-10.31.58.webp 1600w\" sizes=\"(max-width: 1024px) 100vw, 1024px\" \/><\/a><\/figure>\n\n\n\n<figure class=\"wp-block-image size-large\"><a href=\"https:\/\/www.ifbaiano.edu.br\/unidades\/santaines\/files\/2025\/07\/9408-IMG_6444.webp\"><img decoding=\"async\" loading=\"lazy\" width=\"1024\" height=\"683\" data-id=\"24573\"  src=\"https:\/\/www.ifbaiano.edu.br\/unidades\/santaines\/files\/2025\/07\/9408-IMG_6444-1024x683.webp\" alt=\"\" class=\"wp-image-24573\" srcset=\"https:\/\/www.ifbaiano.edu.br\/unidades\/santaines\/files\/2025\/07\/9408-IMG_6444-1024x683.webp 1024w, https:\/\/www.ifbaiano.edu.br\/unidades\/santaines\/files\/2025\/07\/9408-IMG_6444-300x200.webp 300w, https:\/\/www.ifbaiano.edu.br\/unidades\/santaines\/files\/2025\/07\/9408-IMG_6444-768x512.webp 768w, https:\/\/www.ifbaiano.edu.br\/unidades\/santaines\/files\/2025\/07\/9408-IMG_6444-1536x1024.webp 1536w, https:\/\/www.ifbaiano.edu.br\/unidades\/santaines\/files\/2025\/07\/9408-IMG_6444-100x67.webp 100w, https:\/\/www.ifbaiano.edu.br\/unidades\/santaines\/files\/2025\/07\/9408-IMG_6444.webp 1620w\" sizes=\"(max-width: 1024px) 100vw, 1024px\" \/><\/a><\/figure>\n\n\n\n<figure class=\"wp-block-image size-large\"><a href=\"https:\/\/www.ifbaiano.edu.br\/unidades\/santaines\/files\/2025\/07\/9378-IMG_6513.webp\"><img decoding=\"async\" loading=\"lazy\" width=\"1024\" height=\"683\" data-id=\"24566\"  src=\"https:\/\/www.ifbaiano.edu.br\/unidades\/santaines\/files\/2025\/07\/9378-IMG_6513-1024x683.webp\" alt=\"\" class=\"wp-image-24566\" srcset=\"https:\/\/www.ifbaiano.edu.br\/unidades\/santaines\/files\/2025\/07\/9378-IMG_6513-1024x683.webp 1024w, https:\/\/www.ifbaiano.edu.br\/unidades\/santaines\/files\/2025\/07\/9378-IMG_6513-300x200.webp 300w, https:\/\/www.ifbaiano.edu.br\/unidades\/santaines\/files\/2025\/07\/9378-IMG_6513-768x512.webp 768w, https:\/\/www.ifbaiano.edu.br\/unidades\/santaines\/files\/2025\/07\/9378-IMG_6513-1536x1024.webp 1536w, https:\/\/www.ifbaiano.edu.br\/unidades\/santaines\/files\/2025\/07\/9378-IMG_6513-100x67.webp 100w, https:\/\/www.ifbaiano.edu.br\/unidades\/santaines\/files\/2025\/07\/9378-IMG_6513.webp 1620w\" sizes=\"(max-width: 1024px) 100vw, 1024px\" \/><\/a><\/figure>\n\n\n\n<figure class=\"wp-block-image size-large\"><a href=\"https:\/\/www.ifbaiano.edu.br\/unidades\/santaines\/files\/2025\/07\/9358-IMG_6655.webp\"><img decoding=\"async\" loading=\"lazy\" width=\"1024\" height=\"683\" data-id=\"24561\"  src=\"https:\/\/www.ifbaiano.edu.br\/unidades\/santaines\/files\/2025\/07\/9358-IMG_6655-1024x683.webp\" alt=\"\" class=\"wp-image-24561\" srcset=\"https:\/\/www.ifbaiano.edu.br\/unidades\/santaines\/files\/2025\/07\/9358-IMG_6655-1024x683.webp 1024w, https:\/\/www.ifbaiano.edu.br\/unidades\/santaines\/files\/2025\/07\/9358-IMG_6655-300x200.webp 300w, https:\/\/www.ifbaiano.edu.br\/unidades\/santaines\/files\/2025\/07\/9358-IMG_6655-768x512.webp 768w, https:\/\/www.ifbaiano.edu.br\/unidades\/santaines\/files\/2025\/07\/9358-IMG_6655-1536x1024.webp 1536w, https:\/\/www.ifbaiano.edu.br\/unidades\/santaines\/files\/2025\/07\/9358-IMG_6655-100x67.webp 100w, https:\/\/www.ifbaiano.edu.br\/unidades\/santaines\/files\/2025\/07\/9358-IMG_6655.webp 1620w\" sizes=\"(max-width: 1024px) 100vw, 1024px\" \/><\/a><\/figure>\n\n\n\n<figure class=\"wp-block-image size-large\"><a href=\"https:\/\/www.ifbaiano.edu.br\/unidades\/santaines\/files\/2025\/07\/9365-IMG_6594.webp\"><img decoding=\"async\" loading=\"lazy\" width=\"1024\" height=\"683\" data-id=\"24563\"  src=\"https:\/\/www.ifbaiano.edu.br\/unidades\/santaines\/files\/2025\/07\/9365-IMG_6594-1024x683.webp\" alt=\"\" class=\"wp-image-24563\" srcset=\"https:\/\/www.ifbaiano.edu.br\/unidades\/santaines\/files\/2025\/07\/9365-IMG_6594-1024x683.webp 1024w, https:\/\/www.ifbaiano.edu.br\/unidades\/santaines\/files\/2025\/07\/9365-IMG_6594-300x200.webp 300w, https:\/\/www.ifbaiano.edu.br\/unidades\/santaines\/files\/2025\/07\/9365-IMG_6594-768x512.webp 768w, https:\/\/www.ifbaiano.edu.br\/unidades\/santaines\/files\/2025\/07\/9365-IMG_6594-1536x1024.webp 1536w, https:\/\/www.ifbaiano.edu.br\/unidades\/santaines\/files\/2025\/07\/9365-IMG_6594-100x67.webp 100w, https:\/\/www.ifbaiano.edu.br\/unidades\/santaines\/files\/2025\/07\/9365-IMG_6594.webp 1620w\" sizes=\"(max-width: 1024px) 100vw, 1024px\" \/><\/a><\/figure>\n\n\n\n<figure class=\"wp-block-image size-large\"><a href=\"https:\/\/www.ifbaiano.edu.br\/unidades\/santaines\/files\/2025\/07\/9424-WhatsApp-Image-2025-07-14-at-10.31.59.webp\"><img decoding=\"async\" loading=\"lazy\" width=\"1024\" height=\"682\" data-id=\"24578\"  src=\"https:\/\/www.ifbaiano.edu.br\/unidades\/santaines\/files\/2025\/07\/9424-WhatsApp-Image-2025-07-14-at-10.31.59-1024x682.webp\" alt=\"\" class=\"wp-image-24578\" srcset=\"https:\/\/www.ifbaiano.edu.br\/unidades\/santaines\/files\/2025\/07\/9424-WhatsApp-Image-2025-07-14-at-10.31.59-1024x682.webp 1024w, https:\/\/www.ifbaiano.edu.br\/unidades\/santaines\/files\/2025\/07\/9424-WhatsApp-Image-2025-07-14-at-10.31.59-300x200.webp 300w, https:\/\/www.ifbaiano.edu.br\/unidades\/santaines\/files\/2025\/07\/9424-WhatsApp-Image-2025-07-14-at-10.31.59-768x512.webp 768w, https:\/\/www.ifbaiano.edu.br\/unidades\/santaines\/files\/2025\/07\/9424-WhatsApp-Image-2025-07-14-at-10.31.59-1536x1023.webp 1536w, https:\/\/www.ifbaiano.edu.br\/unidades\/santaines\/files\/2025\/07\/9424-WhatsApp-Image-2025-07-14-at-10.31.59-100x67.webp 100w, https:\/\/www.ifbaiano.edu.br\/unidades\/santaines\/files\/2025\/07\/9424-WhatsApp-Image-2025-07-14-at-10.31.59.webp 1600w\" sizes=\"(max-width: 1024px) 100vw, 1024px\" \/><\/a><\/figure>\n\n\n\n<figure class=\"wp-block-image size-large\"><a href=\"https:\/\/www.ifbaiano.edu.br\/unidades\/santaines\/files\/2025\/07\/9336-IMG_6809.webp\"><img decoding=\"async\" loading=\"lazy\" width=\"1024\" height=\"683\" data-id=\"24556\"  src=\"https:\/\/www.ifbaiano.edu.br\/unidades\/santaines\/files\/2025\/07\/9336-IMG_6809-1024x683.webp\" alt=\"\" class=\"wp-image-24556\" srcset=\"https:\/\/www.ifbaiano.edu.br\/unidades\/santaines\/files\/2025\/07\/9336-IMG_6809-1024x683.webp 1024w, https:\/\/www.ifbaiano.edu.br\/unidades\/santaines\/files\/2025\/07\/9336-IMG_6809-300x200.webp 300w, https:\/\/www.ifbaiano.edu.br\/unidades\/santaines\/files\/2025\/07\/9336-IMG_6809-768x512.webp 768w, https:\/\/www.ifbaiano.edu.br\/unidades\/santaines\/files\/2025\/07\/9336-IMG_6809-1536x1024.webp 1536w, https:\/\/www.ifbaiano.edu.br\/unidades\/santaines\/files\/2025\/07\/9336-IMG_6809-100x67.webp 100w, https:\/\/www.ifbaiano.edu.br\/unidades\/santaines\/files\/2025\/07\/9336-IMG_6809.webp 1620w\" sizes=\"(max-width: 1024px) 100vw, 1024px\" \/><\/a><\/figure>\n\n\n\n<figure class=\"wp-block-image size-large\"><a href=\"https:\/\/www.ifbaiano.edu.br\/unidades\/santaines\/files\/2025\/07\/9341-IMG_6755.webp\"><img decoding=\"async\" loading=\"lazy\" width=\"1024\" height=\"683\" data-id=\"24557\"  src=\"https:\/\/www.ifbaiano.edu.br\/unidades\/santaines\/files\/2025\/07\/9341-IMG_6755-1024x683.webp\" alt=\"\" class=\"wp-image-24557\" srcset=\"https:\/\/www.ifbaiano.edu.br\/unidades\/santaines\/files\/2025\/07\/9341-IMG_6755-1024x683.webp 1024w, https:\/\/www.ifbaiano.edu.br\/unidades\/santaines\/files\/2025\/07\/9341-IMG_6755-300x200.webp 300w, https:\/\/www.ifbaiano.edu.br\/unidades\/santaines\/files\/2025\/07\/9341-IMG_6755-768x512.webp 768w, https:\/\/www.ifbaiano.edu.br\/unidades\/santaines\/files\/2025\/07\/9341-IMG_6755-1536x1024.webp 1536w, https:\/\/www.ifbaiano.edu.br\/unidades\/santaines\/files\/2025\/07\/9341-IMG_6755-100x67.webp 100w, https:\/\/www.ifbaiano.edu.br\/unidades\/santaines\/files\/2025\/07\/9341-IMG_6755.webp 1620w\" sizes=\"(max-width: 1024px) 100vw, 1024px\" \/><\/a><\/figure>\n\n\n\n<figure class=\"wp-block-image size-large\"><a href=\"https:\/\/www.ifbaiano.edu.br\/unidades\/santaines\/files\/2025\/07\/9345-IMG_6721.webp\"><img decoding=\"async\" loading=\"lazy\" width=\"1024\" height=\"683\" data-id=\"24558\"  src=\"https:\/\/www.ifbaiano.edu.br\/unidades\/santaines\/files\/2025\/07\/9345-IMG_6721-1024x683.webp\" alt=\"\" class=\"wp-image-24558\" srcset=\"https:\/\/www.ifbaiano.edu.br\/unidades\/santaines\/files\/2025\/07\/9345-IMG_6721-1024x683.webp 1024w, https:\/\/www.ifbaiano.edu.br\/unidades\/santaines\/files\/2025\/07\/9345-IMG_6721-300x200.webp 300w, https:\/\/www.ifbaiano.edu.br\/unidades\/santaines\/files\/2025\/07\/9345-IMG_6721-768x512.webp 768w, https:\/\/www.ifbaiano.edu.br\/unidades\/santaines\/files\/2025\/07\/9345-IMG_6721-1536x1024.webp 1536w, https:\/\/www.ifbaiano.edu.br\/unidades\/santaines\/files\/2025\/07\/9345-IMG_6721-100x67.webp 100w, https:\/\/www.ifbaiano.edu.br\/unidades\/santaines\/files\/2025\/07\/9345-IMG_6721.webp 1620w\" sizes=\"(max-width: 1024px) 100vw, 1024px\" \/><\/a><\/figure>\n\n\n\n<figure class=\"wp-block-image size-large\"><a href=\"https:\/\/www.ifbaiano.edu.br\/unidades\/santaines\/files\/2025\/07\/9331-IMG_6832.webp\"><img decoding=\"async\" loading=\"lazy\" width=\"1024\" height=\"683\" data-id=\"24555\"  src=\"https:\/\/www.ifbaiano.edu.br\/unidades\/santaines\/files\/2025\/07\/9331-IMG_6832-1024x683.webp\" alt=\"\" class=\"wp-image-24555\" srcset=\"https:\/\/www.ifbaiano.edu.br\/unidades\/santaines\/files\/2025\/07\/9331-IMG_6832-1024x683.webp 1024w, https:\/\/www.ifbaiano.edu.br\/unidades\/santaines\/files\/2025\/07\/9331-IMG_6832-300x200.webp 300w, https:\/\/www.ifbaiano.edu.br\/unidades\/santaines\/files\/2025\/07\/9331-IMG_6832-768x512.webp 768w, https:\/\/www.ifbaiano.edu.br\/unidades\/santaines\/files\/2025\/07\/9331-IMG_6832-1536x1024.webp 1536w, https:\/\/www.ifbaiano.edu.br\/unidades\/santaines\/files\/2025\/07\/9331-IMG_6832-100x67.webp 100w, https:\/\/www.ifbaiano.edu.br\/unidades\/santaines\/files\/2025\/07\/9331-IMG_6832.webp 1620w\" sizes=\"(max-width: 1024px) 100vw, 1024px\" \/><\/a><\/figure>\n\n\n\n<figure class=\"wp-block-image size-large\"><a href=\"https:\/\/www.ifbaiano.edu.br\/unidades\/santaines\/files\/2025\/07\/9313-IMG_6933.webp\"><img decoding=\"async\" loading=\"lazy\" width=\"1024\" height=\"683\" data-id=\"24551\"  src=\"https:\/\/www.ifbaiano.edu.br\/unidades\/santaines\/files\/2025\/07\/9313-IMG_6933-1024x683.webp\" alt=\"\" class=\"wp-image-24551\" srcset=\"https:\/\/www.ifbaiano.edu.br\/unidades\/santaines\/files\/2025\/07\/9313-IMG_6933-1024x683.webp 1024w, https:\/\/www.ifbaiano.edu.br\/unidades\/santaines\/files\/2025\/07\/9313-IMG_6933-300x200.webp 300w, https:\/\/www.ifbaiano.edu.br\/unidades\/santaines\/files\/2025\/07\/9313-IMG_6933-768x512.webp 768w, https:\/\/www.ifbaiano.edu.br\/unidades\/santaines\/files\/2025\/07\/9313-IMG_6933-1536x1024.webp 1536w, https:\/\/www.ifbaiano.edu.br\/unidades\/santaines\/files\/2025\/07\/9313-IMG_6933-100x67.webp 100w, https:\/\/www.ifbaiano.edu.br\/unidades\/santaines\/files\/2025\/07\/9313-IMG_6933.webp 1620w\" sizes=\"(max-width: 1024px) 100vw, 1024px\" \/><\/a><\/figure>\n\n\n\n<figure class=\"wp-block-image size-large\"><a href=\"https:\/\/www.ifbaiano.edu.br\/unidades\/santaines\/files\/2025\/07\/9426-WhatsApp-Image-2025-07-14-at-10.32.53.webp\"><img decoding=\"async\" loading=\"lazy\" width=\"1024\" height=\"414\" data-id=\"24579\"  src=\"https:\/\/www.ifbaiano.edu.br\/unidades\/santaines\/files\/2025\/07\/9426-WhatsApp-Image-2025-07-14-at-10.32.53-1024x414.webp\" alt=\"\" class=\"wp-image-24579\" srcset=\"https:\/\/www.ifbaiano.edu.br\/unidades\/santaines\/files\/2025\/07\/9426-WhatsApp-Image-2025-07-14-at-10.32.53-1024x414.webp 1024w, https:\/\/www.ifbaiano.edu.br\/unidades\/santaines\/files\/2025\/07\/9426-WhatsApp-Image-2025-07-14-at-10.32.53-300x121.webp 300w, https:\/\/www.ifbaiano.edu.br\/unidades\/santaines\/files\/2025\/07\/9426-WhatsApp-Image-2025-07-14-at-10.32.53-768x311.webp 768w, https:\/\/www.ifbaiano.edu.br\/unidades\/santaines\/files\/2025\/07\/9426-WhatsApp-Image-2025-07-14-at-10.32.53-1536x621.webp 1536w, https:\/\/www.ifbaiano.edu.br\/unidades\/santaines\/files\/2025\/07\/9426-WhatsApp-Image-2025-07-14-at-10.32.53-100x40.webp 100w, https:\/\/www.ifbaiano.edu.br\/unidades\/santaines\/files\/2025\/07\/9426-WhatsApp-Image-2025-07-14-at-10.32.53.webp 1600w\" sizes=\"(max-width: 1024px) 100vw, 1024px\" \/><\/a><\/figure>\n<\/figure>\n\n\n\n<hr class=\"wp-block-separator has-alpha-channel-opacity\" \/>\n","protected":false},"excerpt":{"rendered":"<p>O Teatro An\u00e1lia Oliveira Santana foi palco de uma noite memor\u00e1vel no \u00faltimo s\u00e1bado, 12 de julho, com a cerim\u00f4nia de formatura dos cursos de Bacharelado em Zootecnia, Licenciatura em Ci\u00eancias Biol\u00f3gicas e Licenciatura em Geografia do Instituto Federal Baiano (IF Baiano) &#8211; Campus Santa In\u00eas. O evento, que teve in\u00edcio \u00e0s 18h, reuniu cerca [&hellip;]<\/p>\n","protected":false},"author":86,"featured_media":24580,"comment_status":"closed","ping_status":"closed","sticky":false,"template":"","format":"standard","meta":[],"categories":[4,5,57],"tags":[],"_links":{"self":[{"href":"https:\/\/www.ifbaiano.edu.br\/unidades\/santaines\/wp-json\/wp\/v2\/posts\/24546"}],"collection":[{"href":"https:\/\/www.ifbaiano.edu.br\/unidades\/santaines\/wp-json\/wp\/v2\/posts"}],"about":[{"href":"https:\/\/www.ifbaiano.edu.br\/unidades\/santaines\/wp-json\/wp\/v2\/types\/post"}],"author":[{"embeddable":true,"href":"https:\/\/www.ifbaiano.edu.br\/unidades\/santaines\/wp-json\/wp\/v2\/users\/86"}],"replies":[{"embeddable":true,"href":"https:\/\/www.ifbaiano.edu.br\/unidades\/santaines\/wp-json\/wp\/v2\/comments?post=24546"}],"version-history":[{"count":3,"href":"https:\/\/www.ifbaiano.edu.br\/unidades\/santaines\/wp-json\/wp\/v2\/posts\/24546\/revisions"}],"predecessor-version":[{"id":24582,"href":"https:\/\/www.ifbaiano.edu.br\/unidades\/santaines\/wp-json\/wp\/v2\/posts\/24546\/revisions\/24582"}],"wp:featuredmedia":[{"embeddable":true,"href":"https:\/\/www.ifbaiano.edu.br\/unidades\/santaines\/wp-json\/wp\/v2\/media\/24580"}],"wp:attachment":[{"href":"https:\/\/www.ifbaiano.edu.br\/unidades\/santaines\/wp-json\/wp\/v2\/media?parent=24546"}],"wp:term":[{"taxonomy":"category","embeddable":true,"href":"https:\/\/www.ifbaiano.edu.br\/unidades\/santaines\/wp-json\/wp\/v2\/categories?post=24546"},{"taxonomy":"post_tag","embeddable":true,"href":"https:\/\/www.ifbaiano.edu.br\/unidades\/santaines\/wp-json\/wp\/v2\/tags?post=24546"}],"curies":[{"name":"wp","href":"https:\/\/api.w.org\/{rel}","templated":true}]}}