{"id":24595,"date":"2025-07-16T13:03:01","date_gmt":"2025-07-16T16:03:01","guid":{"rendered":"https:\/\/www.ifbaiano.edu.br\/unidades\/santaines\/?p=24595"},"modified":"2025-07-16T13:03:02","modified_gmt":"2025-07-16T16:03:02","slug":"inscricoes-abertas-para-grupo-de-estudos-com-foco-no-enem-no-campus-santa-ines","status":"publish","type":"post","link":"https:\/\/www.ifbaiano.edu.br\/unidades\/santaines\/inscricoes-abertas-para-grupo-de-estudos-com-foco-no-enem-no-campus-santa-ines\/","title":{"rendered":"Inscri\u00e7\u00f5es Abertas para Grupo de Estudos com foco no ENEM no Campus Santa In\u00eas"},"content":{"rendered":"\n<p>O Grupo de Estudos em Matem\u00e1tica e suas Tecnologias com foco no ENEM (GEMTENEM) do Instituto Federal Baiano (IF Baiano) &#8211; Campus Santa In\u00eas est\u00e1 com inscri\u00e7\u00f5es abertas para ingresso de novos membros. A oportunidade \u00e9 destinada a todos os estudantes regularmente matriculados em qualquer um dos cursos t\u00e9cnicos ofertados pelo campus e que desejam aprofundar seus conhecimentos e se preparar para o Exame Nacional do Ensino M\u00e9dio (ENEM). Os interessados t\u00eam at\u00e9 o dia 22 de julho para se inscreverem.<\/p>\n\n\n\n<p>As inscri\u00e7\u00f5es s\u00e3o realizadas de forma online, em <a href=\"https:\/\/forms.office.com\/pages\/responsepage.aspx?id=5xcrDLTxvkWN6WRe5z-2HWaibnAtDcBJro1LJynlFoxUNFBVMVJPQ0tZUEI5N1ZPM1BWSVJESzlTMy4u&amp;fbclid=PAZXh0bgNhZW0CMTEAAaeO9RNjC1cG0UOI2h3iI1QvZC8xyN35bJyvwLNV7Inzgcdh5EtCKXYk6_lBnw_aem_t8CPwYKberH6KrRK1ipAtQ&amp;route=shorturl\">Formul\u00e1rio Pr\u00f3prio<\/a>. Para se inscrever \u00e9 importante que os candidatos preencham todos os campos obrigat\u00f3rios do formul\u00e1rio, uma vez que o sistema n\u00e3o coleta informa\u00e7\u00f5es pessoais, como nome e e-mail, de forma autom\u00e1tica. Esta \u00e9 uma excelente oportunidade para os alunos do IF Baiano &#8211; Campus Santa In\u00eas que buscam refor\u00e7ar sua prepara\u00e7\u00e3o para o exame nacional.<\/p>\n\n\n\n<p>O projeto, coordenado pelo Professor Me. \u00cdcaro Borges Tavares Moreira, oferece uma prepara\u00e7\u00e3o gratuita e de qualidade, focada na matriz de refer\u00eancia de Matem\u00e1tica e suas Tecnologias do ENEM. Durante as atividades semanais, os participantes ter\u00e3o a oportunidade de se aprofundar nos conte\u00fados exigidos na prova e compreender a Teoria de Resposta ao Item (TRI), metodologia utilizada para o c\u00e1lculo da nota do exame.<\/p>\n\n\n\n<p>O objetivo do GEMTENEM \u00e9 instrumentalizar os estudantes para que alcancem um desempenho de excel\u00eancia na prova de matem\u00e1tica, uma das \u00e1reas de maior peso no ENEM e decisiva para o ingresso no ensino superior.<\/p>\n\n\n\n<p>Para mais informa\u00e7\u00f5es, os estudantes devem procurar a coordena\u00e7\u00e3o do GEMTENEM, no campus.<\/p>\n\n\n\n<hr class=\"wp-block-separator has-alpha-channel-opacity\" \/>\n","protected":false},"excerpt":{"rendered":"<p>Oportunidade para estudantes dos cursos t\u00e9cnicos se prepararem gratuitamente para o ENEM<\/p>\n","protected":false},"author":86,"featured_media":24596,"comment_status":"closed","ping_status":"closed","sticky":false,"template":"","format":"standard","meta":[],"categories":[4,38,5,57],"tags":[],"_links":{"self":[{"href":"https:\/\/www.ifbaiano.edu.br\/unidades\/santaines\/wp-json\/wp\/v2\/posts\/24595"}],"collection":[{"href":"https:\/\/www.ifbaiano.edu.br\/unidades\/santaines\/wp-json\/wp\/v2\/posts"}],"about":[{"href":"https:\/\/www.ifbaiano.edu.br\/unidades\/santaines\/wp-json\/wp\/v2\/types\/post"}],"author":[{"embeddable":true,"href":"https:\/\/www.ifbaiano.edu.br\/unidades\/santaines\/wp-json\/wp\/v2\/users\/86"}],"replies":[{"embeddable":true,"href":"https:\/\/www.ifbaiano.edu.br\/unidades\/santaines\/wp-json\/wp\/v2\/comments?post=24595"}],"version-history":[{"count":1,"href":"https:\/\/www.ifbaiano.edu.br\/unidades\/santaines\/wp-json\/wp\/v2\/posts\/24595\/revisions"}],"predecessor-version":[{"id":24597,"href":"https:\/\/www.ifbaiano.edu.br\/unidades\/santaines\/wp-json\/wp\/v2\/posts\/24595\/revisions\/24597"}],"wp:featuredmedia":[{"embeddable":true,"href":"https:\/\/www.ifbaiano.edu.br\/unidades\/santaines\/wp-json\/wp\/v2\/media\/24596"}],"wp:attachment":[{"href":"https:\/\/www.ifbaiano.edu.br\/unidades\/santaines\/wp-json\/wp\/v2\/media?parent=24595"}],"wp:term":[{"taxonomy":"category","embeddable":true,"href":"https:\/\/www.ifbaiano.edu.br\/unidades\/santaines\/wp-json\/wp\/v2\/categories?post=24595"},{"taxonomy":"post_tag","embeddable":true,"href":"https:\/\/www.ifbaiano.edu.br\/unidades\/santaines\/wp-json\/wp\/v2\/tags?post=24595"}],"curies":[{"name":"wp","href":"https:\/\/api.w.org\/{rel}","templated":true}]}}