{"id":24608,"date":"2025-07-17T15:40:41","date_gmt":"2025-07-17T18:40:41","guid":{"rendered":"https:\/\/www.ifbaiano.edu.br\/unidades\/santaines\/?p=24608"},"modified":"2025-07-17T15:41:37","modified_gmt":"2025-07-17T18:41:37","slug":"if-baiano-promove-palestra-com-rita-von-hunty-sobre-subalternizacao-e-producao-do-conhecimento","status":"publish","type":"post","link":"https:\/\/www.ifbaiano.edu.br\/unidades\/santaines\/if-baiano-promove-palestra-com-rita-von-hunty-sobre-subalternizacao-e-producao-do-conhecimento\/","title":{"rendered":"IF Baiano promove palestra com Rita von Hunty sobre subalterniza\u00e7\u00e3o e produ\u00e7\u00e3o do conhecimento"},"content":{"rendered":"\n<p>O Instituto Federal de Educa\u00e7\u00e3o, Ci\u00eancia e Tecnologia Baiano (IF Baiano) realizar\u00e1, no pr\u00f3ximo dia 21 de julho, \u00e0s 14h30, na Unidade Jo\u00e3o Batista, em Salvador, a palestra \u201cSujeitos e Produ\u00e7\u00e3o do Conhecimento: Reflex\u00f5es sobre Poder e Subalterniza\u00e7\u00e3o\u201d, ministrada pela cr\u00edtica cultural, pesquisadora e colunista drag queen Rita von Hunty. A media\u00e7\u00e3o ficar\u00e1 a cargo de Enluarina Ferro, persona drag da atriz e servidora do IF Baiano, Iara Colina.<\/p>\n\n\n\n<p>A a\u00e7\u00e3o \u00e9 voltada a servidores e estudantes do IF Baiano, e \u00e0 comunidade externa.&nbsp;<a href=\"https:\/\/suap.ifbaiano.edu.br\/eventos\/inscricao\/2551\/\" target=\"_blank\" rel=\"noreferrer noopener\">Vagas presenciais<\/a>&nbsp;estar\u00e3o sujeitas \u00e0 lota\u00e7\u00e3o do espa\u00e7o. Interessados tamb\u00e9m poder\u00e3o acompanhar a palestra por meio da&nbsp;<a href=\"https:\/\/www.youtube.com\/live\/BQ-TM5frbG0\">transmiss\u00e3o ao vivo pela TV Bem Baiano<\/a>, canal oficial do IF Baiano no YouTube.<\/p>\n\n\n\n<h3 class=\"wp-block-heading\"><strong>Sobre a palestra<\/strong><\/h3>\n\n\n\n<p>A palestra \u201cSujeitos e Produ\u00e7\u00e3o do Conhecimento: Reflex\u00f5es sobre Poder e Subalterniza\u00e7\u00e3o\u201d tem o objetivo de fomentar reflex\u00f5es sobre desigualdades hist\u00f3ricas e estruturais nos processos de produ\u00e7\u00e3o do conhecimento, destacando como quest\u00f5es de g\u00eanero, sexualidade, ra\u00e7a e classe atravessam o fazer cient\u00edfico e educacional.<\/p>\n\n\n\n<p>A a\u00e7\u00e3o \u00e9 uma iniciativa do N\u00facleo de Estudos em G\u00eanero e Sexualidade (GENI) do IF Baiano \u2013 Campus Valen\u00e7a, vinculado \u00e0 Coordena\u00e7\u00e3o de Pol\u00edticas de A\u00e7\u00f5es Educacionais para Equidade e Diversidade (CPAEED) da Pr\u00f3-Reitoria de Ensino (Proen), e integra o projeto Geni em A\u00e7\u00e3o.&nbsp;<\/p>\n\n\n\n<p>A atividade \u00e9 tamb\u00e9m uma oportunidade de promover forma\u00e7\u00e3o continuada e sensibiliza\u00e7\u00e3o sobre as quest\u00f5es de g\u00eanero e sexualidade, em conson\u00e2ncia com as pol\u00edticas afirmativas e compromissos institucionais do IF Baiano. \u201cO evento representa n\u00e3o apenas uma atividade formativa, mas um marco simb\u00f3lico e pol\u00edtico para o IF Baiano, afirmando sua identidade institucional como espa\u00e7o de inclus\u00e3o, di\u00e1logo e respeito \u00e0 diversidade\u201d, destaca Cec\u00edlia Nunes, coordenadora da CPAEED.<\/p>\n\n\n\n<p><strong>Rita von Hunty<\/strong>&nbsp;\u2013 \u00e9 a persona drag do ator e professor Guilherme Terreri Pereira. Desde 2015, comanda o canal do YouTube Tempero Drag, no qual apresenta v\u00eddeos educativos sobre pol\u00edtica, filosofia, sociologia, literatura e direitos humanos. Nascido em Ribeir\u00e3o Preto (SP), Guilherme \u00e9 graduado em Artes C\u00eanicas pela Universidade Federal do Estado do Rio de Janeiro (UNIRIO) e possui forma\u00e7\u00e3o em Letras e Pedagogia. Al\u00e9m de sua forte presen\u00e7a nas redes sociais, com mais de 2 milh\u00f5es de seguidores, Rita atua como palestrante e debatedora em eventos acad\u00eamicos por todo o Brasil e \u00e9 colunista de ve\u00edculos como a Carta Capital.<\/p>\n\n\n\n<p><strong>Enluarina Ferro<\/strong>&nbsp;\u2013 mediadora da palestra, \u00e9 a persona drag criada em 2022 pela atriz e servidora do IF Baiano Iara Colina, e vice-campe\u00e3 do concurso drag \u201cSuper Talento Bahia 2024\u201d. Iara \u00e9 bacharela em Dire\u00e7\u00e3o Teatral (UFBA), mestra em Letras (UESC-BA) e atua como T\u00e9cnica Administrativa em Educa\u00e7\u00e3o no IF Baiano. \u00c9 pesquisadora em G\u00eanero e Sexualidade, idealizadora e membra do GENI, al\u00e9m de integrar o Gedisex \u2013 Grupo de Pesquisas e Pr\u00e1ticas em G\u00eanero, Diversidade e Sexualidade, ambos do IF Baiano. Em 2024, passou tamb\u00e9m a atuar como o Drag King Dom Gatto.<\/p>\n\n\n\n<h3 class=\"wp-block-heading\">\u2013<\/h3>\n\n\n\n<h3 class=\"wp-block-heading\"><strong>Palestra \u201cSujeitos e Produ\u00e7\u00e3o do Conhecimento: Reflex\u00f5es sobre Poder e Subalterniza\u00e7\u00e3o\u201d<\/strong><\/h3>\n\n\n\n<p><strong>Palestrante:<\/strong>&nbsp;Rita von Hunty<br><strong>Media\u00e7\u00e3o:<\/strong>&nbsp;Enluarina Ferro<br><strong>Data:<\/strong>&nbsp;21 de julho de 2025<br><strong>Hor\u00e1rio:<\/strong>&nbsp;14h30<br><strong>Local:<\/strong>&nbsp;IF Baiano: Unidade Jo\u00e3o Batista \u2013 Endere\u00e7o: Av. Tancredo Neves, 2242 \u2013 STIEP, Salvador \u2013 BA<br><strong>Transmiss\u00e3o ao vivo:<\/strong>&nbsp;<a href=\"https:\/\/www.youtube.com\/live\/BQ-TM5frbG0\">TV Bem Baiano (YouTube)<\/a><\/p>\n\n\n\n<figure class=\"wp-block-image\"><img decoding=\"async\" src=\"https:\/\/ifbaiano.edu.br\/portal\/wp-content\/uploads\/2025\/07\/8273-card-rita-von-hunty-ifbaiano-819x1024.webp\" alt=\"\" class=\"wp-image-35923\" \/><\/figure>\n\n\n\n<hr class=\"wp-block-separator has-alpha-channel-opacity\" \/>\n","protected":false},"excerpt":{"rendered":"<p>Evento ser\u00e1 em Salvador, com transmiss\u00e3o ao vivo pelo canal do IF Baiano no YouTube<\/p>\n","protected":false},"author":86,"featured_media":24609,"comment_status":"closed","ping_status":"closed","sticky":false,"template":"","format":"standard","meta":[],"categories":[4,5,57],"tags":[],"_links":{"self":[{"href":"https:\/\/www.ifbaiano.edu.br\/unidades\/santaines\/wp-json\/wp\/v2\/posts\/24608"}],"collection":[{"href":"https:\/\/www.ifbaiano.edu.br\/unidades\/santaines\/wp-json\/wp\/v2\/posts"}],"about":[{"href":"https:\/\/www.ifbaiano.edu.br\/unidades\/santaines\/wp-json\/wp\/v2\/types\/post"}],"author":[{"embeddable":true,"href":"https:\/\/www.ifbaiano.edu.br\/unidades\/santaines\/wp-json\/wp\/v2\/users\/86"}],"replies":[{"embeddable":true,"href":"https:\/\/www.ifbaiano.edu.br\/unidades\/santaines\/wp-json\/wp\/v2\/comments?post=24608"}],"version-history":[{"count":1,"href":"https:\/\/www.ifbaiano.edu.br\/unidades\/santaines\/wp-json\/wp\/v2\/posts\/24608\/revisions"}],"predecessor-version":[{"id":24610,"href":"https:\/\/www.ifbaiano.edu.br\/unidades\/santaines\/wp-json\/wp\/v2\/posts\/24608\/revisions\/24610"}],"wp:featuredmedia":[{"embeddable":true,"href":"https:\/\/www.ifbaiano.edu.br\/unidades\/santaines\/wp-json\/wp\/v2\/media\/24609"}],"wp:attachment":[{"href":"https:\/\/www.ifbaiano.edu.br\/unidades\/santaines\/wp-json\/wp\/v2\/media?parent=24608"}],"wp:term":[{"taxonomy":"category","embeddable":true,"href":"https:\/\/www.ifbaiano.edu.br\/unidades\/santaines\/wp-json\/wp\/v2\/categories?post=24608"},{"taxonomy":"post_tag","embeddable":true,"href":"https:\/\/www.ifbaiano.edu.br\/unidades\/santaines\/wp-json\/wp\/v2\/tags?post=24608"}],"curies":[{"name":"wp","href":"https:\/\/api.w.org\/{rel}","templated":true}]}}