{"id":24613,"date":"2025-07-22T12:54:42","date_gmt":"2025-07-22T15:54:42","guid":{"rendered":"https:\/\/www.ifbaiano.edu.br\/unidades\/santaines\/?p=24613"},"modified":"2025-07-22T12:54:42","modified_gmt":"2025-07-22T15:54:42","slug":"campus-santa-ines-lanca-edital-do-pincel-2025-para-incentivo-a-cultura-esporte-e-lazer","status":"publish","type":"post","link":"https:\/\/www.ifbaiano.edu.br\/unidades\/santaines\/campus-santa-ines-lanca-edital-do-pincel-2025-para-incentivo-a-cultura-esporte-e-lazer\/","title":{"rendered":"Campus Santa In\u00eas lan\u00e7a edital do PINCEL 2025 para incentivo \u00e0 cultura, esporte e lazer"},"content":{"rendered":"\n<p>O Instituto Federal de Educa\u00e7\u00e3o, Ci\u00eancia e Tecnologia Baiano (IF Baiano) &#8211; Campus Santa In\u00eas tornou p\u00fablico o\u00a0<strong><a href=\"https:\/\/concurso.ifbaiano.edu.br\/portal\/pincel-santa-ines-julho-2025\/wp-content\/uploads\/sites\/1223\/2025\/07\/Edital-PINCEL-No-22_2025.pdf\">Edital N\u00ba 22\/2025<\/a><\/strong>, que regulamenta o\u00a0<strong>Programa de Incentivo \u00e0 Cultura, Esporte e Lazer (PINCEL)<\/strong>. O Edital, de fluxo cont\u00ednuo, tem como objetivo principal propiciar aos estudantes a participa\u00e7\u00e3o em atividades art\u00edsticas, culturais e esportivas, visando a melhoria do desempenho acad\u00eamico e a plena forma\u00e7\u00e3o cidad\u00e3.<\/p>\n\n\n\n<p>O programa destina-se, prioritariamente, a estudantes em situa\u00e7\u00e3o de vulnerabilidade socioecon\u00f4mica, matriculados em cursos t\u00e9cnicos presenciais ou a dist\u00e2ncia, ou cursos de gradua\u00e7\u00e3o. Para o exerc\u00edcio de 2025, o campus reservou um montante de R$ 2.000,00 para o custeio dos aux\u00edlios.<\/p>\n\n\n\n<p><strong>Modalidades de Aux\u00edlio<\/strong><\/p>\n\n\n\n<p>O PINCEL 2025 contempla duas modalidades de apoio financeiro:<\/p>\n\n\n\n<ol type=\"1\" start=\"1\">\n<li><strong>Aux\u00edlio para Atividades Esportivas:<\/strong>&nbsp;Destinado a apoiar a participa\u00e7\u00e3o de estudantes como atletas competidores em atividades desportivas. O aux\u00edlio pode cobrir despesas com forma\u00e7\u00e3o desportiva, equipamentos, alimenta\u00e7\u00e3o, passagens, hospedagem, taxa de inscri\u00e7\u00e3o e compra de materiais. N\u00e3o ser\u00e3o contempladas pr\u00e1ticas com animais, armas ou a participa\u00e7\u00e3o como espectador.<\/li>\n\n\n\n<li><strong>Aux\u00edlio para Atividades Art\u00edsticas e Culturais:<\/strong>&nbsp;Visa estimular a participa\u00e7\u00e3o em eventos como idas ao cinema, teatro, museus, mostras, concertos, feiras, entre outros, desde que atrelados a projetos institucionais ou disciplinas do curso. O apoio pode ser usado para custear despesas com ingressos, forma\u00e7\u00e3o, equipamentos, materiais, alimenta\u00e7\u00e3o, passagens e hospedagem.<\/li>\n<\/ol>\n\n\n\n<p><strong>Quem pode participar? Principais pr\u00e9-requisitos<\/strong><\/p>\n\n\n\n<p>Para se candidatar ao aux\u00edlio, o estudante dever\u00e1 atender aos seguintes crit\u00e9rios:<\/p>\n\n\n\n<ul>\n<li>Estar regularmente matriculado e com frequ\u00eancia m\u00ednima de 75%;<\/li>\n\n\n\n<li>Possuir renda familiar per capita de at\u00e9 um sal\u00e1rio-m\u00ednimo vigente;<\/li>\n\n\n\n<li>Estar, prioritariamente, em situa\u00e7\u00e3o de vulnerabilidade socioecon\u00f4mica (a comprova\u00e7\u00e3o pode incluir o Cad\u00danico);<\/li>\n\n\n\n<li>Apresentar bom desempenho acad\u00eamico;<\/li>\n\n\n\n<li>N\u00e3o receber outra bolsa de programas oficiais.<\/li>\n<\/ul>\n\n\n\n<p><strong>Como e quando solicitar?<\/strong><\/p>\n\n\n\n<p>As solicita\u00e7\u00f5es funcionam em regime de&nbsp;<strong>fluxo cont\u00ednuo<\/strong>, ou seja, podem ser feitas a qualquer momento, desde que obede\u00e7am a um prazo de anteced\u00eancia. Os pedidos devem ser enviados para o e-mail&nbsp;<strong><a href=\"https:\/\/www.google.com\/url?sa=E&amp;q=mailto%3Aclae%40si.ifbaiano.edu.br\" target=\"_blank\" rel=\"noreferrer noopener\">clae@si.ifbaiano.edu.br<\/a><\/strong>&nbsp;com no m\u00ednimo&nbsp;<strong>30 dias<\/strong>&nbsp;e no m\u00e1ximo&nbsp;<strong>60 dias<\/strong>&nbsp;de anteced\u00eancia da data da atividade.<\/p>\n\n\n\n<p>O estudante interessado dever\u00e1 preencher o <a href=\"https:\/\/concurso.ifbaiano.edu.br\/portal\/pincel-santa-ines-julho-2025\/wp-content\/uploads\/sites\/1223\/2025\/07\/ANEXO-I-FORMULARIO-DE-INSCRICAO.pdf\">formul\u00e1rio de inscri\u00e7\u00e3o<\/a> (Anexo I do edital) e anexar os documentos pertinentes, como justificativa do professor orientador, comprovante do evento (folder ou convite), cota\u00e7\u00f5es de passagens e materiais, entre outros especificados no edital.<\/p>\n\n\n\n<p><strong>An\u00e1lise e Resultados<\/strong><\/p>\n\n\n\n<p>Os pedidos ser\u00e3o analisados pelo N\u00facleo de Cultura, Esporte e Lazer (NCEL), que avaliar\u00e1 a relev\u00e2ncia da atividade para a forma\u00e7\u00e3o do estudante e o interesse institucional. Os resultados das solicita\u00e7\u00f5es ser\u00e3o divulgados em at\u00e9 15 dias corridos ap\u00f3s a formaliza\u00e7\u00e3o do pedido.<\/p>\n\n\n\n<p>Para mais detalhes sobre os valores dos aux\u00edlios, crit\u00e9rios de desempate, presta\u00e7\u00e3o de contas e demais regras, \u00e9 fundamental a leitura completa do edital. Todos os documentos referentes ao PINCEL 2025 podem ser consultados na <a href=\"https:\/\/concurso.ifbaiano.edu.br\/portal\/pincel-santa-ines-julho-2025\/\">P\u00e1gina  de Concursos<\/a>, no portal do IF Baiano.<\/p>\n\n\n\n<p><strong>D\u00favidas?<\/strong>\u00a0Entre em contato pelo e-mail:\u00a0<strong><a rel=\"noreferrer noopener\" href=\"https:\/\/www.google.com\/url?sa=E&amp;q=mailto%3Aclae%40si.ifbaiano.edu.br\" target=\"_blank\">clae@si.ifbaiano.edu.br<\/a><\/strong>.<\/p>\n\n\n\n<hr class=\"wp-block-separator has-alpha-channel-opacity\" \/>\n","protected":false},"excerpt":{"rendered":"<p>O Edital visa apoiar financeiramente estudantes em vulnerabilidade socioecon\u00f4mica para participa\u00e7\u00e3o em eventos e atividades que contribuam para sua forma\u00e7\u00e3o integral.<\/p>\n","protected":false},"author":86,"featured_media":24614,"comment_status":"closed","ping_status":"closed","sticky":false,"template":"","format":"standard","meta":[],"categories":[4,38,5,57],"tags":[],"_links":{"self":[{"href":"https:\/\/www.ifbaiano.edu.br\/unidades\/santaines\/wp-json\/wp\/v2\/posts\/24613"}],"collection":[{"href":"https:\/\/www.ifbaiano.edu.br\/unidades\/santaines\/wp-json\/wp\/v2\/posts"}],"about":[{"href":"https:\/\/www.ifbaiano.edu.br\/unidades\/santaines\/wp-json\/wp\/v2\/types\/post"}],"author":[{"embeddable":true,"href":"https:\/\/www.ifbaiano.edu.br\/unidades\/santaines\/wp-json\/wp\/v2\/users\/86"}],"replies":[{"embeddable":true,"href":"https:\/\/www.ifbaiano.edu.br\/unidades\/santaines\/wp-json\/wp\/v2\/comments?post=24613"}],"version-history":[{"count":1,"href":"https:\/\/www.ifbaiano.edu.br\/unidades\/santaines\/wp-json\/wp\/v2\/posts\/24613\/revisions"}],"predecessor-version":[{"id":24615,"href":"https:\/\/www.ifbaiano.edu.br\/unidades\/santaines\/wp-json\/wp\/v2\/posts\/24613\/revisions\/24615"}],"wp:featuredmedia":[{"embeddable":true,"href":"https:\/\/www.ifbaiano.edu.br\/unidades\/santaines\/wp-json\/wp\/v2\/media\/24614"}],"wp:attachment":[{"href":"https:\/\/www.ifbaiano.edu.br\/unidades\/santaines\/wp-json\/wp\/v2\/media?parent=24613"}],"wp:term":[{"taxonomy":"category","embeddable":true,"href":"https:\/\/www.ifbaiano.edu.br\/unidades\/santaines\/wp-json\/wp\/v2\/categories?post=24613"},{"taxonomy":"post_tag","embeddable":true,"href":"https:\/\/www.ifbaiano.edu.br\/unidades\/santaines\/wp-json\/wp\/v2\/tags?post=24613"}],"curies":[{"name":"wp","href":"https:\/\/api.w.org\/{rel}","templated":true}]}}