{"id":24627,"date":"2025-07-23T15:46:00","date_gmt":"2025-07-23T18:46:00","guid":{"rendered":"https:\/\/www.ifbaiano.edu.br\/unidades\/santaines\/?p=24627"},"modified":"2025-07-23T15:46:01","modified_gmt":"2025-07-23T18:46:01","slug":"rita-von-hunty-discute-subalternizacao-na-producao-do-conhecimento-com-comunidade-do-if-baiano","status":"publish","type":"post","link":"https:\/\/www.ifbaiano.edu.br\/unidades\/santaines\/rita-von-hunty-discute-subalternizacao-na-producao-do-conhecimento-com-comunidade-do-if-baiano\/","title":{"rendered":"Rita von Hunty discute subalterniza\u00e7\u00e3o na produ\u00e7\u00e3o do conhecimento com comunidade do IF Baiano"},"content":{"rendered":"\n<p>Na \u00faltima segunda-feira, 21 de julho, o Instituto Federal de Educa\u00e7\u00e3o, Ci\u00eancia e Tecnologia Baiano (IF Baiano) realizou, na Unidade Jo\u00e3o Batista, em Salvador, a palestra \u201cSujeitos e Produ\u00e7\u00e3o do Conhecimento: Reflex\u00f5es sobre Poder e Subalterniza\u00e7\u00e3o\u201d, ministrada por Rita von Hunty, persona drag do ator e professor Guilherme Terreri.&nbsp;<\/p>\n\n\n\n<p>Presen\u00e7a marcante nas redes sociais como cr\u00edtica cultural, pesquisadora e educadora, Rita von Hunty compartilhou reflex\u00f5es sobre os mecanismos hist\u00f3ricos de exclus\u00e3o na produ\u00e7\u00e3o do conhecimento durante o evento.<\/p>\n\n\n\n<figure class=\"wp-block-image\"><img decoding=\"async\" src=\"https:\/\/ifbaiano.edu.br\/portal\/wp-content\/uploads\/2025\/07\/0876-palestra-rita-von-hunty-1024x666.webp\" alt=\"\" class=\"wp-image-35976\" \/><\/figure>\n\n\n\n<p>A atividade integrou o projeto GENI em A\u00e7\u00e3o, iniciativa do N\u00facleo de Estudos em G\u00eanero e Sexualidade (GENI) do&nbsp;<em>Campus<\/em>&nbsp;Valen\u00e7a, vinculado \u00e0 Coordena\u00e7\u00e3o de Pol\u00edticas de A\u00e7\u00f5es Educacionais para Equidade e Diversidade (CPAEED) da Pr\u00f3-Reitoria de Ensino (Proen). A media\u00e7\u00e3o foi conduzida por Enluarina Ferro, persona drag da atriz e servidora do IF Baiano, Iara Colina.<\/p>\n\n\n\n<p>A palestra foi transmitida ao vivo pelo canal oficial do IF Baiano no YouTube, e teve casa cheia em Salvador: todas as 120 vagas disponibilizadas para a participa\u00e7\u00e3o presencial no evento foram preenchidas em poucas horas de abertura de inscri\u00e7\u00e3o.<\/p>\n\n\n\n<p>Segundo a organiza\u00e7\u00e3o do evento, a alta ades\u00e3o demonstra o interesse e a urg\u00eancia do debate proposto. \u201cA gente espera que esse evento j\u00e1 fa\u00e7a o que ele vem fazendo s\u00f3 por essa movimenta\u00e7\u00e3o t\u00e3o profunda que ele causou em toda a institui\u00e7\u00e3o. Diretores dos diferentes&nbsp;<em>campi<\/em>&nbsp;fizeram um esfor\u00e7o para estarem presentes, e contamos com a participa\u00e7\u00e3o de personalidades externas importantes\u201d, comentou Cec\u00edlia Nunes, coordenadora da CPAEED.<\/p>\n\n\n\n<p>Al\u00e9m de gestores do IF Baiano, prestigiaram o evento a deputada L\u00eddice da Mata, a ex-senadora e ex-prefeita de Salvador, a promotora de Justi\u00e7a da 1\u00aa Promotoria de Direitos Humanos do MP-BA, M\u00e1rcia Ribeiro Teixeira, e a advogada e pesquisadora, Tatiana Badar\u00f3.<\/p>\n\n\n\n<figure class=\"wp-block-gallery has-nested-images columns-default is-cropped wp-block-gallery-1 is-layout-flex\">\n<figure class=\"wp-block-image size-large\"><a href=\"https:\/\/www.ifbaiano.edu.br\/unidades\/santaines\/files\/2025\/07\/6101-2-Rita-von-hunty-lidice.webp\"><img decoding=\"async\" loading=\"lazy\" width=\"576\" height=\"326\" data-id=\"24629\"  src=\"https:\/\/www.ifbaiano.edu.br\/unidades\/santaines\/files\/2025\/07\/6101-2-Rita-von-hunty-lidice.webp\" alt=\"\" class=\"wp-image-24629\" srcset=\"https:\/\/www.ifbaiano.edu.br\/unidades\/santaines\/files\/2025\/07\/6101-2-Rita-von-hunty-lidice.webp 576w, https:\/\/www.ifbaiano.edu.br\/unidades\/santaines\/files\/2025\/07\/6101-2-Rita-von-hunty-lidice-300x170.webp 300w, https:\/\/www.ifbaiano.edu.br\/unidades\/santaines\/files\/2025\/07\/6101-2-Rita-von-hunty-lidice-100x57.webp 100w\" sizes=\"(max-width: 576px) 100vw, 576px\" \/><\/a><\/figure>\n\n\n\n<figure class=\"wp-block-image size-large\"><a href=\"https:\/\/www.ifbaiano.edu.br\/unidades\/santaines\/files\/2025\/07\/6103-3-Rita-Von.webp\"><img decoding=\"async\" loading=\"lazy\" width=\"1024\" height=\"576\" data-id=\"24633\"  src=\"https:\/\/www.ifbaiano.edu.br\/unidades\/santaines\/files\/2025\/07\/6103-3-Rita-Von-1024x576.webp\" alt=\"\" class=\"wp-image-24633\" srcset=\"https:\/\/www.ifbaiano.edu.br\/unidades\/santaines\/files\/2025\/07\/6103-3-Rita-Von-1024x576.webp 1024w, https:\/\/www.ifbaiano.edu.br\/unidades\/santaines\/files\/2025\/07\/6103-3-Rita-Von-300x169.webp 300w, https:\/\/www.ifbaiano.edu.br\/unidades\/santaines\/files\/2025\/07\/6103-3-Rita-Von-768x432.webp 768w, https:\/\/www.ifbaiano.edu.br\/unidades\/santaines\/files\/2025\/07\/6103-3-Rita-Von-100x56.webp 100w, https:\/\/www.ifbaiano.edu.br\/unidades\/santaines\/files\/2025\/07\/6103-3-Rita-Von.webp 1536w\" sizes=\"(max-width: 1024px) 100vw, 1024px\" \/><\/a><\/figure>\n<\/figure>\n\n\n\n<h3 class=\"wp-block-heading\">\u201cNenhuma hierarquia social \u00e9 natural, elas s\u00e3o frutos de disputas e lutas sociais\u201d<\/h3>\n\n\n\n<p>Durante a palestra, Rita von Hunty analisou as estruturas sociais que historicamente exclu\u00edram determinados corpos do reconhecimento pleno como sujeitos de conhecimento. Para ela, \u00e9 fundamental compreender as ra\u00edzes dessas exclus\u00f5es e questionar suas perman\u00eancias no presente. \u201cO que a gente tentou construir aqui \u00e9 uma compreens\u00e3o de quais processos hist\u00f3ricos est\u00e3o envolvidos na produ\u00e7\u00e3o de modalidades que v\u00e3o ser aceitas como seres humanos poss\u00edveis e seres humanos que devem ser execrados, destru\u00eddos, apagados.\u201d<\/p>\n\n\n\n<p>A palavra \u201csubalterniza\u00e7\u00e3o\u201d, como destacou, foi central para a discuss\u00e3o. \u201cA mensagem que precisa ser levada \u00e9 que a gente desnaturalize qualquer concep\u00e7\u00e3o hier\u00e1rquica social. Nenhuma hierarquia social \u00e9 natural, elas s\u00e3o frutos de disputas e lutas sociais. Sabendo disso, a gente pode escolher quais lutas e disputas fazer.\u201d<\/p>\n\n\n\n<p>Rita tamb\u00e9m comentou sobre a relev\u00e2ncia de se abrir discuss\u00f5es sobre g\u00eanero e sexualidade em espa\u00e7os como o IF Baiano, que dialogam com jovens estudantes que est\u00e3o construindo suas subjetividades. \u201cA import\u00e2ncia acima de tudo \u00e9 uma import\u00e2ncia humana. A gente vive em um pa\u00eds que \u00e9 um l\u00edder hist\u00f3rico de assassinato de pessoas LGBT. Quando a gente pensa em transfobia, o Brasil lidera o ranking de assassinato de pessoas trans. Em m\u00e9dia, uma pessoa trans assassinada no Brasil tinha 35 anos. Isso j\u00e1 seria motivo suficiente para a gente fazer esses debates.\u201d<\/p>\n\n\n\n<h3 class=\"wp-block-heading\"><strong>Compromisso institucional com a equidade<\/strong><\/h3>\n\n\n\n<p>A coordenadora da CPAEED, professora Cec\u00edlia Nunes, destacou que a atividade nasceu de uma articula\u00e7\u00e3o entre o GENI Valen\u00e7a e a comunidade acad\u00eamica, a partir da percep\u00e7\u00e3o da import\u00e2ncia de discutir os corpos e sujeitos historicamente marginalizados. Ela tamb\u00e9m enfatizou o papel do GENI no acolhimento de sujeitos que est\u00e3o \u00e0 margem da norma. \u201cO GENI trabalha para que todos os estudantes possam ter acesso e espa\u00e7o dentro da institui\u00e7\u00e3o sendo quem s\u00e3o, quem podem ser. Essas pessoas j\u00e1 chegam ao IF sofrendo preconceitos. O n\u00facleo acolhe esses estudantes, mas tamb\u00e9m servidores e, em especial, as mulheres, que vivem cotidianamente situa\u00e7\u00f5es de ass\u00e9dio\u201d, completou.<\/p>\n\n\n\n<p>O reitor do IF Baiano, A\u00e9cio Jos\u00e9 Duarte, ressaltou a import\u00e2ncia da palestra para fortalecer a diversidade e a inclus\u00e3o na institui\u00e7\u00e3o. \u201cA vinda de Rita von Hunty nos trouxe perspectivas para que n\u00f3s nos consolidemos como institui\u00e7\u00e3o de ensino diversa\u201d, apontou. Segundo ele, a atividade foi marcada por um \u201ctrabalho fant\u00e1stico, trazendo autores diversos, trazendo uma reflex\u00e3o sobre a subalterniza\u00e7\u00e3o, sobre como o poder subalterniza a sexualidade, as pessoas, o que n\u00f3s efetivamente somos como produto da sociedade.\u201d Ele tamb\u00e9m elogiou a atua\u00e7\u00e3o do GENI e a mobiliza\u00e7\u00e3o institucional para a realiza\u00e7\u00e3o do evento.&nbsp;<\/p>\n\n\n\n<figure class=\"wp-block-gallery has-nested-images columns-default is-cropped wp-block-gallery-3 is-layout-flex\">\n<figure class=\"wp-block-image size-large\"><a href=\"https:\/\/www.ifbaiano.edu.br\/unidades\/santaines\/files\/2025\/07\/6103-4-Rita-Von.webp\"><img decoding=\"async\" loading=\"lazy\" width=\"720\" height=\"797\" data-id=\"24631\"  src=\"https:\/\/www.ifbaiano.edu.br\/unidades\/santaines\/files\/2025\/07\/6103-4-Rita-Von.webp\" alt=\"\" class=\"wp-image-24631\" srcset=\"https:\/\/www.ifbaiano.edu.br\/unidades\/santaines\/files\/2025\/07\/6103-4-Rita-Von.webp 720w, https:\/\/www.ifbaiano.edu.br\/unidades\/santaines\/files\/2025\/07\/6103-4-Rita-Von-271x300.webp 271w, https:\/\/www.ifbaiano.edu.br\/unidades\/santaines\/files\/2025\/07\/6103-4-Rita-Von-100x111.webp 100w\" sizes=\"(max-width: 720px) 100vw, 720px\" \/><\/a><\/figure>\n\n\n\n<figure class=\"wp-block-image size-large\"><a href=\"https:\/\/www.ifbaiano.edu.br\/unidades\/santaines\/files\/2025\/07\/6103-5-Rita-Von.webp\"><img decoding=\"async\" loading=\"lazy\" width=\"1024\" height=\"683\" data-id=\"24635\"  src=\"https:\/\/www.ifbaiano.edu.br\/unidades\/santaines\/files\/2025\/07\/6103-5-Rita-Von-1024x683.webp\" alt=\"\" class=\"wp-image-24635\" srcset=\"https:\/\/www.ifbaiano.edu.br\/unidades\/santaines\/files\/2025\/07\/6103-5-Rita-Von-1024x683.webp 1024w, https:\/\/www.ifbaiano.edu.br\/unidades\/santaines\/files\/2025\/07\/6103-5-Rita-Von-300x200.webp 300w, https:\/\/www.ifbaiano.edu.br\/unidades\/santaines\/files\/2025\/07\/6103-5-Rita-Von-768x512.webp 768w, https:\/\/www.ifbaiano.edu.br\/unidades\/santaines\/files\/2025\/07\/6103-5-Rita-Von-100x67.webp 100w, https:\/\/www.ifbaiano.edu.br\/unidades\/santaines\/files\/2025\/07\/6103-5-Rita-Von.webp 1536w\" sizes=\"(max-width: 1024px) 100vw, 1024px\" \/><\/a><\/figure>\n\n\n\n<figure class=\"wp-block-image size-large\"><a href=\"https:\/\/www.ifbaiano.edu.br\/unidades\/santaines\/files\/2025\/07\/6103-6-Rita-Von.webp\"><img decoding=\"async\" loading=\"lazy\" width=\"1024\" height=\"952\" data-id=\"24632\"  src=\"https:\/\/www.ifbaiano.edu.br\/unidades\/santaines\/files\/2025\/07\/6103-6-Rita-Von-1024x952.webp\" alt=\"\" class=\"wp-image-24632\" srcset=\"https:\/\/www.ifbaiano.edu.br\/unidades\/santaines\/files\/2025\/07\/6103-6-Rita-Von-1024x952.webp 1024w, https:\/\/www.ifbaiano.edu.br\/unidades\/santaines\/files\/2025\/07\/6103-6-Rita-Von-300x279.webp 300w, https:\/\/www.ifbaiano.edu.br\/unidades\/santaines\/files\/2025\/07\/6103-6-Rita-Von-768x714.webp 768w, https:\/\/www.ifbaiano.edu.br\/unidades\/santaines\/files\/2025\/07\/6103-6-Rita-Von-100x93.webp 100w, https:\/\/www.ifbaiano.edu.br\/unidades\/santaines\/files\/2025\/07\/6103-6-Rita-Von.webp 1162w\" sizes=\"(max-width: 1024px) 100vw, 1024px\" \/><\/a><\/figure>\n<\/figure>\n\n\n\n<p>A pr\u00f3-reitora de Ensino do IF Baiano, K\u00e1tia Vilela, avaliou a palestra como um momento de impacto formativo e simb\u00f3lico. Segundo ela, eventos como esse fortalecem o papel da institui\u00e7\u00e3o como espa\u00e7o de pensamento cr\u00edtico. \u201cEsse evento de hoje foi um presente para todos n\u00f3s. A Rita rompeu sil\u00eancios, trouxe v\u00e1rias provoca\u00e7\u00f5es e nos mostrou que o conhecimento tamb\u00e9m se constr\u00f3i \u00e0s margens das dissid\u00eancias e das multiplicidades\u201d, ressaltou.<\/p>\n\n\n\n<p>Integrante do Geni do&nbsp;<em>Campus<\/em>&nbsp;Valen\u00e7a, o docente Perimar Moura, destacou a import\u00e2ncia da atua\u00e7\u00e3o de Rita von Hunty para a forma\u00e7\u00e3o e debate sobre as desigualdades. \u201cFoi um privil\u00e9gio gigantesco. As quest\u00f5es de opress\u00e3o s\u00e3o muito atuais. A inclus\u00e3o n\u00e3o \u00e9 um favor que se faz \u00e0s pessoas, \u00e9 uma quest\u00e3o de humanidade. Para superar isso, precisamos da populariza\u00e7\u00e3o desse conhecimento. A Rita cumpre esse papel, porque tira o debate de dentro dos muros acad\u00eamicos e leva at\u00e9 as pessoas nos lugares mais distantes\u201d, comentou. Para ele, a\u00e7\u00f5es como essa tornam a inclus\u00e3o uma pr\u00e1tica real e concreta dentro da institui\u00e7\u00e3o.<\/p>\n\n\n\n<figure class=\"wp-block-gallery has-nested-images columns-default is-cropped wp-block-gallery-5 is-layout-flex\">\n<figure class=\"wp-block-image size-large\"><a href=\"https:\/\/www.ifbaiano.edu.br\/unidades\/santaines\/files\/2025\/07\/6103-7-Rita-Von.webp\"><img decoding=\"async\" loading=\"lazy\" width=\"1024\" height=\"768\" data-id=\"24634\"  src=\"https:\/\/www.ifbaiano.edu.br\/unidades\/santaines\/files\/2025\/07\/6103-7-Rita-Von-1024x768.webp\" alt=\"\" class=\"wp-image-24634\" srcset=\"https:\/\/www.ifbaiano.edu.br\/unidades\/santaines\/files\/2025\/07\/6103-7-Rita-Von-1024x768.webp 1024w, https:\/\/www.ifbaiano.edu.br\/unidades\/santaines\/files\/2025\/07\/6103-7-Rita-Von-300x225.webp 300w, https:\/\/www.ifbaiano.edu.br\/unidades\/santaines\/files\/2025\/07\/6103-7-Rita-Von-768x576.webp 768w, https:\/\/www.ifbaiano.edu.br\/unidades\/santaines\/files\/2025\/07\/6103-7-Rita-Von-100x75.webp 100w, https:\/\/www.ifbaiano.edu.br\/unidades\/santaines\/files\/2025\/07\/6103-7-Rita-Von.webp 1440w\" sizes=\"(max-width: 1024px) 100vw, 1024px\" \/><\/a><\/figure>\n\n\n\n<figure class=\"wp-block-image size-large\"><a href=\"https:\/\/www.ifbaiano.edu.br\/unidades\/santaines\/files\/2025\/07\/6103-8-Rita-Von.webp\"><img decoding=\"async\" loading=\"lazy\" width=\"994\" height=\"625\" data-id=\"24630\"  src=\"https:\/\/www.ifbaiano.edu.br\/unidades\/santaines\/files\/2025\/07\/6103-8-Rita-Von.webp\" alt=\"\" class=\"wp-image-24630\" srcset=\"https:\/\/www.ifbaiano.edu.br\/unidades\/santaines\/files\/2025\/07\/6103-8-Rita-Von.webp 994w, https:\/\/www.ifbaiano.edu.br\/unidades\/santaines\/files\/2025\/07\/6103-8-Rita-Von-300x189.webp 300w, https:\/\/www.ifbaiano.edu.br\/unidades\/santaines\/files\/2025\/07\/6103-8-Rita-Von-768x483.webp 768w, https:\/\/www.ifbaiano.edu.br\/unidades\/santaines\/files\/2025\/07\/6103-8-Rita-Von-100x63.webp 100w\" sizes=\"(max-width: 994px) 100vw, 994px\" \/><\/a><\/figure>\n\n\n\n<figure class=\"wp-block-image size-large\"><a href=\"https:\/\/www.ifbaiano.edu.br\/unidades\/santaines\/files\/2025\/07\/6103-9-Rita-Von.webp\"><img decoding=\"async\" loading=\"lazy\" width=\"1024\" height=\"683\" data-id=\"24636\"  src=\"https:\/\/www.ifbaiano.edu.br\/unidades\/santaines\/files\/2025\/07\/6103-9-Rita-Von-1024x683.webp\" alt=\"\" class=\"wp-image-24636\" srcset=\"https:\/\/www.ifbaiano.edu.br\/unidades\/santaines\/files\/2025\/07\/6103-9-Rita-Von-1024x683.webp 1024w, https:\/\/www.ifbaiano.edu.br\/unidades\/santaines\/files\/2025\/07\/6103-9-Rita-Von-300x200.webp 300w, https:\/\/www.ifbaiano.edu.br\/unidades\/santaines\/files\/2025\/07\/6103-9-Rita-Von-768x512.webp 768w, https:\/\/www.ifbaiano.edu.br\/unidades\/santaines\/files\/2025\/07\/6103-9-Rita-Von-100x67.webp 100w, https:\/\/www.ifbaiano.edu.br\/unidades\/santaines\/files\/2025\/07\/6103-9-Rita-Von.webp 1536w\" sizes=\"(max-width: 1024px) 100vw, 1024px\" \/><\/a><\/figure>\n<\/figure>\n\n\n\n<p><strong>Assista<\/strong>\u00a0\u2013 A palestra \u201cSujeitos e Produ\u00e7\u00e3o do Conhecimento: Reflex\u00f5es sobre Poder e Subalterniza\u00e7\u00e3o\u201d est\u00e1 dispon\u00edvel na \u00edntegra no canal oficial do IF Baiano no YouTube:<br><a href=\"https:\/\/www.youtube.com\/watch?v=BQ-TM5frbG0\">https:\/\/www.youtube.com\/watch?v=BQ-TM5frbG0<\/a><\/p>\n\n\n\n<hr class=\"wp-block-separator has-alpha-channel-opacity\" \/>\n","protected":false},"excerpt":{"rendered":"<p>Evento realizado em Salvador contou com ampla participa\u00e7\u00e3o e transmiss\u00e3o ao vivo para os campi do Instituto<\/p>\n","protected":false},"author":86,"featured_media":24628,"comment_status":"closed","ping_status":"closed","sticky":false,"template":"","format":"standard","meta":[],"categories":[4,5,10,57],"tags":[],"_links":{"self":[{"href":"https:\/\/www.ifbaiano.edu.br\/unidades\/santaines\/wp-json\/wp\/v2\/posts\/24627"}],"collection":[{"href":"https:\/\/www.ifbaiano.edu.br\/unidades\/santaines\/wp-json\/wp\/v2\/posts"}],"about":[{"href":"https:\/\/www.ifbaiano.edu.br\/unidades\/santaines\/wp-json\/wp\/v2\/types\/post"}],"author":[{"embeddable":true,"href":"https:\/\/www.ifbaiano.edu.br\/unidades\/santaines\/wp-json\/wp\/v2\/users\/86"}],"replies":[{"embeddable":true,"href":"https:\/\/www.ifbaiano.edu.br\/unidades\/santaines\/wp-json\/wp\/v2\/comments?post=24627"}],"version-history":[{"count":1,"href":"https:\/\/www.ifbaiano.edu.br\/unidades\/santaines\/wp-json\/wp\/v2\/posts\/24627\/revisions"}],"predecessor-version":[{"id":24637,"href":"https:\/\/www.ifbaiano.edu.br\/unidades\/santaines\/wp-json\/wp\/v2\/posts\/24627\/revisions\/24637"}],"wp:featuredmedia":[{"embeddable":true,"href":"https:\/\/www.ifbaiano.edu.br\/unidades\/santaines\/wp-json\/wp\/v2\/media\/24628"}],"wp:attachment":[{"href":"https:\/\/www.ifbaiano.edu.br\/unidades\/santaines\/wp-json\/wp\/v2\/media?parent=24627"}],"wp:term":[{"taxonomy":"category","embeddable":true,"href":"https:\/\/www.ifbaiano.edu.br\/unidades\/santaines\/wp-json\/wp\/v2\/categories?post=24627"},{"taxonomy":"post_tag","embeddable":true,"href":"https:\/\/www.ifbaiano.edu.br\/unidades\/santaines\/wp-json\/wp\/v2\/tags?post=24627"}],"curies":[{"name":"wp","href":"https:\/\/api.w.org\/{rel}","templated":true}]}}