{"id":24654,"date":"2025-07-24T07:18:44","date_gmt":"2025-07-24T10:18:44","guid":{"rendered":"https:\/\/www.ifbaiano.edu.br\/unidades\/santaines\/?p=24654"},"modified":"2025-07-24T07:18:45","modified_gmt":"2025-07-24T10:18:45","slug":"chamada-seleciona-docentes-para-construcao-de-curriculos-de-referencia-dos-cursos-integrados","status":"publish","type":"post","link":"https:\/\/www.ifbaiano.edu.br\/unidades\/santaines\/chamada-seleciona-docentes-para-construcao-de-curriculos-de-referencia-dos-cursos-integrados\/","title":{"rendered":"Chamada seleciona docentes para constru\u00e7\u00e3o de curr\u00edculos de refer\u00eancia dos cursos integrados"},"content":{"rendered":"\n<p>A pr\u00f3-reitoria de Ensino do IF Baiano (Proen) publicou chamada p\u00fablica, por meio do&nbsp;<a href=\"https:\/\/concurso.ifbaiano.edu.br\/portal\/chamada-publica-grupo-de-trabalho-construcao-de-conhecimento-junho-2025\/wp-content\/uploads\/sites\/1224\/2025\/07\/edital-chamada-publica-173-2025.pdf\" target=\"_blank\" rel=\"noreferrer noopener\">Edital n\u00b0 173\/2025<\/a>, para selecionar docentes para a atua\u00e7\u00e3o em Grupos de Trabalho (GTs) respons\u00e1veis pela constru\u00e7\u00e3o do rol de conhecimentos para a estrutura\u00e7\u00e3o dos novos curr\u00edculos de refer\u00eancia de cursos integrados. Ao todo, ser\u00e3o formados 27 (vinte e sete) grupos de trabalho.&nbsp;<\/p>\n\n\n\n<p>Os curr\u00edculos de refer\u00eancia s\u00e3o documentos orientadores que fundamentam os projetos pedag\u00f3gicos dos cursos t\u00e9cnicos integrados ao Ensino M\u00e9dio do IF Baiano, indicando diretrizes, compet\u00eancias, habilidades e conhecimentos essenciais para a forma\u00e7\u00e3o profissional qualificada e integral dos estudantes.<\/p>\n\n\n\n<p>Podem se candidatar docentes da \u00e1rea t\u00e9cnica e da base comum do IF Baiano, ocupantes do cargo de Professor(a) EBTT. Al\u00e9m disso, s\u00e3o requisitos para a candidatura, ser servidor do quadro ativo e permanente do IF Baiano, ter atua\u00e7\u00e3o comprovada em cursos t\u00e9cnicos integrados ao Ensino M\u00e9dio do IF Baiano nos \u00faltimos cinco anos, n\u00e3o estar em gozo de licen\u00e7as e afastamentos e n\u00e3o estar em&nbsp;processo de redistribui\u00e7\u00e3o.<\/p>\n\n\n\n<h3 class=\"wp-block-heading\"><strong>Inscri\u00e7\u00f5es<\/strong><\/h3>\n\n\n\n<p>Interessados t\u00eam de&nbsp;<strong>28 de julho a 15 de agosto de 2025<\/strong>&nbsp;para se inscreverem, por meio do formul\u00e1rio eletr\u00f4nico que estar\u00e1 dispon\u00edvel na&nbsp;<a rel=\"noreferrer noopener\" href=\"https:\/\/concurso.ifbaiano.edu.br\/portal\/chamada-publica-grupo-de-trabalho-construcao-de-conhecimento-junho-2025\/\" target=\"_blank\">p\u00e1gina da sele\u00e7\u00e3o<\/a>. Ser\u00e1 necess\u00e1rio anexar ao formul\u00e1rio de inscri\u00e7\u00e3o os documentos comprobat\u00f3rios conforme o&nbsp;<a rel=\"noreferrer noopener\" href=\"https:\/\/concurso.ifbaiano.edu.br\/portal\/chamada-publica-grupo-de-trabalho-construcao-de-conhecimento-junho-2025\/wp-content\/uploads\/sites\/1224\/2025\/07\/edital-chamada-publica-173-2025.pdf\" target=\"_blank\">ANEXO II do Edital (Quadro de T\u00edtulos)<\/a>.&nbsp;<\/p>\n\n\n\n<h3 class=\"wp-block-heading\"><strong>Por que participar?<\/strong><\/h3>\n\n\n\n<p>Docentes selecionados para os GTs poder\u00e3o contribuir ativamente e efetivamente com a estrutura\u00e7\u00e3o dos novos curr\u00edculos dos cursos integrados. Al\u00e9m disso, os participantes dos grupos de trabalho ser\u00e3o&nbsp;<strong>autores de uma publica\u00e7\u00e3o (ISBN)<\/strong>&nbsp;onde os curr\u00edculos de refer\u00eancia ser\u00e3o organizados.<\/p>\n\n\n\n<p><strong>Resultados<\/strong>&nbsp;\u2013 Segundo o cronograma de sele\u00e7\u00e3o, o resultado preliminar da sele\u00e7\u00e3o ser\u00e1 divulgado em 29 de agosto de 2025, e o resultado final em 3 de setembro de 2025.&nbsp;<\/p>\n\n\n\n<p>Acesse o edital e acompanhe a publica\u00e7\u00e3o dos resultados na\u00a0<a href=\"https:\/\/concurso.ifbaiano.edu.br\/portal\/chamada-publica-grupo-de-trabalho-construcao-de-conhecimento-junho-2025\/\">p\u00e1gina oficial da sele\u00e7\u00e3o<\/a>.<\/p>\n\n\n\n<hr class=\"wp-block-separator has-alpha-channel-opacity\" \/>\n","protected":false},"excerpt":{"rendered":"<p>Inscri\u00e7\u00f5es de 28 de julho a 15 de agosto de 2025<\/p>\n","protected":false},"author":86,"featured_media":24655,"comment_status":"closed","ping_status":"closed","sticky":false,"template":"","format":"standard","meta":[],"categories":[4,5,8,57],"tags":[],"_links":{"self":[{"href":"https:\/\/www.ifbaiano.edu.br\/unidades\/santaines\/wp-json\/wp\/v2\/posts\/24654"}],"collection":[{"href":"https:\/\/www.ifbaiano.edu.br\/unidades\/santaines\/wp-json\/wp\/v2\/posts"}],"about":[{"href":"https:\/\/www.ifbaiano.edu.br\/unidades\/santaines\/wp-json\/wp\/v2\/types\/post"}],"author":[{"embeddable":true,"href":"https:\/\/www.ifbaiano.edu.br\/unidades\/santaines\/wp-json\/wp\/v2\/users\/86"}],"replies":[{"embeddable":true,"href":"https:\/\/www.ifbaiano.edu.br\/unidades\/santaines\/wp-json\/wp\/v2\/comments?post=24654"}],"version-history":[{"count":1,"href":"https:\/\/www.ifbaiano.edu.br\/unidades\/santaines\/wp-json\/wp\/v2\/posts\/24654\/revisions"}],"predecessor-version":[{"id":24656,"href":"https:\/\/www.ifbaiano.edu.br\/unidades\/santaines\/wp-json\/wp\/v2\/posts\/24654\/revisions\/24656"}],"wp:featuredmedia":[{"embeddable":true,"href":"https:\/\/www.ifbaiano.edu.br\/unidades\/santaines\/wp-json\/wp\/v2\/media\/24655"}],"wp:attachment":[{"href":"https:\/\/www.ifbaiano.edu.br\/unidades\/santaines\/wp-json\/wp\/v2\/media?parent=24654"}],"wp:term":[{"taxonomy":"category","embeddable":true,"href":"https:\/\/www.ifbaiano.edu.br\/unidades\/santaines\/wp-json\/wp\/v2\/categories?post=24654"},{"taxonomy":"post_tag","embeddable":true,"href":"https:\/\/www.ifbaiano.edu.br\/unidades\/santaines\/wp-json\/wp\/v2\/tags?post=24654"}],"curies":[{"name":"wp","href":"https:\/\/api.w.org\/{rel}","templated":true}]}}