{"id":24693,"date":"2025-07-25T17:14:17","date_gmt":"2025-07-25T20:14:17","guid":{"rendered":"https:\/\/www.ifbaiano.edu.br\/unidades\/santaines\/?p=24693"},"modified":"2025-07-25T17:14:17","modified_gmt":"2025-07-25T20:14:17","slug":"if-baiano-campus-santa-ines-celebra-a-formacao-de-novas-turmas-da-educacao-de-jovens-e-adultos-eja-etp","status":"publish","type":"post","link":"https:\/\/www.ifbaiano.edu.br\/unidades\/santaines\/if-baiano-campus-santa-ines-celebra-a-formacao-de-novas-turmas-da-educacao-de-jovens-e-adultos-eja-etp\/","title":{"rendered":"IF Baiano &#8211; Campus Santa In\u00eas celebra a forma\u00e7\u00e3o de novas turmas da Educa\u00e7\u00e3o de Jovens e Adultos (EJA-ETP)"},"content":{"rendered":"\n<figure class=\"wp-block-image size-large\"><a href=\"https:\/\/www.ifbaiano.edu.br\/unidades\/santaines\/files\/2025\/07\/2737-Cursos-FIC-2025-4.webp\"><img decoding=\"async\" loading=\"lazy\" width=\"1024\" height=\"611\" src=\"https:\/\/www.ifbaiano.edu.br\/unidades\/santaines\/files\/2025\/07\/2737-Cursos-FIC-2025-4-1024x611.webp\" alt=\"\" class=\"wp-image-24700\" srcset=\"https:\/\/www.ifbaiano.edu.br\/unidades\/santaines\/files\/2025\/07\/2737-Cursos-FIC-2025-4-1024x611.webp 1024w, https:\/\/www.ifbaiano.edu.br\/unidades\/santaines\/files\/2025\/07\/2737-Cursos-FIC-2025-4-300x179.webp 300w, https:\/\/www.ifbaiano.edu.br\/unidades\/santaines\/files\/2025\/07\/2737-Cursos-FIC-2025-4-768x459.webp 768w, https:\/\/www.ifbaiano.edu.br\/unidades\/santaines\/files\/2025\/07\/2737-Cursos-FIC-2025-4-1536x917.webp 1536w, https:\/\/www.ifbaiano.edu.br\/unidades\/santaines\/files\/2025\/07\/2737-Cursos-FIC-2025-4-100x60.webp 100w, https:\/\/www.ifbaiano.edu.br\/unidades\/santaines\/files\/2025\/07\/2737-Cursos-FIC-2025-4.webp 1809w\" sizes=\"(max-width: 1024px) 100vw, 1024px\" \/><\/a><\/figure>\n\n\n\n<p>Em uma noite de celebra\u00e7\u00e3o e reconhecimento, o Instituto Federal Baiano (IF Baiano) &#8211; Campus Santa In\u00eas realizou, na \u00faltima quinta-feira, 24 de julho de 2025, a cerim\u00f4nia de certifica\u00e7\u00e3o dos concluintes dos cursos de Forma\u00e7\u00e3o Inicial e Continuada (FIC) na modalidade de Educa\u00e7\u00e3o de Jovens e Adultos (EJA-ETP). O evento, realizado \u00e0s 19h30 no audit\u00f3rio da institui\u00e7\u00e3o, marcou a conclus\u00e3o de novas turmas de Padeiro e de Processadores de Doces e Conservas, qualificando profissionais para o mercado de trabalho.<\/p>\n\n\n\n<p>Durante aproximadamente tr\u00eas meses, entre 07 de abril e 23 de julho, os estudantes se dedicaram a uma forma\u00e7\u00e3o intensiva que combinou conhecimentos te\u00f3ricos e atividades pr\u00e1ticas. Com aulas \u00e0s ter\u00e7as e quintas-feiras, os alunos conciliaram os novos estudos com suas atividades regulares, demonstrando not\u00e1vel perseveran\u00e7a e comprometimento.<\/p>\n\n\n\n<figure class=\"wp-block-gallery has-nested-images columns-default is-cropped wp-block-gallery-1 is-layout-flex\">\n<figure class=\"wp-block-image size-large\"><a href=\"https:\/\/www.ifbaiano.edu.br\/unidades\/santaines\/files\/2025\/07\/2720-Cursos-FIC-2025-1.webp\"><img decoding=\"async\" loading=\"lazy\" width=\"1024\" height=\"484\" data-id=\"24697\"  src=\"https:\/\/www.ifbaiano.edu.br\/unidades\/santaines\/files\/2025\/07\/2720-Cursos-FIC-2025-1-1024x484.webp\" alt=\"\" class=\"wp-image-24697\" srcset=\"https:\/\/www.ifbaiano.edu.br\/unidades\/santaines\/files\/2025\/07\/2720-Cursos-FIC-2025-1-1024x484.webp 1024w, https:\/\/www.ifbaiano.edu.br\/unidades\/santaines\/files\/2025\/07\/2720-Cursos-FIC-2025-1-300x142.webp 300w, https:\/\/www.ifbaiano.edu.br\/unidades\/santaines\/files\/2025\/07\/2720-Cursos-FIC-2025-1-768x363.webp 768w, https:\/\/www.ifbaiano.edu.br\/unidades\/santaines\/files\/2025\/07\/2720-Cursos-FIC-2025-1-1536x725.webp 1536w, https:\/\/www.ifbaiano.edu.br\/unidades\/santaines\/files\/2025\/07\/2720-Cursos-FIC-2025-1-2048x967.webp 2048w, https:\/\/www.ifbaiano.edu.br\/unidades\/santaines\/files\/2025\/07\/2720-Cursos-FIC-2025-1-100x47.webp 100w\" sizes=\"(max-width: 1024px) 100vw, 1024px\" \/><\/a><\/figure>\n<\/figure>\n\n\n\n<p>Segundo a coordenadora dos cursos FIC, professora Patr\u00edcia Neves, a certifica\u00e7\u00e3o \u00e9 um momento de grande significado. &#8220;Esta etapa representa o reconhecimento do empenho e da dedica\u00e7\u00e3o dos estudantes. O esfor\u00e7o desses alunos \u00e9 marcado pela perseveran\u00e7a e pela vontade constante de aprender, superando os desafios encontrados em suas trajet\u00f3rias&#8221;, destacou a coordenadora.<\/p>\n\n\n\n<p>A oferta de cursos voltados para a modalidade EJA \u00e9 uma das frentes de atua\u00e7\u00e3o mais importantes do IF Baiano, pois promove a inclus\u00e3o e a transforma\u00e7\u00e3o social. &#8220;Esses cursos oferecem a oportunidade de retomada e continuidade da forma\u00e7\u00e3o para pessoas que, por diversos motivos, n\u00e3o puderam concluir seus estudos no tempo convencional, ampliando as possibilidades de desenvolvimento pessoal, profissional e de cidadania&#8221;, explicou Patr\u00edcia Neves.<\/p>\n\n\n\n<figure class=\"wp-block-image size-large\"><a href=\"https:\/\/www.ifbaiano.edu.br\/unidades\/santaines\/files\/2025\/07\/2866-Cursos-FIC-2025-6-.webp\"><img decoding=\"async\" loading=\"lazy\" width=\"1024\" height=\"485\" src=\"https:\/\/www.ifbaiano.edu.br\/unidades\/santaines\/files\/2025\/07\/2866-Cursos-FIC-2025-6--1024x485.webp\" alt=\"\" class=\"wp-image-24701\" srcset=\"https:\/\/www.ifbaiano.edu.br\/unidades\/santaines\/files\/2025\/07\/2866-Cursos-FIC-2025-6--1024x485.webp 1024w, https:\/\/www.ifbaiano.edu.br\/unidades\/santaines\/files\/2025\/07\/2866-Cursos-FIC-2025-6--300x142.webp 300w, https:\/\/www.ifbaiano.edu.br\/unidades\/santaines\/files\/2025\/07\/2866-Cursos-FIC-2025-6--768x364.webp 768w, https:\/\/www.ifbaiano.edu.br\/unidades\/santaines\/files\/2025\/07\/2866-Cursos-FIC-2025-6--1536x728.webp 1536w, https:\/\/www.ifbaiano.edu.br\/unidades\/santaines\/files\/2025\/07\/2866-Cursos-FIC-2025-6--2048x970.webp 2048w, https:\/\/www.ifbaiano.edu.br\/unidades\/santaines\/files\/2025\/07\/2866-Cursos-FIC-2025-6--100x47.webp 100w\" sizes=\"(max-width: 1024px) 100vw, 1024px\" \/><\/a><\/figure>\n\n\n\n<p>A iniciativa n\u00e3o apenas fortalece a trajet\u00f3ria individual de cada formando, mas tamb\u00e9m contribui para a redu\u00e7\u00e3o das desigualdades educacionais e socioecon\u00f4micas na regi\u00e3o, ao proporcionar qualifica\u00e7\u00e3o t\u00e9cnica alinhada \u00e0s demandas do mercado local. Essa a\u00e7\u00e3o refor\u00e7a o compromisso do IF Baiano com a democratiza\u00e7\u00e3o do ensino e o fortalecimento das comunidades onde est\u00e1 inserido.<\/p>\n\n\n\n<p>Ao final da cerim\u00f4nia, a mensagem foi de orgulho e incentivo. &#8220;Parabenizamos esses guerreiros e guerreiras pela conclus\u00e3o dos cursos e por essa jornada cheia de aprendizagem e ensinamentos. O IF Baiano reafirma, com esta noite, seu papel como agente de transforma\u00e7\u00e3o social&#8221;, concluiu a professora.<\/p>\n\n\n\n<figure class=\"wp-block-image size-large\"><a href=\"https:\/\/www.ifbaiano.edu.br\/unidades\/santaines\/files\/2025\/07\/2733-Cursos-FIC-2025-2.webp\"><img decoding=\"async\" loading=\"lazy\" width=\"1024\" height=\"461\" src=\"https:\/\/www.ifbaiano.edu.br\/unidades\/santaines\/files\/2025\/07\/2733-Cursos-FIC-2025-2-1024x461.webp\" alt=\"\" class=\"wp-image-24699\" srcset=\"https:\/\/www.ifbaiano.edu.br\/unidades\/santaines\/files\/2025\/07\/2733-Cursos-FIC-2025-2-1024x461.webp 1024w, https:\/\/www.ifbaiano.edu.br\/unidades\/santaines\/files\/2025\/07\/2733-Cursos-FIC-2025-2-300x135.webp 300w, https:\/\/www.ifbaiano.edu.br\/unidades\/santaines\/files\/2025\/07\/2733-Cursos-FIC-2025-2-768x346.webp 768w, https:\/\/www.ifbaiano.edu.br\/unidades\/santaines\/files\/2025\/07\/2733-Cursos-FIC-2025-2-1536x691.webp 1536w, https:\/\/www.ifbaiano.edu.br\/unidades\/santaines\/files\/2025\/07\/2733-Cursos-FIC-2025-2-2048x922.webp 2048w, https:\/\/www.ifbaiano.edu.br\/unidades\/santaines\/files\/2025\/07\/2733-Cursos-FIC-2025-2-100x45.webp 100w\" sizes=\"(max-width: 1024px) 100vw, 1024px\" \/><\/a><\/figure>\n\n\n\n<hr class=\"wp-block-separator has-alpha-channel-opacity\" \/>\n","protected":false},"excerpt":{"rendered":"<p>Cerim\u00f4nia certificou concluintes dos cursos de Padeiro e Processadores de Doces e Conservas, refor\u00e7ando o compromisso da institui\u00e7\u00e3o com a inclus\u00e3o educacional e social.<\/p>\n","protected":false},"author":86,"featured_media":24699,"comment_status":"closed","ping_status":"closed","sticky":false,"template":"","format":"standard","meta":[],"categories":[4,5,57],"tags":[],"_links":{"self":[{"href":"https:\/\/www.ifbaiano.edu.br\/unidades\/santaines\/wp-json\/wp\/v2\/posts\/24693"}],"collection":[{"href":"https:\/\/www.ifbaiano.edu.br\/unidades\/santaines\/wp-json\/wp\/v2\/posts"}],"about":[{"href":"https:\/\/www.ifbaiano.edu.br\/unidades\/santaines\/wp-json\/wp\/v2\/types\/post"}],"author":[{"embeddable":true,"href":"https:\/\/www.ifbaiano.edu.br\/unidades\/santaines\/wp-json\/wp\/v2\/users\/86"}],"replies":[{"embeddable":true,"href":"https:\/\/www.ifbaiano.edu.br\/unidades\/santaines\/wp-json\/wp\/v2\/comments?post=24693"}],"version-history":[{"count":2,"href":"https:\/\/www.ifbaiano.edu.br\/unidades\/santaines\/wp-json\/wp\/v2\/posts\/24693\/revisions"}],"predecessor-version":[{"id":24703,"href":"https:\/\/www.ifbaiano.edu.br\/unidades\/santaines\/wp-json\/wp\/v2\/posts\/24693\/revisions\/24703"}],"wp:featuredmedia":[{"embeddable":true,"href":"https:\/\/www.ifbaiano.edu.br\/unidades\/santaines\/wp-json\/wp\/v2\/media\/24699"}],"wp:attachment":[{"href":"https:\/\/www.ifbaiano.edu.br\/unidades\/santaines\/wp-json\/wp\/v2\/media?parent=24693"}],"wp:term":[{"taxonomy":"category","embeddable":true,"href":"https:\/\/www.ifbaiano.edu.br\/unidades\/santaines\/wp-json\/wp\/v2\/categories?post=24693"},{"taxonomy":"post_tag","embeddable":true,"href":"https:\/\/www.ifbaiano.edu.br\/unidades\/santaines\/wp-json\/wp\/v2\/tags?post=24693"}],"curies":[{"name":"wp","href":"https:\/\/api.w.org\/{rel}","templated":true}]}}