{"id":24707,"date":"2025-07-28T16:34:21","date_gmt":"2025-07-28T19:34:21","guid":{"rendered":"https:\/\/www.ifbaiano.edu.br\/unidades\/santaines\/?p=24707"},"modified":"2025-07-28T17:54:19","modified_gmt":"2025-07-28T20:54:19","slug":"divulgado-resultado-das-inscricoes-para-grupo-de-estudos-em-matematica-com-foco-no-enem-no-campus-santa-ines","status":"publish","type":"post","link":"https:\/\/www.ifbaiano.edu.br\/unidades\/santaines\/divulgado-resultado-das-inscricoes-para-grupo-de-estudos-em-matematica-com-foco-no-enem-no-campus-santa-ines\/","title":{"rendered":"Divulgado resultado das inscri\u00e7\u00f5es para Grupo de Estudos em Matem\u00e1tica com foco no ENEM no Campus Santa In\u00eas"},"content":{"rendered":"\n<p>O Instituto Federal Baiano (IF Baiano) \u2013 Campus Santa In\u00eas divulgou, por meio do <a href=\"https:\/\/www.ifbaiano.edu.br\/unidades\/santaines\/files\/2025\/07\/Resultado-das-inscricoes-no-Grupo-de-Estudos-em-Matematica-e-suas-Tecnologias.pdf\">Of\u00edcio Circular n\u00ba 8\/2025<\/a>, o resultado das inscri\u00e7\u00f5es para o Grupo de Estudos em Matem\u00e1tica e suas Tecnologias com foco no Exame Nacional do Ensino M\u00e9dio (ENEM). O grupo, orientado pelo professor Me. \u00cdcaro Borges Tavares Moreira, visa oferecer uma prepara\u00e7\u00e3o intensiva e gratuita para a prova de Matem\u00e1tica, uma das \u00e1reas de maior peso no exame.<\/p>\n\n\n\n<p>Foram selecionados 40 estudantes para participar diretamente das atividades, com base nos crit\u00e9rios de ordem de inscri\u00e7\u00e3o e o limite de vagas da sala de aula. Os demais inscritos formam uma lista de supl\u00eancia e est\u00e3o convidados a participar das aulas como ouvintes, com a possibilidade de serem efetivados caso surjam vagas.<\/p>\n\n\n\n<p>As reuni\u00f5es do grupo de estudos acontecer\u00e3o \u00e0s quartas-feiras, das 13h30 \u00e0s 15h30, no Pavilh\u00e3o de Agropecu\u00e1ria do campus. Al\u00e9m dos inscritos e suplentes, outros estudantes interessados tamb\u00e9m podem participar como ouvintes, desde que a capacidade f\u00edsica do local permita, garantindo o bom andamento das atividades.<\/p>\n\n\n\n<p>\u00c9 importante ressaltar o compromisso com a frequ\u00eancia: o ac\u00famulo de duas aus\u00eancias consecutivas n\u00e3o justificadas ou tr\u00eas faltas alternadas resultar\u00e1 no desligamento do participante. Esta medida visa garantir o aproveitamento das vagas e permitir que suplentes interessados possam ser integrados ao grupo.<\/p>\n\n\n\n<p>A lista completa com os nomes dos estudantes selecionados e dos suplentes est\u00e1 dispon\u00edvel no <a href=\"https:\/\/www.ifbaiano.edu.br\/unidades\/santaines\/files\/2025\/07\/Resultado-das-inscricoes-no-Grupo-de-Estudos-em-Matematica-e-suas-Tecnologias.pdf\">Of\u00edcio Circular n\u00ba 8\/2025<\/a>.<\/p>\n\n\n\n<p>Esta iniciativa refor\u00e7a o compromisso do IF Baiano \u2013 Campus Santa In\u00eas em fortalecer a prepara\u00e7\u00e3o de seus estudantes para o ENEM, proporcionando um ambiente de estudo focado e orientado para o sucesso no acesso ao ensino superior.<\/p>\n\n\n\n<p>Para mais detalhes, os estudantes podem entrar em contato com a coordena\u00e7\u00e3o do grupo de estudos no campus.<\/p>\n\n\n\n<hr class=\"wp-block-separator has-alpha-channel-opacity\" \/>\n\n\n\n<p>Veja <strong><a href=\"https:\/\/www.ifbaiano.edu.br\/unidades\/santaines\/inscricoes-abertas-para-grupo-de-estudos-com-foco-no-enem-no-campus-santa-ines\/\">AQUI<\/a><\/strong> publica\u00e7\u00e3o anterior sobre as inscri\u00e7\u00f5es para o Grupo de Estudos em Matem\u00e1tica e suas Tecnologias com foco no Exame Nacional do Ensino M\u00e9dio (ENEM).<\/p>\n","protected":false},"excerpt":{"rendered":"<p>Estudantes selecionados, suplentes e convidados poder\u00e3o participar das atividades a partir desta semana<\/p>\n","protected":false},"author":86,"featured_media":24713,"comment_status":"closed","ping_status":"closed","sticky":false,"template":"","format":"standard","meta":[],"categories":[4,5,10,57],"tags":[],"_links":{"self":[{"href":"https:\/\/www.ifbaiano.edu.br\/unidades\/santaines\/wp-json\/wp\/v2\/posts\/24707"}],"collection":[{"href":"https:\/\/www.ifbaiano.edu.br\/unidades\/santaines\/wp-json\/wp\/v2\/posts"}],"about":[{"href":"https:\/\/www.ifbaiano.edu.br\/unidades\/santaines\/wp-json\/wp\/v2\/types\/post"}],"author":[{"embeddable":true,"href":"https:\/\/www.ifbaiano.edu.br\/unidades\/santaines\/wp-json\/wp\/v2\/users\/86"}],"replies":[{"embeddable":true,"href":"https:\/\/www.ifbaiano.edu.br\/unidades\/santaines\/wp-json\/wp\/v2\/comments?post=24707"}],"version-history":[{"count":1,"href":"https:\/\/www.ifbaiano.edu.br\/unidades\/santaines\/wp-json\/wp\/v2\/posts\/24707\/revisions"}],"predecessor-version":[{"id":24710,"href":"https:\/\/www.ifbaiano.edu.br\/unidades\/santaines\/wp-json\/wp\/v2\/posts\/24707\/revisions\/24710"}],"wp:featuredmedia":[{"embeddable":true,"href":"https:\/\/www.ifbaiano.edu.br\/unidades\/santaines\/wp-json\/wp\/v2\/media\/24713"}],"wp:attachment":[{"href":"https:\/\/www.ifbaiano.edu.br\/unidades\/santaines\/wp-json\/wp\/v2\/media?parent=24707"}],"wp:term":[{"taxonomy":"category","embeddable":true,"href":"https:\/\/www.ifbaiano.edu.br\/unidades\/santaines\/wp-json\/wp\/v2\/categories?post=24707"},{"taxonomy":"post_tag","embeddable":true,"href":"https:\/\/www.ifbaiano.edu.br\/unidades\/santaines\/wp-json\/wp\/v2\/tags?post=24707"}],"curies":[{"name":"wp","href":"https:\/\/api.w.org\/{rel}","templated":true}]}}