{"id":24714,"date":"2025-07-29T16:02:32","date_gmt":"2025-07-29T19:02:32","guid":{"rendered":"https:\/\/www.ifbaiano.edu.br\/unidades\/santaines\/?p=24714"},"modified":"2025-07-29T16:04:14","modified_gmt":"2025-07-29T19:04:14","slug":"if-baiano-campus-santa-ines-lanca-edital-para-incentivo-a-participacao-estudantil","status":"publish","type":"post","link":"https:\/\/www.ifbaiano.edu.br\/unidades\/santaines\/if-baiano-campus-santa-ines-lanca-edital-para-incentivo-a-participacao-estudantil\/","title":{"rendered":"IF Baiano Campus Santa In\u00eas lan\u00e7a edital para incentivo \u00e0 participa\u00e7\u00e3o estudantil"},"content":{"rendered":"\n<p>Estudantes do Instituto Federal Baiano (IF Baiano) \u2013 Campus Santa In\u00eas t\u00eam um novo incentivo para enriquecer sua forma\u00e7\u00e3o acad\u00eamica e participar ativamente da vida institucional. Foi lan\u00e7ado o <a href=\"https:\/\/concurso.ifbaiano.edu.br\/portal\/propac-santa-ines-julho-2025\/\">Edital n\u00ba 23\/2025<\/a> do Programa de Incentivo \u00e0 Participa\u00e7\u00e3o Pol\u00edtico Acad\u00eamica (PROPAC), que visa apoiar financeiramente a presen\u00e7a de discentes em eventos e a formaliza\u00e7\u00e3o de entidades estudantis.<\/p>\n\n\n\n<p>O programa, que conta com um recurso total de R$ 15.000,00, \u00e9 uma importante ferramenta da pol\u00edtica de assist\u00eancia estudantil do campus. O objetivo \u00e9 estimular a produ\u00e7\u00e3o cient\u00edfica, tecnol\u00f3gica, o exerc\u00edcio da cidadania e o protagonismo dos estudantes em diversas frentes.<\/p>\n\n\n\n<p><strong>Quem pode participar?<\/strong><\/p>\n\n\n\n<p>Para concorrer aos aux\u00edlios, o estudante deve estar regularmente matriculado em cursos de n\u00edvel m\u00e9dio ou superior do campus, com frequ\u00eancia m\u00ednima de 75%. Al\u00e9m disso, \u00e9 necess\u00e1rio ser de fam\u00edlia em situa\u00e7\u00e3o de vulnerabilidade socioecon\u00f4mica, com renda bruta familiar mensal de at\u00e9 um sal\u00e1rio m\u00ednimo por pessoa. A comprova\u00e7\u00e3o dessa condi\u00e7\u00e3o ser\u00e1 feita, prioritariamente, atrav\u00e9s da inscri\u00e7\u00e3o no Cadastro \u00danico (Cad\u00danico) do Governo Federal.<\/p>\n\n\n\n<p><strong>Quais s\u00e3o os aux\u00edlios oferecidos?<\/strong><\/p>\n\n\n\n<p>O PROPAC \u00e9 dividido em tr\u00eas modalidades de apoio:<\/p>\n\n\n\n<ol>\n<li><strong>Participa\u00e7\u00e3o em Eventos de Car\u00e1ter Cient\u00edfico, Acad\u00eamico ou Tecnol\u00f3gico:<\/strong>&nbsp;Destinado a estudantes que ir\u00e3o apresentar trabalhos (oral, p\u00f4ster ou painel) em simp\u00f3sios, congressos, semin\u00e1rios e outros eventos da \u00e1rea. O aux\u00edlio n\u00e3o cobre a participa\u00e7\u00e3o como ouvinte.<\/li>\n\n\n\n<li><strong>Participa\u00e7\u00e3o em Eventos de Organiza\u00e7\u00e3o Estudantil:<\/strong>&nbsp;Apoio para que os estudantes participem de eventos que promovam a integra\u00e7\u00e3o pol\u00edtica e a forma\u00e7\u00e3o cidad\u00e3, como congressos e encontros de entidades estudantis.<\/li>\n\n\n\n<li><strong>Formaliza\u00e7\u00e3o de Entidades Estudantis:<\/strong>&nbsp;Recurso para cobrir despesas com a cria\u00e7\u00e3o ou regulariza\u00e7\u00e3o de gr\u00eamios, centros e diret\u00f3rios acad\u00eamicos, como custos de cart\u00f3rio e impress\u00e3o de documentos.<\/li>\n<\/ol>\n\n\n\n<p>Os aux\u00edlios podem cobrir despesas com passagens, hospedagem, alimenta\u00e7\u00e3o, taxas de inscri\u00e7\u00e3o e material gr\u00e1fico, conforme as regras detalhadas no <a href=\"https:\/\/concurso.ifbaiano.edu.br\/portal\/propac-santa-ines-julho-2025\/\">edital<\/a>.<\/p>\n\n\n\n<p><strong>Como solicitar o aux\u00edlio?<\/strong><\/p>\n\n\n\n<p>Os interessados devem ficar atentos aos prazos. As solicita\u00e7\u00f5es devem ser enviadas para o e-mail da Comiss\u00e3o Local de Assist\u00eancia Estudantil (CLAE),&nbsp;<strong><a target=\"_blank\" href=\"https:\/\/www.google.com\/url?sa=E&amp;q=mailto%3Aclae%40si.ifbaiano.edu.br\" rel=\"noreferrer noopener\">clae@si.ifbaiano.edu.br<\/a><\/strong>, com no m\u00ednimo 30 dias e no m\u00e1ximo 60 dias de anteced\u00eancia da data do evento.<\/p>\n\n\n\n<p>O pedido deve ser feito atrav\u00e9s de um <a href=\"https:\/\/concurso.ifbaiano.edu.br\/portal\/propac-santa-ines-julho-2025\/wp-content\/uploads\/sites\/1228\/2025\/07\/ANEXO-I-FORMULARIO-DE-INSCRICAO.pdf\">formul\u00e1rio pr\u00f3prio<\/a> e acompanhado da documenta\u00e7\u00e3o exigida para cada modalidade, que pode incluir desde a carta de aceite do trabalho at\u00e9 or\u00e7amentos de passagens.<\/p>\n\n\n\n<p>Para mais informa\u00e7\u00f5es, os estudantes devem ler atentamente o <a href=\"https:\/\/concurso.ifbaiano.edu.br\/portal\/propac-santa-ines-julho-2025\/\">Edital n\u00ba 23\/2025<\/a> e, em caso de d\u00favidas, podem entrar em contato pelo e-mail&nbsp;<strong><a rel=\"noreferrer noopener\" href=\"https:\/\/www.google.com\/url?sa=E&amp;q=mailto%3Aclae%40si.ifbaiano.edu.br\" target=\"_blank\">clae@si.ifbaiano.edu.br<\/a><\/strong>.<\/p>\n\n\n\n<hr class=\"wp-block-separator has-alpha-channel-opacity\" \/>\n","protected":false},"excerpt":{"rendered":"<p>Programa PROPAC oferece aux\u00edlio financeiro para eventos acad\u00eamicos, cient\u00edficos e de organiza\u00e7\u00e3o estudantil com R$ 15 mil em recursos.<\/p>\n","protected":false},"author":86,"featured_media":24717,"comment_status":"closed","ping_status":"closed","sticky":false,"template":"","format":"standard","meta":[],"categories":[4,38,5,57],"tags":[],"_links":{"self":[{"href":"https:\/\/www.ifbaiano.edu.br\/unidades\/santaines\/wp-json\/wp\/v2\/posts\/24714"}],"collection":[{"href":"https:\/\/www.ifbaiano.edu.br\/unidades\/santaines\/wp-json\/wp\/v2\/posts"}],"about":[{"href":"https:\/\/www.ifbaiano.edu.br\/unidades\/santaines\/wp-json\/wp\/v2\/types\/post"}],"author":[{"embeddable":true,"href":"https:\/\/www.ifbaiano.edu.br\/unidades\/santaines\/wp-json\/wp\/v2\/users\/86"}],"replies":[{"embeddable":true,"href":"https:\/\/www.ifbaiano.edu.br\/unidades\/santaines\/wp-json\/wp\/v2\/comments?post=24714"}],"version-history":[{"count":2,"href":"https:\/\/www.ifbaiano.edu.br\/unidades\/santaines\/wp-json\/wp\/v2\/posts\/24714\/revisions"}],"predecessor-version":[{"id":24718,"href":"https:\/\/www.ifbaiano.edu.br\/unidades\/santaines\/wp-json\/wp\/v2\/posts\/24714\/revisions\/24718"}],"wp:featuredmedia":[{"embeddable":true,"href":"https:\/\/www.ifbaiano.edu.br\/unidades\/santaines\/wp-json\/wp\/v2\/media\/24717"}],"wp:attachment":[{"href":"https:\/\/www.ifbaiano.edu.br\/unidades\/santaines\/wp-json\/wp\/v2\/media?parent=24714"}],"wp:term":[{"taxonomy":"category","embeddable":true,"href":"https:\/\/www.ifbaiano.edu.br\/unidades\/santaines\/wp-json\/wp\/v2\/categories?post=24714"},{"taxonomy":"post_tag","embeddable":true,"href":"https:\/\/www.ifbaiano.edu.br\/unidades\/santaines\/wp-json\/wp\/v2\/tags?post=24714"}],"curies":[{"name":"wp","href":"https:\/\/api.w.org\/{rel}","templated":true}]}}