{"id":24759,"date":"2025-08-05T17:04:12","date_gmt":"2025-08-05T20:04:12","guid":{"rendered":"https:\/\/www.ifbaiano.edu.br\/unidades\/santaines\/?p=24759"},"modified":"2025-08-05T17:04:13","modified_gmt":"2025-08-05T20:04:13","slug":"projeto-ciencia-na-feira-leva-conhecimento-e-pratica-para-a-feira-livre-de-santa-ines","status":"publish","type":"post","link":"https:\/\/www.ifbaiano.edu.br\/unidades\/santaines\/projeto-ciencia-na-feira-leva-conhecimento-e-pratica-para-a-feira-livre-de-santa-ines\/","title":{"rendered":"Projeto &#8220;Ci\u00eancia na Feira&#8221; leva Conhecimento e Pr\u00e1tica para a Feira Livre de Santa In\u00eas"},"content":{"rendered":"\n<p>A manh\u00e3 do \u00faltimo s\u00e1bado, dia 2, foi de aprendizado e descobertas na feira livre de Santa In\u00eas. O projeto de extens\u00e3o &#8220;Ci\u00eancia na Feira&#8221;, do Instituto Federal Baiano (IF Baiano) &#8211; Campus Santa In\u00eas, juntamente com o Grupo de Estudos em Qu\u00edmica (GEQUIM) marcaram presen\u00e7a mais uma vez, aproximando o conhecimento cient\u00edfico da comunidade em um dos espa\u00e7os mais movimentados da cidade.<\/p>\n\n\n\n<figure class=\"wp-block-gallery has-nested-images columns-default is-cropped wp-block-gallery-1 is-layout-flex\">\n<figure class=\"wp-block-image size-large\"><a href=\"https:\/\/www.ifbaiano.edu.br\/unidades\/santaines\/files\/2025\/08\/3985-ff92cd16.webp\"><img decoding=\"async\" loading=\"lazy\" width=\"1024\" height=\"997\" data-id=\"24763\"  src=\"https:\/\/www.ifbaiano.edu.br\/unidades\/santaines\/files\/2025\/08\/3985-ff92cd16-1024x997.webp\" alt=\"\" class=\"wp-image-24763\" srcset=\"https:\/\/www.ifbaiano.edu.br\/unidades\/santaines\/files\/2025\/08\/3985-ff92cd16-1024x997.webp 1024w, https:\/\/www.ifbaiano.edu.br\/unidades\/santaines\/files\/2025\/08\/3985-ff92cd16-300x292.webp 300w, https:\/\/www.ifbaiano.edu.br\/unidades\/santaines\/files\/2025\/08\/3985-ff92cd16-768x747.webp 768w, https:\/\/www.ifbaiano.edu.br\/unidades\/santaines\/files\/2025\/08\/3985-ff92cd16-100x97.webp 100w, https:\/\/www.ifbaiano.edu.br\/unidades\/santaines\/files\/2025\/08\/3985-ff92cd16.webp 1080w\" sizes=\"(max-width: 1024px) 100vw, 1024px\" \/><\/a><\/figure>\n\n\n\n<figure class=\"wp-block-image size-large\"><a href=\"https:\/\/www.ifbaiano.edu.br\/unidades\/santaines\/files\/2025\/08\/3938-68173163a.webp\"><img decoding=\"async\" loading=\"lazy\" width=\"916\" height=\"1024\" data-id=\"24760\"  src=\"https:\/\/www.ifbaiano.edu.br\/unidades\/santaines\/files\/2025\/08\/3938-68173163a-916x1024.webp\" alt=\"\" class=\"wp-image-24760\" srcset=\"https:\/\/www.ifbaiano.edu.br\/unidades\/santaines\/files\/2025\/08\/3938-68173163a-916x1024.webp 916w, https:\/\/www.ifbaiano.edu.br\/unidades\/santaines\/files\/2025\/08\/3938-68173163a-268x300.webp 268w, https:\/\/www.ifbaiano.edu.br\/unidades\/santaines\/files\/2025\/08\/3938-68173163a-768x859.webp 768w, https:\/\/www.ifbaiano.edu.br\/unidades\/santaines\/files\/2025\/08\/3938-68173163a-100x112.webp 100w, https:\/\/www.ifbaiano.edu.br\/unidades\/santaines\/files\/2025\/08\/3938-68173163a.webp 966w\" sizes=\"(max-width: 916px) 100vw, 916px\" \/><\/a><\/figure>\n\n\n\n<figure class=\"wp-block-image size-large\"><a href=\"https:\/\/www.ifbaiano.edu.br\/unidades\/santaines\/files\/2025\/08\/3938-66e46fa2-.webp\"><img decoding=\"async\" loading=\"lazy\" width=\"1024\" height=\"1024\" data-id=\"24761\"  src=\"https:\/\/www.ifbaiano.edu.br\/unidades\/santaines\/files\/2025\/08\/3938-66e46fa2--1024x1024.webp\" alt=\"\" class=\"wp-image-24761\" srcset=\"https:\/\/www.ifbaiano.edu.br\/unidades\/santaines\/files\/2025\/08\/3938-66e46fa2--1024x1024.webp 1024w, https:\/\/www.ifbaiano.edu.br\/unidades\/santaines\/files\/2025\/08\/3938-66e46fa2--300x300.webp 300w, https:\/\/www.ifbaiano.edu.br\/unidades\/santaines\/files\/2025\/08\/3938-66e46fa2--150x150.webp 150w, https:\/\/www.ifbaiano.edu.br\/unidades\/santaines\/files\/2025\/08\/3938-66e46fa2--768x768.webp 768w, https:\/\/www.ifbaiano.edu.br\/unidades\/santaines\/files\/2025\/08\/3938-66e46fa2--100x100.webp 100w, https:\/\/www.ifbaiano.edu.br\/unidades\/santaines\/files\/2025\/08\/3938-66e46fa2-.webp 1080w\" sizes=\"(max-width: 1024px) 100vw, 1024px\" \/><\/a><\/figure>\n<\/figure>\n\n\n\n<p>O &#8220;Ci\u00eancia na Feira&#8221; tem como objetivo a populariza\u00e7\u00e3o da ci\u00eancia, levando para o cotidiano da popula\u00e7\u00e3o experimentos e conhecimentos produzidos no ambiente acad\u00eamico. Coordenado pela professora Rom\u00e1ria Ara\u00fajo, o projeto busca atingir um p\u00fablico diversificado, desde crian\u00e7as a idosos, que frequentam a feira livre. A escolha do local \u00e9 estrat\u00e9gica, pois, como explica a professora, em cidades menores, a feira \u00e9 o ponto de encontro da comunidade, incluindo moradores da zona rural.<\/p>\n\n\n\n<p>O GEQUIM, grupo coordenado pelo professor Jeferson Ros\u00e1rio e que vem participando das exposi\u00e7\u00f5es, busca divulgar e popularizar a ci\u00eancia atrav\u00e9s de experimentos de qu\u00edmica de forma l\u00fadica e interativa. Um dos experimentos que costuma atrair a aten\u00e7\u00e3o do p\u00fablico \u00e9 o &#8220;violeta que desaparece&#8221;, uma rea\u00e7\u00e3o de oxirredu\u00e7\u00e3o que desperta a curiosidade dos presentes.<\/p>\n\n\n\n<figure class=\"wp-block-gallery has-nested-images columns-default is-cropped wp-block-gallery-3 is-layout-flex\">\n<figure class=\"wp-block-image size-large\"><a href=\"https:\/\/www.ifbaiano.edu.br\/unidades\/santaines\/files\/2025\/08\/4106-1d97a00f4.webp\"><img decoding=\"async\" loading=\"lazy\" width=\"1024\" height=\"1024\" data-id=\"24767\"  src=\"https:\/\/www.ifbaiano.edu.br\/unidades\/santaines\/files\/2025\/08\/4106-1d97a00f4-1024x1024.webp\" alt=\"\" class=\"wp-image-24767\" srcset=\"https:\/\/www.ifbaiano.edu.br\/unidades\/santaines\/files\/2025\/08\/4106-1d97a00f4-1024x1024.webp 1024w, https:\/\/www.ifbaiano.edu.br\/unidades\/santaines\/files\/2025\/08\/4106-1d97a00f4-300x300.webp 300w, https:\/\/www.ifbaiano.edu.br\/unidades\/santaines\/files\/2025\/08\/4106-1d97a00f4-150x150.webp 150w, https:\/\/www.ifbaiano.edu.br\/unidades\/santaines\/files\/2025\/08\/4106-1d97a00f4-768x768.webp 768w, https:\/\/www.ifbaiano.edu.br\/unidades\/santaines\/files\/2025\/08\/4106-1d97a00f4-100x100.webp 100w, https:\/\/www.ifbaiano.edu.br\/unidades\/santaines\/files\/2025\/08\/4106-1d97a00f4.webp 1080w\" sizes=\"(max-width: 1024px) 100vw, 1024px\" \/><\/a><\/figure>\n\n\n\n<figure class=\"wp-block-image size-large\"><a href=\"https:\/\/www.ifbaiano.edu.br\/unidades\/santaines\/files\/2025\/08\/4106-f1f12c6f.webp\"><img decoding=\"async\" loading=\"lazy\" width=\"1024\" height=\"1024\" data-id=\"24768\"  src=\"https:\/\/www.ifbaiano.edu.br\/unidades\/santaines\/files\/2025\/08\/4106-f1f12c6f-1024x1024.webp\" alt=\"\" class=\"wp-image-24768\" srcset=\"https:\/\/www.ifbaiano.edu.br\/unidades\/santaines\/files\/2025\/08\/4106-f1f12c6f-1024x1024.webp 1024w, https:\/\/www.ifbaiano.edu.br\/unidades\/santaines\/files\/2025\/08\/4106-f1f12c6f-300x300.webp 300w, https:\/\/www.ifbaiano.edu.br\/unidades\/santaines\/files\/2025\/08\/4106-f1f12c6f-150x150.webp 150w, https:\/\/www.ifbaiano.edu.br\/unidades\/santaines\/files\/2025\/08\/4106-f1f12c6f-768x768.webp 768w, https:\/\/www.ifbaiano.edu.br\/unidades\/santaines\/files\/2025\/08\/4106-f1f12c6f-100x100.webp 100w, https:\/\/www.ifbaiano.edu.br\/unidades\/santaines\/files\/2025\/08\/4106-f1f12c6f.webp 1080w\" sizes=\"(max-width: 1024px) 100vw, 1024px\" \/><\/a><\/figure>\n\n\n\n<figure class=\"wp-block-image size-large\"><a href=\"https:\/\/www.ifbaiano.edu.br\/unidades\/santaines\/files\/2025\/08\/4106-a9f138d7.webp\"><img decoding=\"async\" loading=\"lazy\" width=\"1024\" height=\"1024\" data-id=\"24770\"  src=\"https:\/\/www.ifbaiano.edu.br\/unidades\/santaines\/files\/2025\/08\/4106-a9f138d7-1024x1024.webp\" alt=\"\" class=\"wp-image-24770\" srcset=\"https:\/\/www.ifbaiano.edu.br\/unidades\/santaines\/files\/2025\/08\/4106-a9f138d7-1024x1024.webp 1024w, https:\/\/www.ifbaiano.edu.br\/unidades\/santaines\/files\/2025\/08\/4106-a9f138d7-300x300.webp 300w, https:\/\/www.ifbaiano.edu.br\/unidades\/santaines\/files\/2025\/08\/4106-a9f138d7-150x150.webp 150w, https:\/\/www.ifbaiano.edu.br\/unidades\/santaines\/files\/2025\/08\/4106-a9f138d7-768x768.webp 768w, https:\/\/www.ifbaiano.edu.br\/unidades\/santaines\/files\/2025\/08\/4106-a9f138d7-100x100.webp 100w, https:\/\/www.ifbaiano.edu.br\/unidades\/santaines\/files\/2025\/08\/4106-a9f138d7.webp 1080w\" sizes=\"(max-width: 1024px) 100vw, 1024px\" \/><\/a><\/figure>\n<\/figure>\n\n\n\n<p>A novidade desta edi\u00e7\u00e3o foi a presen\u00e7a dos alunos do &#8220;Partiu IF&#8221;, um cursinho preparat\u00f3rio do IF Baiano voltado para estudantes do 9\u00ba ano da rede p\u00fablica que desejam ingressar nos institutos federais. Acompanhados por Ros\u00e2ngela Santos, estudante do curso de Licenciatura em Geografia do Campus Santa In\u00eas e monitora da disciplina de matem\u00e1tica no programa, os jovens puderam vivenciar na pr\u00e1tica os conte\u00fados vistos em sala de aula.<\/p>\n\n\n\n<p>Para Ros\u00e2ngela, a participa\u00e7\u00e3o dos estudantes na feira \u00e9 de suma import\u00e2ncia. &#8220;Eles v\u00e3o vivenciar, na pr\u00e1tica, o que \u00e9 estudado em sala de aula&#8221;, afirmou. Ela ressaltou que a professora Rom\u00e1ria, coordenadora do &#8220;Ci\u00eancia na Feira&#8221;, tamb\u00e9m leciona a disciplina de Ci\u00eancias da Natureza para esses alunos. &#8220;Essa visita dos estudantes ao &#8216;Ci\u00eancia na Feira&#8217; \u00e9 conciliar teoria e pr\u00e1tica, j\u00e1 que eles veem a teoria em sala, e, ao participar na feira, eles v\u00e3o, justamente, assimilar isso&#8221;, completou a monitora.<\/p>\n\n\n\n<p>O programa &#8220;Partiu IF&#8221; oferece aulas de L\u00edngua Portuguesa, Matem\u00e1tica e Ci\u00eancias da Natureza, al\u00e9m de atividades complementares, com o objetivo de ampliar as oportunidades de acesso \u00e0 educa\u00e7\u00e3o profissional e combater as desigualdades educacionais.<\/p>\n\n\n\n<p>A uni\u00e3o de projetos como o &#8220;Ci\u00eancia na Feira&#8221;, o GEQUIM e o &#8220;Partiu IF&#8221; na feira livre de Santa In\u00eas demonstra o compromisso do IF Baiano com a comunidade local, promovendo a educa\u00e7\u00e3o e a divulga\u00e7\u00e3o cient\u00edfica para al\u00e9m dos muros da institui\u00e7\u00e3o e inspirando futuros cientistas.<\/p>\n\n\n\n<figure class=\"wp-block-gallery has-nested-images columns-default is-cropped wp-block-gallery-5 is-layout-flex\">\n<figure class=\"wp-block-image size-large\"><a href=\"https:\/\/www.ifbaiano.edu.br\/unidades\/santaines\/files\/2025\/08\/4047-7b68188.webp\"><img decoding=\"async\" loading=\"lazy\" width=\"1024\" height=\"1024\" data-id=\"24766\"  src=\"https:\/\/www.ifbaiano.edu.br\/unidades\/santaines\/files\/2025\/08\/4047-7b68188-1024x1024.webp\" alt=\"\" class=\"wp-image-24766\" srcset=\"https:\/\/www.ifbaiano.edu.br\/unidades\/santaines\/files\/2025\/08\/4047-7b68188-1024x1024.webp 1024w, https:\/\/www.ifbaiano.edu.br\/unidades\/santaines\/files\/2025\/08\/4047-7b68188-300x300.webp 300w, https:\/\/www.ifbaiano.edu.br\/unidades\/santaines\/files\/2025\/08\/4047-7b68188-150x150.webp 150w, https:\/\/www.ifbaiano.edu.br\/unidades\/santaines\/files\/2025\/08\/4047-7b68188-768x768.webp 768w, https:\/\/www.ifbaiano.edu.br\/unidades\/santaines\/files\/2025\/08\/4047-7b68188-100x100.webp 100w, https:\/\/www.ifbaiano.edu.br\/unidades\/santaines\/files\/2025\/08\/4047-7b68188.webp 1080w\" sizes=\"(max-width: 1024px) 100vw, 1024px\" \/><\/a><\/figure>\n\n\n\n<figure class=\"wp-block-image size-large\"><a href=\"https:\/\/www.ifbaiano.edu.br\/unidades\/santaines\/files\/2025\/08\/4047-59b3ea5.webp\"><img decoding=\"async\" loading=\"lazy\" width=\"1024\" height=\"1024\" data-id=\"24764\"  src=\"https:\/\/www.ifbaiano.edu.br\/unidades\/santaines\/files\/2025\/08\/4047-59b3ea5-1024x1024.webp\" alt=\"\" class=\"wp-image-24764\" srcset=\"https:\/\/www.ifbaiano.edu.br\/unidades\/santaines\/files\/2025\/08\/4047-59b3ea5-1024x1024.webp 1024w, https:\/\/www.ifbaiano.edu.br\/unidades\/santaines\/files\/2025\/08\/4047-59b3ea5-300x300.webp 300w, https:\/\/www.ifbaiano.edu.br\/unidades\/santaines\/files\/2025\/08\/4047-59b3ea5-150x150.webp 150w, https:\/\/www.ifbaiano.edu.br\/unidades\/santaines\/files\/2025\/08\/4047-59b3ea5-768x768.webp 768w, https:\/\/www.ifbaiano.edu.br\/unidades\/santaines\/files\/2025\/08\/4047-59b3ea5-100x100.webp 100w, https:\/\/www.ifbaiano.edu.br\/unidades\/santaines\/files\/2025\/08\/4047-59b3ea5.webp 1080w\" sizes=\"(max-width: 1024px) 100vw, 1024px\" \/><\/a><\/figure>\n\n\n\n<figure class=\"wp-block-image size-large\"><a href=\"https:\/\/www.ifbaiano.edu.br\/unidades\/santaines\/files\/2025\/08\/4047-39e3e016.webp\"><img decoding=\"async\" loading=\"lazy\" width=\"1024\" height=\"1024\" data-id=\"24765\"  src=\"https:\/\/www.ifbaiano.edu.br\/unidades\/santaines\/files\/2025\/08\/4047-39e3e016-1024x1024.webp\" alt=\"\" class=\"wp-image-24765\" srcset=\"https:\/\/www.ifbaiano.edu.br\/unidades\/santaines\/files\/2025\/08\/4047-39e3e016-1024x1024.webp 1024w, https:\/\/www.ifbaiano.edu.br\/unidades\/santaines\/files\/2025\/08\/4047-39e3e016-300x300.webp 300w, https:\/\/www.ifbaiano.edu.br\/unidades\/santaines\/files\/2025\/08\/4047-39e3e016-150x150.webp 150w, https:\/\/www.ifbaiano.edu.br\/unidades\/santaines\/files\/2025\/08\/4047-39e3e016-768x768.webp 768w, https:\/\/www.ifbaiano.edu.br\/unidades\/santaines\/files\/2025\/08\/4047-39e3e016-100x100.webp 100w, https:\/\/www.ifbaiano.edu.br\/unidades\/santaines\/files\/2025\/08\/4047-39e3e016.webp 1080w\" sizes=\"(max-width: 1024px) 100vw, 1024px\" \/><\/a><\/figure>\n\n\n\n<figure class=\"wp-block-image size-large\"><a href=\"https:\/\/www.ifbaiano.edu.br\/unidades\/santaines\/files\/2025\/08\/4184-653e359.webp\"><img decoding=\"async\" loading=\"lazy\" width=\"1024\" height=\"1024\" data-id=\"24772\"  src=\"https:\/\/www.ifbaiano.edu.br\/unidades\/santaines\/files\/2025\/08\/4184-653e359-1024x1024.webp\" alt=\"\" class=\"wp-image-24772\" srcset=\"https:\/\/www.ifbaiano.edu.br\/unidades\/santaines\/files\/2025\/08\/4184-653e359-1024x1024.webp 1024w, https:\/\/www.ifbaiano.edu.br\/unidades\/santaines\/files\/2025\/08\/4184-653e359-300x300.webp 300w, https:\/\/www.ifbaiano.edu.br\/unidades\/santaines\/files\/2025\/08\/4184-653e359-150x150.webp 150w, https:\/\/www.ifbaiano.edu.br\/unidades\/santaines\/files\/2025\/08\/4184-653e359-768x768.webp 768w, https:\/\/www.ifbaiano.edu.br\/unidades\/santaines\/files\/2025\/08\/4184-653e359-100x100.webp 100w, https:\/\/www.ifbaiano.edu.br\/unidades\/santaines\/files\/2025\/08\/4184-653e359.webp 1080w\" sizes=\"(max-width: 1024px) 100vw, 1024px\" \/><\/a><\/figure>\n\n\n\n<figure class=\"wp-block-image size-large\"><a href=\"https:\/\/www.ifbaiano.edu.br\/unidades\/santaines\/files\/2025\/08\/4184-86fc48f1.webp\"><img decoding=\"async\" loading=\"lazy\" width=\"1024\" height=\"1024\" data-id=\"24771\"  src=\"https:\/\/www.ifbaiano.edu.br\/unidades\/santaines\/files\/2025\/08\/4184-86fc48f1-1024x1024.webp\" alt=\"\" class=\"wp-image-24771\" srcset=\"https:\/\/www.ifbaiano.edu.br\/unidades\/santaines\/files\/2025\/08\/4184-86fc48f1-1024x1024.webp 1024w, https:\/\/www.ifbaiano.edu.br\/unidades\/santaines\/files\/2025\/08\/4184-86fc48f1-300x300.webp 300w, https:\/\/www.ifbaiano.edu.br\/unidades\/santaines\/files\/2025\/08\/4184-86fc48f1-150x150.webp 150w, https:\/\/www.ifbaiano.edu.br\/unidades\/santaines\/files\/2025\/08\/4184-86fc48f1-768x768.webp 768w, https:\/\/www.ifbaiano.edu.br\/unidades\/santaines\/files\/2025\/08\/4184-86fc48f1-100x100.webp 100w, https:\/\/www.ifbaiano.edu.br\/unidades\/santaines\/files\/2025\/08\/4184-86fc48f1.webp 1080w\" sizes=\"(max-width: 1024px) 100vw, 1024px\" \/><\/a><\/figure>\n\n\n\n<figure class=\"wp-block-image size-large\"><a href=\"https:\/\/www.ifbaiano.edu.br\/unidades\/santaines\/files\/2025\/08\/4184-cb03b069.webp\"><img decoding=\"async\" loading=\"lazy\" width=\"1024\" height=\"1024\" data-id=\"24773\"  src=\"https:\/\/www.ifbaiano.edu.br\/unidades\/santaines\/files\/2025\/08\/4184-cb03b069-1024x1024.webp\" alt=\"\" class=\"wp-image-24773\" srcset=\"https:\/\/www.ifbaiano.edu.br\/unidades\/santaines\/files\/2025\/08\/4184-cb03b069-1024x1024.webp 1024w, https:\/\/www.ifbaiano.edu.br\/unidades\/santaines\/files\/2025\/08\/4184-cb03b069-300x300.webp 300w, https:\/\/www.ifbaiano.edu.br\/unidades\/santaines\/files\/2025\/08\/4184-cb03b069-150x150.webp 150w, https:\/\/www.ifbaiano.edu.br\/unidades\/santaines\/files\/2025\/08\/4184-cb03b069-768x768.webp 768w, https:\/\/www.ifbaiano.edu.br\/unidades\/santaines\/files\/2025\/08\/4184-cb03b069-100x100.webp 100w, https:\/\/www.ifbaiano.edu.br\/unidades\/santaines\/files\/2025\/08\/4184-cb03b069.webp 1080w\" sizes=\"(max-width: 1024px) 100vw, 1024px\" \/><\/a><\/figure>\n<\/figure>\n\n\n\n<hr class=\"wp-block-separator has-alpha-channel-opacity\" \/>\n","protected":false},"excerpt":{"rendered":"<p>A manh\u00e3 do \u00faltimo s\u00e1bado, dia 2, foi de aprendizado e descobertas na feira livre de Santa In\u00eas. O projeto de extens\u00e3o &#8220;Ci\u00eancia na Feira&#8221;, do Instituto Federal Baiano (IF Baiano) &#8211; Campus Santa In\u00eas, juntamente com o Grupo de Estudos em Qu\u00edmica (GEQUIM) marcaram presen\u00e7a mais uma vez, aproximando o conhecimento cient\u00edfico da comunidade [&hellip;]<\/p>\n","protected":false},"author":86,"featured_media":24760,"comment_status":"closed","ping_status":"closed","sticky":false,"template":"","format":"standard","meta":[],"categories":[4,5,57],"tags":[],"_links":{"self":[{"href":"https:\/\/www.ifbaiano.edu.br\/unidades\/santaines\/wp-json\/wp\/v2\/posts\/24759"}],"collection":[{"href":"https:\/\/www.ifbaiano.edu.br\/unidades\/santaines\/wp-json\/wp\/v2\/posts"}],"about":[{"href":"https:\/\/www.ifbaiano.edu.br\/unidades\/santaines\/wp-json\/wp\/v2\/types\/post"}],"author":[{"embeddable":true,"href":"https:\/\/www.ifbaiano.edu.br\/unidades\/santaines\/wp-json\/wp\/v2\/users\/86"}],"replies":[{"embeddable":true,"href":"https:\/\/www.ifbaiano.edu.br\/unidades\/santaines\/wp-json\/wp\/v2\/comments?post=24759"}],"version-history":[{"count":1,"href":"https:\/\/www.ifbaiano.edu.br\/unidades\/santaines\/wp-json\/wp\/v2\/posts\/24759\/revisions"}],"predecessor-version":[{"id":24774,"href":"https:\/\/www.ifbaiano.edu.br\/unidades\/santaines\/wp-json\/wp\/v2\/posts\/24759\/revisions\/24774"}],"wp:featuredmedia":[{"embeddable":true,"href":"https:\/\/www.ifbaiano.edu.br\/unidades\/santaines\/wp-json\/wp\/v2\/media\/24760"}],"wp:attachment":[{"href":"https:\/\/www.ifbaiano.edu.br\/unidades\/santaines\/wp-json\/wp\/v2\/media?parent=24759"}],"wp:term":[{"taxonomy":"category","embeddable":true,"href":"https:\/\/www.ifbaiano.edu.br\/unidades\/santaines\/wp-json\/wp\/v2\/categories?post=24759"},{"taxonomy":"post_tag","embeddable":true,"href":"https:\/\/www.ifbaiano.edu.br\/unidades\/santaines\/wp-json\/wp\/v2\/tags?post=24759"}],"curies":[{"name":"wp","href":"https:\/\/api.w.org\/{rel}","templated":true}]}}