{"id":24776,"date":"2025-08-05T19:58:47","date_gmt":"2025-08-05T22:58:47","guid":{"rendered":"https:\/\/www.ifbaiano.edu.br\/unidades\/santaines\/?p=24776"},"modified":"2025-08-05T19:58:48","modified_gmt":"2025-08-05T22:58:48","slug":"if-baiano-campus-santa-ines-abre-inscricoes-para-olimpiada-de-fisica-e-incentiva-caca-a-talentos-cientificos","status":"publish","type":"post","link":"https:\/\/www.ifbaiano.edu.br\/unidades\/santaines\/if-baiano-campus-santa-ines-abre-inscricoes-para-olimpiada-de-fisica-e-incentiva-caca-a-talentos-cientificos\/","title":{"rendered":"IF Baiano &#8211; Campus Santa In\u00eas abre inscri\u00e7\u00f5es para Olimp\u00edada de F\u00edsica e incentiva ca\u00e7a a talentos cient\u00edficos"},"content":{"rendered":"\n<p>Estudantes dos cursos t\u00e9cnicos integrados do Instituto Federal Baiano (IF Baiano) &#8211; Campus Santa In\u00eas t\u00eam uma oportunidade de ouro para testar seus conhecimentos e abrir portas para o futuro acad\u00eamico. Est\u00e3o abertas at\u00e9 a pr\u00f3xima segunda-feira, 11 de agosto, as inscri\u00e7\u00f5es para a Olimp\u00edada Brasileira de F\u00edsica das Escolas P\u00fablicas (OBFEP).<\/p>\n\n\n\n<p>Os interessados podem garantir sua participa\u00e7\u00e3o preenchendo um formul\u00e1rio online ou procurando diretamente o professor Pedro Matos, que \u00e9 o respons\u00e1vel pela aplica\u00e7\u00e3o da competi\u00e7\u00e3o no campus. A prova da primeira fase est\u00e1 marcada para o dia 12 de agosto de 2025, uma ter\u00e7a-feira, e ser\u00e1 realizada das 8h \u00e0s 11h, na sala 6 do pavilh\u00e3o dos cursos superiores da institui\u00e7\u00e3o. Para receber as orienta\u00e7\u00f5es sobre o exame, \u00e9 crucial que o estudante forne\u00e7a um e-mail ou telefone de contato no momento da inscri\u00e7\u00e3o.<\/p>\n\n\n\n<p>A <a href=\"https:\/\/www1.fisica.org.br\/~obfep\/\">OBFEP<\/a> \u00e9 uma competi\u00e7\u00e3o voltada para alunos do \u00faltimo ano (9\u00ba ano) do Ensino Fundamental ao Ensino M\u00e9dio, incluindo a Educa\u00e7\u00e3o de Jovens e Adultos (EJA), de escolas p\u00fablicas municipais, estaduais e federais.<\/p>\n\n\n\n<p>Estudantes dos cursos t\u00e9cnicos integrados do Instituto Federal Baiano (IF Baiano) &#8211; Campus Santa In\u00eas t\u00eam uma excelente oportunidade para testar seus conhecimentos e abrir portas para o futuro acad\u00eamico. Est\u00e3o abertas, at\u00e9 a pr\u00f3xima segunda-feira (11), as inscri\u00e7\u00f5es para a Olimp\u00edada Brasileira de F\u00edsica das Escolas P\u00fablicas (OBFEP).<\/p>\n\n\n\n<p>Todos os alunos interessados podem garantir a participa\u00e7\u00e3o preenchendo um <a href=\"https:\/\/forms.gle\/F887KaAzVJdW7qKY7\">formul\u00e1rio online<\/a> ou procurando diretamente o professor Pedro Matos, respons\u00e1vel pela aplica\u00e7\u00e3o da olimp\u00edada no campus. A prova ser\u00e1 realizada no dia 12 de agosto de 2025, das 08h \u00e0s 11h, na sala 06 do pavilh\u00e3o dos cursos superiores da institui\u00e7\u00e3o. \u00c9 fundamental que, ao se inscrever, o estudante informe um e-mail e\/ou telefone para receber as devidas orienta\u00e7\u00f5es sobre o exame.<\/p>\n\n\n\n<p>De acordo com o professor Pedro Matos, essa \u00e9 uma oportunidade muito importante para os estudantes. \u201cAs olimp\u00edadas podem revelar futuros talentos para a ci\u00eancia, premiar os estudantes com medalhas e oferecer oportunidades de bolsas de inicia\u00e7\u00e3o cient\u00edfica para os alunos premiados\u201d, destaca.<\/p>\n\n\n\n<p>Ele refor\u00e7a que a participa\u00e7\u00e3o na competi\u00e7\u00e3o agrega um valor significativo \u00e0 forma\u00e7\u00e3o dos jovens. \u201cParticipar da OBFEP traz muitas vantagens: estimula o racioc\u00ednio l\u00f3gico e cient\u00edfico, valoriza o esfor\u00e7o e a dedica\u00e7\u00e3o dos estudantes e pode abrir portas para programas de inicia\u00e7\u00e3o cient\u00edfica. \u00c9 um diferencial em processos seletivos e no curr\u00edculo\u201d, completa o professor.<\/p>\n\n\n\n<hr class=\"wp-block-separator has-alpha-channel-opacity\" \/>\n","protected":false},"excerpt":{"rendered":"<p>Estudantes dos cursos t\u00e9cnicos integrados do Instituto Federal Baiano (IF Baiano) &#8211; Campus Santa In\u00eas t\u00eam uma oportunidade de ouro para testar seus conhecimentos e abrir portas para o futuro acad\u00eamico. Est\u00e3o abertas at\u00e9 a pr\u00f3xima segunda-feira, 11 de agosto, as inscri\u00e7\u00f5es para a Olimp\u00edada Brasileira de F\u00edsica das Escolas P\u00fablicas (OBFEP). Os interessados podem [&hellip;]<\/p>\n","protected":false},"author":86,"featured_media":24777,"comment_status":"closed","ping_status":"closed","sticky":false,"template":"","format":"standard","meta":[],"categories":[4,38,5,57],"tags":[],"_links":{"self":[{"href":"https:\/\/www.ifbaiano.edu.br\/unidades\/santaines\/wp-json\/wp\/v2\/posts\/24776"}],"collection":[{"href":"https:\/\/www.ifbaiano.edu.br\/unidades\/santaines\/wp-json\/wp\/v2\/posts"}],"about":[{"href":"https:\/\/www.ifbaiano.edu.br\/unidades\/santaines\/wp-json\/wp\/v2\/types\/post"}],"author":[{"embeddable":true,"href":"https:\/\/www.ifbaiano.edu.br\/unidades\/santaines\/wp-json\/wp\/v2\/users\/86"}],"replies":[{"embeddable":true,"href":"https:\/\/www.ifbaiano.edu.br\/unidades\/santaines\/wp-json\/wp\/v2\/comments?post=24776"}],"version-history":[{"count":1,"href":"https:\/\/www.ifbaiano.edu.br\/unidades\/santaines\/wp-json\/wp\/v2\/posts\/24776\/revisions"}],"predecessor-version":[{"id":24778,"href":"https:\/\/www.ifbaiano.edu.br\/unidades\/santaines\/wp-json\/wp\/v2\/posts\/24776\/revisions\/24778"}],"wp:featuredmedia":[{"embeddable":true,"href":"https:\/\/www.ifbaiano.edu.br\/unidades\/santaines\/wp-json\/wp\/v2\/media\/24777"}],"wp:attachment":[{"href":"https:\/\/www.ifbaiano.edu.br\/unidades\/santaines\/wp-json\/wp\/v2\/media?parent=24776"}],"wp:term":[{"taxonomy":"category","embeddable":true,"href":"https:\/\/www.ifbaiano.edu.br\/unidades\/santaines\/wp-json\/wp\/v2\/categories?post=24776"},{"taxonomy":"post_tag","embeddable":true,"href":"https:\/\/www.ifbaiano.edu.br\/unidades\/santaines\/wp-json\/wp\/v2\/tags?post=24776"}],"curies":[{"name":"wp","href":"https:\/\/api.w.org\/{rel}","templated":true}]}}