{"id":24899,"date":"2025-08-12T13:35:34","date_gmt":"2025-08-12T16:35:34","guid":{"rendered":"https:\/\/www.ifbaiano.edu.br\/unidades\/santaines\/?p=24899"},"modified":"2025-09-23T22:24:29","modified_gmt":"2025-09-24T01:24:29","slug":"if-baiano-campus-santa-ines-lanca-edital-para-auxilios-eventuais-a-estudantes","status":"publish","type":"post","link":"https:\/\/www.ifbaiano.edu.br\/unidades\/santaines\/if-baiano-campus-santa-ines-lanca-edital-para-auxilios-eventuais-a-estudantes\/","title":{"rendered":"IF Baiano &#8211; Campus Santa In\u00eas lan\u00e7a Edital para aux\u00edlios eventuais a estudantes"},"content":{"rendered":"\n<p>O Instituto Federal de Educa\u00e7\u00e3o, Ci\u00eancia e Tecnologia Baiano (IF Baiano), Campus Santa In\u00eas, publicou o <a href=\"https:\/\/concurso.ifbaiano.edu.br\/portal\/pae-santa-ines-agosto-2025\/wp-content\/uploads\/sites\/1232\/2025\/08\/Edital-PNAES.pdf\">Edital N\u00ba 24\/2025<\/a>, que abre sele\u00e7\u00e3o para o Programa de Aux\u00edlios Eventuais (PAE) de 2025. A iniciativa tem como objetivo oferecer suporte financeiro a estudantes que enfrentam dificuldades inesperadas e tempor\u00e1rias que possam comprometer seu desempenho acad\u00eamico.<\/p>\n\n\n\n<p>O programa \u00e9 voltado para estudantes em situa\u00e7\u00e3o de vulnerabilidade socioecon\u00f4mica, regularmente matriculados em cursos de n\u00edvel m\u00e9dio e superior, nas modalidades presencial e a dist\u00e2ncia. O or\u00e7amento total destinado ao PAE \u00e9 de R$ 12.116,00.<\/p>\n\n\n\n<p><strong>Modalidades de Aux\u00edlio e Valores<\/strong><\/p>\n\n\n\n<p>Os aux\u00edlios eventuais s\u00e3o repasses financeiros para cobrir despesas emergenciais e espec\u00edficas. As modalidades e os valores m\u00e1ximos por ajuda s\u00e3o:<\/p>\n\n\n\n<ul>\n<li><strong>Exames m\u00e9dicos e odontol\u00f3gicos:<\/strong>&nbsp;At\u00e9 R$ 250,00<\/li>\n\n\n\n<li><strong>Acompanhamento psicoterap\u00eautico:<\/strong>&nbsp;At\u00e9 R$ 500,00<\/li>\n\n\n\n<li><strong>Compra de medicamentos (com prescri\u00e7\u00e3o):<\/strong>&nbsp;At\u00e9 R$ 200,00<\/li>\n\n\n\n<li><strong>Aquisi\u00e7\u00e3o de \u00f3culos de grau:<\/strong>&nbsp;At\u00e9 R$ 500,00<\/li>\n\n\n\n<li><strong>Tratamento dent\u00e1rio:<\/strong>&nbsp;At\u00e9 R$ 400,00<\/li>\n\n\n\n<li><strong>Compra de cama e colch\u00e3o:<\/strong>&nbsp;At\u00e9 R$ 300,00<\/li>\n\n\n\n<li><strong>Avalia\u00e7\u00f5es e acompanhamentos neuropsicol\u00f3gicos<\/strong><\/li>\n\n\n\n<li><strong>Outras demandas:<\/strong>&nbsp;a serem avaliadas pela Comiss\u00e3o Local de Assist\u00eancia Estudantil (CLAE).<\/li>\n<\/ul>\n\n\n\n<p><strong>Quem pode solicitar?<\/strong><\/p>\n\n\n\n<p>Para se candidatar, o estudante precisa atender aos seguintes pr\u00e9-requisitos:<\/p>\n\n\n\n<ul>\n<li>Estar matriculado e com frequ\u00eancia m\u00ednima de 75% no m\u00eas anterior \u00e0 solicita\u00e7\u00e3o.<\/li>\n\n\n\n<li>Possuir renda familiar per capita de at\u00e9 um sal\u00e1rio m\u00ednimo vigente.<\/li>\n\n\n\n<li>N\u00e3o ter pend\u00eancias na presta\u00e7\u00e3o de contas de outros aux\u00edlios estudantis.<\/li>\n<\/ul>\n\n\n\n<p><strong>Como se Inscrever?<\/strong><\/p>\n\n\n\n<p>As solicita\u00e7\u00f5es devem ser realizadas de forma online, atrav\u00e9s do Sistema Unificado de Administra\u00e7\u00e3o P\u00fablica (<a href=\"https:\/\/www.google.com\/url?sa=E&amp;q=https%3A%2F%2Fsuap.ifbaiano.edu.br\">SUAP<\/a>). Estudantes que tiverem d\u00favidas ou dificuldades com o processo online podem procurar a Coordena\u00e7\u00e3o de Assuntos Estudantis (CAE) do campus para receber apoio presencial.<\/p>\n\n\n\n<p><strong>Documenta\u00e7\u00e3o Necess\u00e1ria<\/strong><\/p>\n\n\n\n<p>No ato da inscri\u00e7\u00e3o, seja online ou presencial, o estudante dever\u00e1 apresentar a seguinte documenta\u00e7\u00e3o atualizada:<\/p>\n\n\n\n<ul>\n<li>Comprovante de inscri\u00e7\u00e3o no Cadastro \u00danico (Cad\u00danico).<\/li>\n\n\n\n<li>C\u00f3pia do RG e CPF.<\/li>\n\n\n\n<li>Comprovante de conta corrente ou poupan\u00e7a em nome do estudante.<\/li>\n\n\n\n<li>Comprovante de resid\u00eancia.<\/li>\n\n\n\n<li>Documenta\u00e7\u00e3o que justifique o pedido de aux\u00edlio (ex: laudos, prescri\u00e7\u00f5es m\u00e9dicas).<\/li>\n\n\n\n<li>Formul\u00e1rios de cota\u00e7\u00e3o de pre\u00e7os, conforme especificado no edital.<\/li>\n<\/ul>\n\n\n\n<p><strong>Sele\u00e7\u00e3o e Resultados<\/strong><\/p>\n\n\n\n<p>A sele\u00e7\u00e3o dos benefici\u00e1rios ser\u00e1 realizada pela Comiss\u00e3o Local de Assist\u00eancia Estudantil (CLAE), com base na an\u00e1lise da documenta\u00e7\u00e3o e dos crit\u00e9rios socioecon\u00f4micos. A an\u00e1lise levar\u00e1 em conta indicadores como renda, composi\u00e7\u00e3o familiar e participa\u00e7\u00e3o em programas sociais.<\/p>\n\n\n\n<p>As respostas \u00e0s solicita\u00e7\u00f5es ser\u00e3o divulgadas em at\u00e9 15 dias corridos ap\u00f3s a formaliza\u00e7\u00e3o do pedido.<\/p>\n\n\n\n<p><strong>Presta\u00e7\u00e3o de Contas<\/strong><\/p>\n\n\n\n<p>Ap\u00f3s o recebimento do aux\u00edlio, o estudante ter\u00e1 um prazo de 30 dias corridos para apresentar a nota fiscal ou recibo que comprove a utiliza\u00e7\u00e3o do recurso para a finalidade solicitada.<\/p>\n\n\n\n<p><strong>Mais Informa\u00e7\u00f5es<\/strong><\/p>\n\n\n\n<p>Para esclarecimentos, os estudantes podem entrar em contato com a CAE presencialmente ou pelo e-mail:\u00a0<a rel=\"noreferrer noopener\" href=\"https:\/\/www.google.com\/url?sa=E&amp;q=mailto%3Aclae%40si.ifbaiano.edu.br\" target=\"_blank\">clae@si.ifbaiano.edu.br<\/a>. O edital completo e outras informa\u00e7\u00f5es pertinentes est\u00e3o dispon\u00edveis no <a href=\"https:\/\/concurso.ifbaiano.edu.br\/portal\/pae-santa-ines-agosto-2025\/\">P\u00e1gina do Programa<\/a>, no Portal do IF Baiano.<\/p>\n\n\n\n<p><strong>Anexos do Edital<\/strong>:<\/p>\n\n\n\n<ul>\n<li><a rel=\"noreferrer noopener\" href=\"https:\/\/concurso.ifbaiano.edu.br\/portal\/pae-santa-ines-agosto-2025\/wp-content\/uploads\/sites\/1232\/2025\/09\/ANEXO-I-REQUERIMENTO-DE-AUXILIO.pdf\" target=\"_blank\">Anexo I \u2013 Requerimento de Aux\u00edlio<\/a><\/li>\n\n\n\n<li><a rel=\"noreferrer noopener\" href=\"https:\/\/concurso.ifbaiano.edu.br\/portal\/pae-santa-ines-agosto-2025\/wp-content\/uploads\/sites\/1232\/2025\/09\/ANEXO-II-INTERPOSICAO-DE-RECURSO.pdf\" target=\"_blank\">Anexo II \u2013 Interposi\u00e7\u00e3o de Recurso<\/a><\/li>\n\n\n\n<li><a rel=\"noreferrer noopener\" href=\"https:\/\/concurso.ifbaiano.edu.br\/portal\/pae-santa-ines-agosto-2025\/wp-content\/uploads\/sites\/1232\/2025\/09\/ANEXO-III-LIMITES-MAXIMOS-DOS-AUXILIOS.pdf\" target=\"_blank\">Anexo III \u2013 Limites M\u00e1ximos dos Aux\u00edlios<\/a><\/li>\n\n\n\n<li><a rel=\"noreferrer noopener\" href=\"https:\/\/concurso.ifbaiano.edu.br\/portal\/pae-santa-ines-agosto-2025\/wp-content\/uploads\/sites\/1232\/2025\/09\/ANEXO-IV-COTACAO-DE-PRECOS.pdf\" target=\"_blank\">Anexo IV \u2013 Cota\u00e7\u00e3o de Pre\u00e7os<\/a><\/li>\n\n\n\n<li><a rel=\"noreferrer noopener\" href=\"https:\/\/concurso.ifbaiano.edu.br\/portal\/pae-santa-ines-agosto-2025\/wp-content\/uploads\/sites\/1232\/2025\/09\/ANEXO-V-BAREMA-DE-ANALISE-DE-FATORES-SOCIOECONOMICOS-E-ENTREVISTA-SOCIAL.pdf\" target=\"_blank\">Anexo V \u2013 Barema de An\u00e1lise de Fatores Socioecon\u00f4micos e Entrevista Social<\/a><\/li>\n\n\n\n<li><a rel=\"noreferrer noopener\" href=\"https:\/\/concurso.ifbaiano.edu.br\/portal\/pae-santa-ines-agosto-2025\/wp-content\/uploads\/sites\/1232\/2025\/09\/ANEXO-VI-TERMO-DE-COMPROMISSO.pdf\" target=\"_blank\">Anexo VI \u2013 Termo de Compromisso<\/a><\/li>\n<\/ul>\n\n\n\n<hr class=\"wp-block-separator has-alpha-channel-opacity\" \/>\n","protected":false},"excerpt":{"rendered":"<p>Iniciativa visa apoiar alunos em vulnerabilidade socioecon\u00f4mica com ajudas de custo para necessidades emergenciais; inscri\u00e7\u00f5es s\u00e3o online<\/p>\n","protected":false},"author":86,"featured_media":24936,"comment_status":"closed","ping_status":"closed","sticky":false,"template":"","format":"standard","meta":[],"categories":[4,38,5,57],"tags":[],"_links":{"self":[{"href":"https:\/\/www.ifbaiano.edu.br\/unidades\/santaines\/wp-json\/wp\/v2\/posts\/24899"}],"collection":[{"href":"https:\/\/www.ifbaiano.edu.br\/unidades\/santaines\/wp-json\/wp\/v2\/posts"}],"about":[{"href":"https:\/\/www.ifbaiano.edu.br\/unidades\/santaines\/wp-json\/wp\/v2\/types\/post"}],"author":[{"embeddable":true,"href":"https:\/\/www.ifbaiano.edu.br\/unidades\/santaines\/wp-json\/wp\/v2\/users\/86"}],"replies":[{"embeddable":true,"href":"https:\/\/www.ifbaiano.edu.br\/unidades\/santaines\/wp-json\/wp\/v2\/comments?post=24899"}],"version-history":[{"count":5,"href":"https:\/\/www.ifbaiano.edu.br\/unidades\/santaines\/wp-json\/wp\/v2\/posts\/24899\/revisions"}],"predecessor-version":[{"id":25645,"href":"https:\/\/www.ifbaiano.edu.br\/unidades\/santaines\/wp-json\/wp\/v2\/posts\/24899\/revisions\/25645"}],"wp:featuredmedia":[{"embeddable":true,"href":"https:\/\/www.ifbaiano.edu.br\/unidades\/santaines\/wp-json\/wp\/v2\/media\/24936"}],"wp:attachment":[{"href":"https:\/\/www.ifbaiano.edu.br\/unidades\/santaines\/wp-json\/wp\/v2\/media?parent=24899"}],"wp:term":[{"taxonomy":"category","embeddable":true,"href":"https:\/\/www.ifbaiano.edu.br\/unidades\/santaines\/wp-json\/wp\/v2\/categories?post=24899"},{"taxonomy":"post_tag","embeddable":true,"href":"https:\/\/www.ifbaiano.edu.br\/unidades\/santaines\/wp-json\/wp\/v2\/tags?post=24899"}],"curies":[{"name":"wp","href":"https:\/\/api.w.org\/{rel}","templated":true}]}}