{"id":24911,"date":"2025-08-12T15:33:32","date_gmt":"2025-08-12T18:33:32","guid":{"rendered":"https:\/\/www.ifbaiano.edu.br\/unidades\/santaines\/?p=24911"},"modified":"2025-08-12T16:38:43","modified_gmt":"2025-08-12T19:38:43","slug":"palestra-no-if-baiano-santa-ines-orienta-sobre-serpentes-e-prevencao-de-acidentes","status":"publish","type":"post","link":"https:\/\/www.ifbaiano.edu.br\/unidades\/santaines\/palestra-no-if-baiano-santa-ines-orienta-sobre-serpentes-e-prevencao-de-acidentes\/","title":{"rendered":"Palestra no IF Baiano &#8211; Campus Santa In\u00eas orienta sobre serpentes e preven\u00e7\u00e3o de Acidentes"},"content":{"rendered":"\n<p>Na manh\u00e3 desta ter\u00e7a-feira, 12 de agosto, estudantes e servidores do IF Baiano \u2013 Campus Santa In\u00eas se reuniram no audit\u00f3rio da biblioteca para a palestra \u201cSerpentes: Hist\u00f3ria Natural, Conserva\u00e7\u00e3o e Acidentes\u201d. O evento, uma iniciativa do Gr\u00eamio Estudantil Carlos Lamarca em parceria com a gest\u00e3o do campus e a empresa <a href=\"https:\/\/tropicaliatransmissora.com.br\/\">Tropic\u00e1lia &#8211; Transmiss\u00e3o de Energia S.A.<\/a>, foi ministrado pelo Bi\u00f3logo e analista ambiental da Tropic\u00e1lia, Donizete Pereira.<\/p>\n\n\n\n<p>O objetivo principal da atividade foi orientar a comunidade acad\u00eamica sobre a import\u00e2ncia da preserva\u00e7\u00e3o das serpentes e as medidas preventivas para evitar acidentes. O tema \u00e9 particularmente relevante para o campus que, por suas caracter\u00edsticas ambientais, registra a presen\u00e7a desses animais.<\/p>\n\n\n\n<figure class=\"wp-block-gallery has-nested-images columns-default is-cropped wp-block-gallery-1 is-layout-flex\">\n<figure class=\"wp-block-image size-large\"><a href=\"https:\/\/www.ifbaiano.edu.br\/unidades\/santaines\/files\/2025\/08\/2988-f4f1a818.webp\"><img decoding=\"async\" loading=\"lazy\" width=\"1024\" height=\"768\" data-id=\"24929\"  src=\"https:\/\/www.ifbaiano.edu.br\/unidades\/santaines\/files\/2025\/08\/2988-f4f1a818-1024x768.webp\" alt=\"\" class=\"wp-image-24929\" srcset=\"https:\/\/www.ifbaiano.edu.br\/unidades\/santaines\/files\/2025\/08\/2988-f4f1a818-1024x768.webp 1024w, https:\/\/www.ifbaiano.edu.br\/unidades\/santaines\/files\/2025\/08\/2988-f4f1a818-300x225.webp 300w, https:\/\/www.ifbaiano.edu.br\/unidades\/santaines\/files\/2025\/08\/2988-f4f1a818-768x576.webp 768w, https:\/\/www.ifbaiano.edu.br\/unidades\/santaines\/files\/2025\/08\/2988-f4f1a818-100x75.webp 100w, https:\/\/www.ifbaiano.edu.br\/unidades\/santaines\/files\/2025\/08\/2988-f4f1a818.webp 1440w\" sizes=\"(max-width: 1024px) 100vw, 1024px\" \/><\/a><\/figure>\n\n\n\n<figure class=\"wp-block-image size-large\"><a href=\"https:\/\/www.ifbaiano.edu.br\/unidades\/santaines\/files\/2025\/08\/2988-403d6ebf.webp\"><img decoding=\"async\" loading=\"lazy\" width=\"787\" height=\"561\" data-id=\"24928\"  src=\"https:\/\/www.ifbaiano.edu.br\/unidades\/santaines\/files\/2025\/08\/2988-403d6ebf.webp\" alt=\"\" class=\"wp-image-24928\" srcset=\"https:\/\/www.ifbaiano.edu.br\/unidades\/santaines\/files\/2025\/08\/2988-403d6ebf.webp 787w, https:\/\/www.ifbaiano.edu.br\/unidades\/santaines\/files\/2025\/08\/2988-403d6ebf-300x214.webp 300w, https:\/\/www.ifbaiano.edu.br\/unidades\/santaines\/files\/2025\/08\/2988-403d6ebf-768x547.webp 768w, https:\/\/www.ifbaiano.edu.br\/unidades\/santaines\/files\/2025\/08\/2988-403d6ebf-100x71.webp 100w\" sizes=\"(max-width: 787px) 100vw, 787px\" \/><\/a><\/figure>\n\n\n\n<figure class=\"wp-block-image size-large\"><a href=\"https:\/\/www.ifbaiano.edu.br\/unidades\/santaines\/files\/2025\/08\/2986-8c2d0b1a.webp\"><img decoding=\"async\" loading=\"lazy\" width=\"1024\" height=\"768\" data-id=\"24927\"  src=\"https:\/\/www.ifbaiano.edu.br\/unidades\/santaines\/files\/2025\/08\/2986-8c2d0b1a-1024x768.webp\" alt=\"\" class=\"wp-image-24927\" srcset=\"https:\/\/www.ifbaiano.edu.br\/unidades\/santaines\/files\/2025\/08\/2986-8c2d0b1a-1024x768.webp 1024w, https:\/\/www.ifbaiano.edu.br\/unidades\/santaines\/files\/2025\/08\/2986-8c2d0b1a-300x225.webp 300w, https:\/\/www.ifbaiano.edu.br\/unidades\/santaines\/files\/2025\/08\/2986-8c2d0b1a-768x576.webp 768w, https:\/\/www.ifbaiano.edu.br\/unidades\/santaines\/files\/2025\/08\/2986-8c2d0b1a-100x75.webp 100w, https:\/\/www.ifbaiano.edu.br\/unidades\/santaines\/files\/2025\/08\/2986-8c2d0b1a.webp 1440w\" sizes=\"(max-width: 1024px) 100vw, 1024px\" \/><\/a><\/figure>\n<\/figure>\n\n\n\n<p>O Diretor Acad\u00eamico, professor Andr\u00e9 Leonardo, ressaltou que a a\u00e7\u00e3o faz parte das iniciativas de educa\u00e7\u00e3o ambiental e seguran\u00e7a, refor\u00e7ando o compromisso do IF Baiano com o bem-estar de estudantes e servidores. Ele destacou ainda a parceria com a Tropic\u00e1lia, afirmando que esta \u00e9 apenas a primeira de diversas a\u00e7\u00f5es previstas. &#8220;Outras atividades voltadas \u00e0 educa\u00e7\u00e3o ambiental ser\u00e3o realizadas ainda este ano, ampliando as a\u00e7\u00f5es conjuntas e fortalecendo nosso compromisso com a preserva\u00e7\u00e3o ambiental e a forma\u00e7\u00e3o cidad\u00e3&#8221;, anunciou o diretor.<\/p>\n\n\n\n<p>Lucas Nunes, presidente do Gr\u00eamio Estudantil, salientou a import\u00e2ncia de promover espa\u00e7os de forma\u00e7\u00e3o que dialoguem com a realidade local. \u201cEstudamos dentro de uma fazenda, e isso exige que saibamos o que fazer e o que n\u00e3o fazer, derrubando supersti\u00e7\u00f5es e aprendendo a agir com seguran\u00e7a. Sou muito grato \u00e0 gest\u00e3o por abrir esse espa\u00e7o, que considero essencial para o nosso desenvolvimento\u201d, declarou.<\/p>\n\n\n\n<p>Durante a apresenta\u00e7\u00e3o, o palestrante Donizete Pereira abordou a biologia, o comportamento e a import\u00e2ncia ecol\u00f3gica das serpentes, detalhando tamb\u00e9m os procedimentos corretos de primeiros socorros. Questionado sobre o impacto da palestra, Pereira ressaltou a oportunidade de formar multiplicadores de conhecimento. Inspirando-se em Paulo Freire, ele afirmou que \u201ca gente muda pessoas e as pessoas mudam o mundo\u201d, elogiando a troca de saberes com alunos t\u00e3o ligados \u00e0 realidade do campo.<\/p>\n\n\n\n<p>Para os estudantes, o evento foi uma fonte valiosa de aprendizado. Amanda Almeida, do 2\u00ba ano do Curso T\u00e9cnico em Zootecnia, considerou a palestra eficiente e agregadora. &#8220;Foi interessante aprender a influ\u00eancia das cobras no meio ambiente e como devemos agir. A gente viu o quanto \u00e9 importante usar os sapatos que tanto desprezamos, preferindo os chinelos. Afinal, estudamos em uma fazenda, ent\u00e3o \u00e9 importante manter esse cuidado para que n\u00e3o haja acidentes&#8221;, comentou a estudante.<\/p>\n\n\n\n<figure class=\"wp-block-gallery has-nested-images columns-default is-cropped wp-block-gallery-3 is-layout-flex\">\n<figure class=\"wp-block-image size-large\"><a href=\"https:\/\/www.ifbaiano.edu.br\/unidades\/santaines\/files\/2025\/08\/7634-831d7.webp\"><img decoding=\"async\" loading=\"lazy\" width=\"1000\" height=\"750\" data-id=\"24916\"  src=\"https:\/\/www.ifbaiano.edu.br\/unidades\/santaines\/files\/2025\/08\/7634-831d7.webp\" alt=\"\" class=\"wp-image-24916\" srcset=\"https:\/\/www.ifbaiano.edu.br\/unidades\/santaines\/files\/2025\/08\/7634-831d7.webp 1000w, https:\/\/www.ifbaiano.edu.br\/unidades\/santaines\/files\/2025\/08\/7634-831d7-300x225.webp 300w, https:\/\/www.ifbaiano.edu.br\/unidades\/santaines\/files\/2025\/08\/7634-831d7-768x576.webp 768w, https:\/\/www.ifbaiano.edu.br\/unidades\/santaines\/files\/2025\/08\/7634-831d7-100x75.webp 100w\" sizes=\"(max-width: 1000px) 100vw, 1000px\" \/><\/a><\/figure>\n\n\n\n<figure class=\"wp-block-image size-large\"><a href=\"https:\/\/www.ifbaiano.edu.br\/unidades\/santaines\/files\/2025\/08\/7638-353531.webp\"><img decoding=\"async\" loading=\"lazy\" width=\"1000\" height=\"750\" data-id=\"24920\"  src=\"https:\/\/www.ifbaiano.edu.br\/unidades\/santaines\/files\/2025\/08\/7638-353531.webp\" alt=\"\" class=\"wp-image-24920\" srcset=\"https:\/\/www.ifbaiano.edu.br\/unidades\/santaines\/files\/2025\/08\/7638-353531.webp 1000w, https:\/\/www.ifbaiano.edu.br\/unidades\/santaines\/files\/2025\/08\/7638-353531-300x225.webp 300w, https:\/\/www.ifbaiano.edu.br\/unidades\/santaines\/files\/2025\/08\/7638-353531-768x576.webp 768w, https:\/\/www.ifbaiano.edu.br\/unidades\/santaines\/files\/2025\/08\/7638-353531-100x75.webp 100w\" sizes=\"(max-width: 1000px) 100vw, 1000px\" \/><\/a><\/figure>\n\n\n\n<figure class=\"wp-block-image size-large\"><a href=\"https:\/\/www.ifbaiano.edu.br\/unidades\/santaines\/files\/2025\/08\/7636-64068dd6.webp\"><img decoding=\"async\" loading=\"lazy\" width=\"1024\" height=\"768\" data-id=\"24919\"  src=\"https:\/\/www.ifbaiano.edu.br\/unidades\/santaines\/files\/2025\/08\/7636-64068dd6-1024x768.webp\" alt=\"\" class=\"wp-image-24919\" srcset=\"https:\/\/www.ifbaiano.edu.br\/unidades\/santaines\/files\/2025\/08\/7636-64068dd6-1024x768.webp 1024w, https:\/\/www.ifbaiano.edu.br\/unidades\/santaines\/files\/2025\/08\/7636-64068dd6-300x225.webp 300w, https:\/\/www.ifbaiano.edu.br\/unidades\/santaines\/files\/2025\/08\/7636-64068dd6-768x576.webp 768w, https:\/\/www.ifbaiano.edu.br\/unidades\/santaines\/files\/2025\/08\/7636-64068dd6-100x75.webp 100w, https:\/\/www.ifbaiano.edu.br\/unidades\/santaines\/files\/2025\/08\/7636-64068dd6.webp 1440w\" sizes=\"(max-width: 1024px) 100vw, 1024px\" \/><\/a><\/figure>\n\n\n\n<figure class=\"wp-block-image size-large\"><a href=\"https:\/\/www.ifbaiano.edu.br\/unidades\/santaines\/files\/2025\/08\/7639-23392646.webp\"><img decoding=\"async\" loading=\"lazy\" width=\"1024\" height=\"768\" data-id=\"24921\"  src=\"https:\/\/www.ifbaiano.edu.br\/unidades\/santaines\/files\/2025\/08\/7639-23392646-1024x768.webp\" alt=\"\" class=\"wp-image-24921\" srcset=\"https:\/\/www.ifbaiano.edu.br\/unidades\/santaines\/files\/2025\/08\/7639-23392646-1024x768.webp 1024w, https:\/\/www.ifbaiano.edu.br\/unidades\/santaines\/files\/2025\/08\/7639-23392646-300x225.webp 300w, https:\/\/www.ifbaiano.edu.br\/unidades\/santaines\/files\/2025\/08\/7639-23392646-768x576.webp 768w, https:\/\/www.ifbaiano.edu.br\/unidades\/santaines\/files\/2025\/08\/7639-23392646-100x75.webp 100w, https:\/\/www.ifbaiano.edu.br\/unidades\/santaines\/files\/2025\/08\/7639-23392646.webp 1440w\" sizes=\"(max-width: 1024px) 100vw, 1024px\" \/><\/a><\/figure>\n\n\n\n<figure class=\"wp-block-image size-large\"><a href=\"https:\/\/www.ifbaiano.edu.br\/unidades\/santaines\/files\/2025\/08\/7631-2eef8327.webp\"><img decoding=\"async\" loading=\"lazy\" width=\"1000\" height=\"750\" data-id=\"24913\"  src=\"https:\/\/www.ifbaiano.edu.br\/unidades\/santaines\/files\/2025\/08\/7631-2eef8327.webp\" alt=\"\" class=\"wp-image-24913\" srcset=\"https:\/\/www.ifbaiano.edu.br\/unidades\/santaines\/files\/2025\/08\/7631-2eef8327.webp 1000w, https:\/\/www.ifbaiano.edu.br\/unidades\/santaines\/files\/2025\/08\/7631-2eef8327-300x225.webp 300w, https:\/\/www.ifbaiano.edu.br\/unidades\/santaines\/files\/2025\/08\/7631-2eef8327-768x576.webp 768w, https:\/\/www.ifbaiano.edu.br\/unidades\/santaines\/files\/2025\/08\/7631-2eef8327-100x75.webp 100w\" sizes=\"(max-width: 1000px) 100vw, 1000px\" \/><\/a><\/figure>\n\n\n\n<figure class=\"wp-block-image size-large\"><a href=\"https:\/\/www.ifbaiano.edu.br\/unidades\/santaines\/files\/2025\/08\/7636-947cbfd5-f127.webp\"><img decoding=\"async\" loading=\"lazy\" width=\"1000\" height=\"750\" data-id=\"24918\"  src=\"https:\/\/www.ifbaiano.edu.br\/unidades\/santaines\/files\/2025\/08\/7636-947cbfd5-f127.webp\" alt=\"\" class=\"wp-image-24918\" srcset=\"https:\/\/www.ifbaiano.edu.br\/unidades\/santaines\/files\/2025\/08\/7636-947cbfd5-f127.webp 1000w, https:\/\/www.ifbaiano.edu.br\/unidades\/santaines\/files\/2025\/08\/7636-947cbfd5-f127-300x225.webp 300w, https:\/\/www.ifbaiano.edu.br\/unidades\/santaines\/files\/2025\/08\/7636-947cbfd5-f127-768x576.webp 768w, https:\/\/www.ifbaiano.edu.br\/unidades\/santaines\/files\/2025\/08\/7636-947cbfd5-f127-100x75.webp 100w\" sizes=\"(max-width: 1000px) 100vw, 1000px\" \/><\/a><\/figure>\n\n\n\n<figure class=\"wp-block-image size-large\"><a href=\"https:\/\/www.ifbaiano.edu.br\/unidades\/santaines\/files\/2025\/08\/9272-697882a1-99ad-4a2c-9632-6c3cf4ec1986.webp\"><img decoding=\"async\" loading=\"lazy\" width=\"1024\" height=\"454\" data-id=\"24926\"  src=\"https:\/\/www.ifbaiano.edu.br\/unidades\/santaines\/files\/2025\/08\/9272-697882a1-99ad-4a2c-9632-6c3cf4ec1986-1024x454.webp\" alt=\"\" class=\"wp-image-24926\" srcset=\"https:\/\/www.ifbaiano.edu.br\/unidades\/santaines\/files\/2025\/08\/9272-697882a1-99ad-4a2c-9632-6c3cf4ec1986-1024x454.webp 1024w, https:\/\/www.ifbaiano.edu.br\/unidades\/santaines\/files\/2025\/08\/9272-697882a1-99ad-4a2c-9632-6c3cf4ec1986-300x133.webp 300w, https:\/\/www.ifbaiano.edu.br\/unidades\/santaines\/files\/2025\/08\/9272-697882a1-99ad-4a2c-9632-6c3cf4ec1986-768x340.webp 768w, https:\/\/www.ifbaiano.edu.br\/unidades\/santaines\/files\/2025\/08\/9272-697882a1-99ad-4a2c-9632-6c3cf4ec1986-100x44.webp 100w, https:\/\/www.ifbaiano.edu.br\/unidades\/santaines\/files\/2025\/08\/9272-697882a1-99ad-4a2c-9632-6c3cf4ec1986.webp 1500w\" sizes=\"(max-width: 1024px) 100vw, 1024px\" \/><\/a><\/figure>\n<\/figure>\n\n\n\n<hr class=\"wp-block-separator has-alpha-channel-opacity\" \/>\n","protected":false},"excerpt":{"rendered":"<p>Iniciativa do Gr\u00eamio Estudantil, em parceria com a institui\u00e7\u00e3o, buscou conscientizar a comunidade acad\u00eamica sobre a conviv\u00eancia segura com os animais no campus.<\/p>\n","protected":false},"author":86,"featured_media":24923,"comment_status":"closed","ping_status":"closed","sticky":false,"template":"","format":"standard","meta":[],"categories":[4,5,57],"tags":[],"_links":{"self":[{"href":"https:\/\/www.ifbaiano.edu.br\/unidades\/santaines\/wp-json\/wp\/v2\/posts\/24911"}],"collection":[{"href":"https:\/\/www.ifbaiano.edu.br\/unidades\/santaines\/wp-json\/wp\/v2\/posts"}],"about":[{"href":"https:\/\/www.ifbaiano.edu.br\/unidades\/santaines\/wp-json\/wp\/v2\/types\/post"}],"author":[{"embeddable":true,"href":"https:\/\/www.ifbaiano.edu.br\/unidades\/santaines\/wp-json\/wp\/v2\/users\/86"}],"replies":[{"embeddable":true,"href":"https:\/\/www.ifbaiano.edu.br\/unidades\/santaines\/wp-json\/wp\/v2\/comments?post=24911"}],"version-history":[{"count":3,"href":"https:\/\/www.ifbaiano.edu.br\/unidades\/santaines\/wp-json\/wp\/v2\/posts\/24911\/revisions"}],"predecessor-version":[{"id":24931,"href":"https:\/\/www.ifbaiano.edu.br\/unidades\/santaines\/wp-json\/wp\/v2\/posts\/24911\/revisions\/24931"}],"wp:featuredmedia":[{"embeddable":true,"href":"https:\/\/www.ifbaiano.edu.br\/unidades\/santaines\/wp-json\/wp\/v2\/media\/24923"}],"wp:attachment":[{"href":"https:\/\/www.ifbaiano.edu.br\/unidades\/santaines\/wp-json\/wp\/v2\/media?parent=24911"}],"wp:term":[{"taxonomy":"category","embeddable":true,"href":"https:\/\/www.ifbaiano.edu.br\/unidades\/santaines\/wp-json\/wp\/v2\/categories?post=24911"},{"taxonomy":"post_tag","embeddable":true,"href":"https:\/\/www.ifbaiano.edu.br\/unidades\/santaines\/wp-json\/wp\/v2\/tags?post=24911"}],"curies":[{"name":"wp","href":"https:\/\/api.w.org\/{rel}","templated":true}]}}