{"id":24937,"date":"2025-08-14T10:54:00","date_gmt":"2025-08-14T13:54:00","guid":{"rendered":"https:\/\/www.ifbaiano.edu.br\/unidades\/santaines\/?p=24937"},"modified":"2025-08-14T10:54:01","modified_gmt":"2025-08-14T13:54:01","slug":"campus-santa-ines-convoca-alunos-para-renovacao-de-matricula-em-cursos-tecnicos-a-distancia","status":"publish","type":"post","link":"https:\/\/www.ifbaiano.edu.br\/unidades\/santaines\/campus-santa-ines-convoca-alunos-para-renovacao-de-matricula-em-cursos-tecnicos-a-distancia\/","title":{"rendered":"Campus Santa In\u00eas convoca alunos para renova\u00e7\u00e3o de matr\u00edcula em cursos t\u00e9cnicos a dist\u00e2ncia"},"content":{"rendered":"\n<p>O Instituto Federal de Educa\u00e7\u00e3o, Ci\u00eancia e Tecnologia Baiano (IF Baiano) &#8211; Campus Santa In\u00eas, publicou o <a href=\"https:\/\/www.ifbaiano.edu.br\/unidades\/santaines\/files\/2025\/08\/EDITAL-No-25_2025.pdf\">Edital N\u00ba 25\/2025<\/a>, que estabelece as diretrizes para a renova\u00e7\u00e3o de matr\u00edcula dos Cursos T\u00e9cnicos Subsequentes ao Ensino M\u00e9dio em Inform\u00e1tica e Secretaria Escolar, na modalidade a dist\u00e2ncia, para o per\u00edodo letivo de 2025.1. O processo \u00e9 obrigat\u00f3rio para todos os discentes que desejam manter o v\u00ednculo com a institui\u00e7\u00e3o.<\/p>\n\n\n\n<p>A renova\u00e7\u00e3o dever\u00e1 ser efetuada entre os dias\u00a0<strong>18 e 22 de agosto de 2025<\/strong>. O procedimento deve ser realizado de forma online, atrav\u00e9s do Portal do Aluno no <a href=\"https:\/\/www.google.com\/url?sa=E&amp;q=https%3A%2F%2Fsuap.ifbaiano.edu.br%2F\">SUAP (Sistema Unificado de Administra\u00e7\u00e3o P\u00fablica)<\/a>. O prazo final para a solicita\u00e7\u00e3o \u00e9 \u00e0s 23h59min do dia 22 de agosto.<\/p>\n\n\n\n<p>De acordo com o edital, a obrigatoriedade da renova\u00e7\u00e3o se estende a todos os alunos, inclusive \u00e0queles com matr\u00edcula trancada ou em depend\u00eancia de algum componente curricular. A n\u00e3o realiza\u00e7\u00e3o do procedimento dentro do prazo estipulado, sem uma justificativa legal, pode ser caracterizada como abandono de curso, levando ao cancelamento da matr\u00edcula.<\/p>\n\n\n\n<p>Para os estudantes que encontrarem dificuldades em realizar a renova\u00e7\u00e3o pelo portal, a solicita\u00e7\u00e3o poder\u00e1 ser feita, dentro do mesmo per\u00edodo, atrav\u00e9s do e-mail da secretaria de Registros acad\u00eamicos (SRA):\u00a0<a rel=\"noreferrer noopener\" href=\"https:\/\/www.google.com\/url?sa=E&amp;q=mailto%3Asecretaria%40si.ifbaiano.edu.br\" target=\"_blank\">secretaria@si.ifbaiano.edu.br<\/a>.<\/p>\n\n\n\n<p><strong>Matr\u00edcula Fora do Prazo<\/strong><\/p>\n\n\n\n<p>Alunos que n\u00e3o efetuarem a renova\u00e7\u00e3o dentro do per\u00edodo regular ter\u00e3o a oportunidade de solicitar a &#8220;Matr\u00edcula Fora de Prazo&#8221;. O pedido deve ser encaminhado para o e-mail da SRA <a rel=\"noreferrer noopener\" href=\"https:\/\/www.google.com\/url?sa=E&amp;q=mailto%3Asecretaria%40si.ifbaiano.edu.br\" target=\"_blank\">secretaria@si.ifbaiano.edu.br<\/a>\u00a0em at\u00e9 10 dias \u00fateis ap\u00f3s o t\u00e9rmino do prazo final, ou seja, at\u00e9 o dia 5 de setembro de 2025.<\/p>\n\n\n\n<p><strong>Orienta\u00e7\u00f5es e Contato<\/strong><\/p>\n\n\n\n<p>Em caso de d\u00favidas sobre o acesso ao <a href=\"https:\/\/www.google.com\/url?sa=E&amp;q=https%3A%2F%2Fsuap.ifbaiano.edu.br%2F\">SUAP<\/a>, os estudantes podem consultar as orienta\u00e7\u00f5es dispon\u00edveis no anexo do edital. Um tutorial para a renova\u00e7\u00e3o de matr\u00edcula tamb\u00e9m est\u00e1 dispon\u00edvel para consulta. Para outras quest\u00f5es, a SRA est\u00e1 dispon\u00edvel atrav\u00e9s do e-mail\u00a0<a rel=\"noreferrer noopener\" href=\"https:\/\/www.google.com\/url?sa=E&amp;q=mailto%3Asecretaria%40si.ifbaiano.edu.br\" target=\"_blank\">secretaria@si.ifbaiano.edu.br<\/a>.<\/p>\n\n\n\n<p>A efetiva\u00e7\u00e3o da matr\u00edcula est\u00e1 condicionada \u00e0 oferta de turmas e ao cumprimento dos crit\u00e9rios definidos nos projetos pedag\u00f3gicos dos cursos. O hor\u00e1rio das aulas de cada disciplina ser\u00e1 divulgado posteriormente pela Coordena\u00e7\u00e3o de Curso e Coordena\u00e7\u00e3o de Ensino. Casos n\u00e3o previstos no edital ser\u00e3o analisados pela Coordena\u00e7\u00e3o de Ensino e, se necess\u00e1rio, pela Dire\u00e7\u00e3o Acad\u00eamica.<\/p>\n\n\n\n<hr class=\"wp-block-separator has-alpha-channel-opacity\" \/>\n","protected":false},"excerpt":{"rendered":"<p>O Instituto Federal de Educa\u00e7\u00e3o, Ci\u00eancia e Tecnologia Baiano (IF Baiano) &#8211; Campus Santa In\u00eas, publicou o Edital N\u00ba 25\/2025, que estabelece as diretrizes para a renova\u00e7\u00e3o de matr\u00edcula dos Cursos T\u00e9cnicos Subsequentes ao Ensino M\u00e9dio em Inform\u00e1tica e Secretaria Escolar, na modalidade a dist\u00e2ncia, para o per\u00edodo letivo de 2025.1. O processo \u00e9 obrigat\u00f3rio [&hellip;]<\/p>\n","protected":false},"author":86,"featured_media":0,"comment_status":"closed","ping_status":"closed","sticky":false,"template":"","format":"standard","meta":[],"categories":[4,38,5,57],"tags":[],"_links":{"self":[{"href":"https:\/\/www.ifbaiano.edu.br\/unidades\/santaines\/wp-json\/wp\/v2\/posts\/24937"}],"collection":[{"href":"https:\/\/www.ifbaiano.edu.br\/unidades\/santaines\/wp-json\/wp\/v2\/posts"}],"about":[{"href":"https:\/\/www.ifbaiano.edu.br\/unidades\/santaines\/wp-json\/wp\/v2\/types\/post"}],"author":[{"embeddable":true,"href":"https:\/\/www.ifbaiano.edu.br\/unidades\/santaines\/wp-json\/wp\/v2\/users\/86"}],"replies":[{"embeddable":true,"href":"https:\/\/www.ifbaiano.edu.br\/unidades\/santaines\/wp-json\/wp\/v2\/comments?post=24937"}],"version-history":[{"count":2,"href":"https:\/\/www.ifbaiano.edu.br\/unidades\/santaines\/wp-json\/wp\/v2\/posts\/24937\/revisions"}],"predecessor-version":[{"id":24940,"href":"https:\/\/www.ifbaiano.edu.br\/unidades\/santaines\/wp-json\/wp\/v2\/posts\/24937\/revisions\/24940"}],"wp:attachment":[{"href":"https:\/\/www.ifbaiano.edu.br\/unidades\/santaines\/wp-json\/wp\/v2\/media?parent=24937"}],"wp:term":[{"taxonomy":"category","embeddable":true,"href":"https:\/\/www.ifbaiano.edu.br\/unidades\/santaines\/wp-json\/wp\/v2\/categories?post=24937"},{"taxonomy":"post_tag","embeddable":true,"href":"https:\/\/www.ifbaiano.edu.br\/unidades\/santaines\/wp-json\/wp\/v2\/tags?post=24937"}],"curies":[{"name":"wp","href":"https:\/\/api.w.org\/{rel}","templated":true}]}}