{"id":24942,"date":"2025-08-15T15:45:04","date_gmt":"2025-08-15T18:45:04","guid":{"rendered":"https:\/\/www.ifbaiano.edu.br\/unidades\/santaines\/?p=24942"},"modified":"2025-08-15T15:45:05","modified_gmt":"2025-08-15T18:45:05","slug":"exposicao-no-if-baiano-celebra-historia-da-operacao-beija-flor-e-convida-para-acao-de-educacao-ambiental","status":"publish","type":"post","link":"https:\/\/www.ifbaiano.edu.br\/unidades\/santaines\/exposicao-no-if-baiano-celebra-historia-da-operacao-beija-flor-e-convida-para-acao-de-educacao-ambiental\/","title":{"rendered":"Exposi\u00e7\u00e3o no IF Baiano celebra hist\u00f3ria da \u201cOpera\u00e7\u00e3o Beija-flor\u201d e convida para a\u00e7\u00e3o de Educa\u00e7\u00e3o Ambiental"},"content":{"rendered":"\n<p>O Instituto Federal Baiano (IF Baiano) &#8211; Campus Santa In\u00eas est\u00e1 celebrando uma d\u00e9cada de compromisso ambiental com uma exposi\u00e7\u00e3o dedicada \u00e0 \u201cOpera\u00e7\u00e3o Beija-flor\u201d, um projeto de educa\u00e7\u00e3o ambiental que mobiliza a comunidade acad\u00eamica desde 2015. A mostra, que teve in\u00edcio ontem, 13 de agosto, e se estende at\u00e9 a pr\u00f3xima segunda-feira, 18, resgata a trajet\u00f3ria da iniciativa e serve como um convite para a primeira edi\u00e7\u00e3o de 2025, marcada para o pr\u00f3ximo s\u00e1bado, dia 16.<\/p>\n\n\n\n<p>O objetivo da exposi\u00e7\u00e3o \u00e9 duplo: apresentar a \u201cOpera\u00e7\u00e3o Beija-flor\u201d aos estudantes e servidores, e relembrar as edi\u00e7\u00f5es passadas com aqueles que j\u00e1 participaram da a\u00e7\u00e3o. Instalada na cantina do Pavilh\u00e3o Pedag\u00f3gico, a mostra busca engajar toda a comunidade para a import\u00e2ncia da conserva\u00e7\u00e3o das \u00e1reas verdes do campus.<\/p>\n\n\n\n<p>Idealizado pela professora Adriana Concei\u00e7\u00e3o, em parceria com outros docentes e servidores, o projeto \u201cOpera\u00e7\u00e3o Beija-flor\u201d tem como foco principal a coleta de res\u00edduos s\u00f3lidos descartados de forma inadequada nas \u00e1reas externas dos pr\u00e9dios do campus. A a\u00e7\u00e3o vai al\u00e9m da limpeza, buscando conscientizar o corpo discente sobre a responsabilidade individual na preserva\u00e7\u00e3o do meio ambiente e o cuidado com a sa\u00fade coletiva ao reduzir os focos do mosquito da dengue.<\/p>\n\n\n\n<p>Essa a\u00e7\u00e3o recebeu o nome \u201cOpera\u00e7\u00e3o Beija-flor\u201d em sua primeira edi\u00e7\u00e3o, quando a professora Rom\u00e1ria Ara\u00fajo, ap\u00f3s a coleta, apresentou a Par\u00e1bola do Beija-flor \u2014 que, sozinho, tenta apagar o inc\u00eandio na floresta \u2014 para debater sobre a import\u00e2ncia de cada um fazer a sua parte na luta por um meio ambiente ecologicamente equilibrado.<\/p>\n\n\n\n<p>Uma das marcas do projeto \u00e9 a exposi\u00e7\u00e3o de todo o material recolhido por alguns dias, uma estrat\u00e9gia de alto impacto visual que alerta e provoca a reflex\u00e3o, mesmo naqueles que n\u00e3o participaram diretamente da coleta.<\/p>\n\n\n\n<p>A opera\u00e7\u00e3o acontece em duas edi\u00e7\u00f5es anuais, sempre em um s\u00e1bado letivo. Nesta edi\u00e7\u00e3o do pr\u00f3ximo s\u00e1bado, al\u00e9m da tradicional coleta, haver\u00e1 tamb\u00e9m o plantio de mudas, com o objetivo de aumentar a arboriza\u00e7\u00e3o do campus e criar uma conex\u00e3o afetiva das turmas com a natureza. Para isso, os grupos ser\u00e3o convidados a acompanhar o desenvolvimento das plantas, garantindo que cres\u00e7am para fornecer sombra e frutos. Para participar, os estudantes devem seguir orienta\u00e7\u00f5es de seguran\u00e7a, como o uso obrigat\u00f3rio de cal\u00e7ado fechado, cal\u00e7a e uniforme. A organiza\u00e7\u00e3o fornecer\u00e1 luvas e sacos de lixo.<\/p>\n\n\n\n<p><strong>S\u00e1bado Verde: Aliando A\u00e7\u00e3o e Reflex\u00e3o<\/strong><\/p>\n\n\n\n<p>Para aprofundar o debate, uma das edi\u00e7\u00f5es anuais da \u201cOpera\u00e7\u00e3o Beija-flor\u201d \u00e9 enriquecida com o \u201cS\u00e1bado Verde\u201d. Nesta ocasi\u00e3o, ap\u00f3s a coleta, os participantes assistem a v\u00eddeos do projeto Circuito Tela Verde, uma iniciativa do Minist\u00e9rio do Meio Ambiente (MMA) que disponibiliza produ\u00e7\u00f5es audiovisuais sobre temas ambientais atuais.<\/p>\n\n\n\n<hr class=\"wp-block-separator has-alpha-channel-opacity\" \/>\n","protected":false},"excerpt":{"rendered":"<p>O Instituto Federal Baiano (IF Baiano) &#8211; Campus Santa In\u00eas est\u00e1 celebrando uma d\u00e9cada de compromisso ambiental com uma exposi\u00e7\u00e3o dedicada \u00e0 \u201cOpera\u00e7\u00e3o Beija-flor\u201d, um projeto de educa\u00e7\u00e3o ambiental que mobiliza a comunidade acad\u00eamica desde 2015. A mostra, que teve in\u00edcio ontem, 13 de agosto, e se estende at\u00e9 a pr\u00f3xima segunda-feira, 18, resgata a [&hellip;]<\/p>\n","protected":false},"author":86,"featured_media":24943,"comment_status":"closed","ping_status":"closed","sticky":false,"template":"","format":"standard","meta":[],"categories":[4,5,57],"tags":[],"_links":{"self":[{"href":"https:\/\/www.ifbaiano.edu.br\/unidades\/santaines\/wp-json\/wp\/v2\/posts\/24942"}],"collection":[{"href":"https:\/\/www.ifbaiano.edu.br\/unidades\/santaines\/wp-json\/wp\/v2\/posts"}],"about":[{"href":"https:\/\/www.ifbaiano.edu.br\/unidades\/santaines\/wp-json\/wp\/v2\/types\/post"}],"author":[{"embeddable":true,"href":"https:\/\/www.ifbaiano.edu.br\/unidades\/santaines\/wp-json\/wp\/v2\/users\/86"}],"replies":[{"embeddable":true,"href":"https:\/\/www.ifbaiano.edu.br\/unidades\/santaines\/wp-json\/wp\/v2\/comments?post=24942"}],"version-history":[{"count":1,"href":"https:\/\/www.ifbaiano.edu.br\/unidades\/santaines\/wp-json\/wp\/v2\/posts\/24942\/revisions"}],"predecessor-version":[{"id":24944,"href":"https:\/\/www.ifbaiano.edu.br\/unidades\/santaines\/wp-json\/wp\/v2\/posts\/24942\/revisions\/24944"}],"wp:featuredmedia":[{"embeddable":true,"href":"https:\/\/www.ifbaiano.edu.br\/unidades\/santaines\/wp-json\/wp\/v2\/media\/24943"}],"wp:attachment":[{"href":"https:\/\/www.ifbaiano.edu.br\/unidades\/santaines\/wp-json\/wp\/v2\/media?parent=24942"}],"wp:term":[{"taxonomy":"category","embeddable":true,"href":"https:\/\/www.ifbaiano.edu.br\/unidades\/santaines\/wp-json\/wp\/v2\/categories?post=24942"},{"taxonomy":"post_tag","embeddable":true,"href":"https:\/\/www.ifbaiano.edu.br\/unidades\/santaines\/wp-json\/wp\/v2\/tags?post=24942"}],"curies":[{"name":"wp","href":"https:\/\/api.w.org\/{rel}","templated":true}]}}