{"id":24946,"date":"2025-08-15T16:06:47","date_gmt":"2025-08-15T19:06:47","guid":{"rendered":"https:\/\/www.ifbaiano.edu.br\/unidades\/santaines\/?p=24946"},"modified":"2025-08-15T16:06:48","modified_gmt":"2025-08-15T19:06:48","slug":"campus-santa-ines-se-prepara-para-a-edicao-2025-dos-jogos-do-instituto-federal-baiano-jifsi","status":"publish","type":"post","link":"https:\/\/www.ifbaiano.edu.br\/unidades\/santaines\/campus-santa-ines-se-prepara-para-a-edicao-2025-dos-jogos-do-instituto-federal-baiano-jifsi\/","title":{"rendered":"Campus Santa In\u00eas se prepara para a edi\u00e7\u00e3o 2025 dos Jogos do Instituto Federal Baiano (JIFSI)"},"content":{"rendered":"\n<p>O Instituto Federal de Educa\u00e7\u00e3o, Ci\u00eancia e Tecnologia Baiano &#8211; Campus Santa In\u00eas est\u00e1 com os preparativos a todo vapor para a realiza\u00e7\u00e3o dos Jogos do Instituto Federal Baiano (JIFSI) de 2025. O evento, que j\u00e1 \u00e9 tradi\u00e7\u00e3o na institui\u00e7\u00e3o, ocorrer\u00e1 entre os dias 01 e 05 de setembro e tem como principal objetivo a inclus\u00e3o e integra\u00e7\u00e3o sociocultural dos estudantes, al\u00e9m de fomentar a pr\u00e1tica de esportes e lazer no campus.<\/p>\n\n\n\n<p>A cerim\u00f4nia de abertura est\u00e1 marcada para o dia 01 de setembro, com um desfile dos estudantes inscritos e o tradicional acendimento da tocha ol\u00edmpica pelos atletas, dando in\u00edcio a uma semana de competi\u00e7\u00f5es, desafios e socializa\u00e7\u00e3o. O encerramento, com a premia\u00e7\u00e3o dos atletas e equipes vencedoras, acontecer\u00e1 no dia 05 de setembro.<\/p>\n\n\n\n<p><strong>Objetivos e Valores<\/strong><\/p>\n\n\n\n<p>De acordo com o Regulamento Geral, o JIFSI 2025 visa n\u00e3o apenas o aprimoramento das habilidades esportivas dos participantes, mas, sobretudo, o fortalecimento de princ\u00edpios como coopera\u00e7\u00e3o, supera\u00e7\u00e3o, respeito, civilidade e esp\u00edrito coletivo. O evento busca valorizar o car\u00e1ter educativo e socializador do esporte, promovendo condutas \u00e9ticas dentro e fora das competi\u00e7\u00f5es.<\/p>\n\n\n\n<p><strong>Modalidades Esportivas<\/strong><\/p>\n\n\n\n<p>Os jogos contar\u00e3o com uma variedade de modalidades coletivas e individuais, buscando atender aos diversos interesses dos estudantes. As competi\u00e7\u00f5es coletivas incluem:<\/p>\n\n\n\n<ul>\n<li>Futsal (masculino e feminino)<\/li>\n\n\n\n<li>Voleibol (masculino e feminino)<\/li>\n\n\n\n<li>Basquetebol (masculino e feminino)<\/li>\n\n\n\n<li>Baleado (misto)<\/li>\n\n\n\n<li>C\u00e2mbio (misto)<\/li>\n<\/ul>\n\n\n\n<p>J\u00e1 as modalidades individuais e em dupla abrangem:<\/p>\n\n\n\n<ul>\n<li>T\u00eanis de Mesa \u2013 individual \u2013 independente do g\u00eanero<\/li>\n\n\n\n<li>Atletismo (Maratona de 3km, Corrida de 100m e 800m) \u2013 individual \u2013 dividido por g\u00eanero<\/li>\n\n\n\n<li>Xadrez \u2013 individual \u2013 independente de g\u00eanero<\/li>\n\n\n\n<li>Domin\u00f3 \u2013 dupla &#8211; independente de g\u00eanero<\/li>\n\n\n\n<li>Dama \u2013 dupla \u2013 independente de g\u00eanero<\/li>\n\n\n\n<li>V\u00f4lei de Areia \u2013 Dupla \u2013 independente de g\u00eanero<\/li>\n\n\n\n<li>Futev\u00f4lei \u2013 Dupla \u2013 independente do g\u00eanero<\/li>\n<\/ul>\n\n\n\n<p>O regulamento tamb\u00e9m assegura a participa\u00e7\u00e3o de pessoas transg\u00eanero, que poder\u00e3o se inscrever nas modalidades considerando o g\u00eanero com o qual se identificam.<\/p>\n\n\n\n<p><strong>Inscri\u00e7\u00f5es e Participa\u00e7\u00e3o<\/strong><\/p>\n\n\n\n<p>Os estudantes interessados em participar do JIFSI 2025 dever\u00e3o realizar suas inscri\u00e7\u00f5es entre os dias 18 e 22 de agosto. \u00c9 importante destacar que cada estudante poder\u00e1 se inscrever em at\u00e9 duas modalidades coletivas e duas individuais. As equipes das modalidades coletivas dever\u00e3o ser formadas por integrantes do mesmo curso, mantendo um equil\u00edbrio no quantitativo de estudantes de cada s\u00e9rie.<\/p>\n\n\n\n<p><strong>Comiss\u00e3o Organizadora<\/strong><\/p>\n\n\n\n<p>A realiza\u00e7\u00e3o do JIFSI 2025 est\u00e1 sob a responsabilidade de uma Comiss\u00e3o Geral Organizadora, composta por servidores e estudantes, que atuam em diversas subcomiss\u00f5es, como a de Inscri\u00e7\u00e3o, Cerimoniais, Esportes, Comunica\u00e7\u00e3o, Monitoria, Torcidas e Uniformes. A comiss\u00e3o \u00e9 respons\u00e1vel por toda a estrutura e organiza\u00e7\u00e3o do evento, garantindo o cumprimento do regulamento e o bom andamento das competi\u00e7\u00f5es.<\/p>\n\n\n\n<p>A comunidade acad\u00eamica do Campus Santa In\u00eas est\u00e1 convidada a participar e prestigiar mais uma edi\u00e7\u00e3o dos Jogos do Instituto Federal Baiano, um evento que celebra o esporte, a educa\u00e7\u00e3o e a integra\u00e7\u00e3o.<\/p>\n\n\n\n<hr class=\"wp-block-separator has-alpha-channel-opacity\" \/>\n\n\n\n<p><\/p>\n","protected":false},"excerpt":{"rendered":"<p>Evento esportivo promove a integra\u00e7\u00e3o e o desenvolvimento de habilidades entre os estudantes, com inscri\u00e7\u00f5es abertas de 18 a 22 de agosto.<\/p>\n","protected":false},"author":86,"featured_media":24948,"comment_status":"closed","ping_status":"closed","sticky":false,"template":"","format":"standard","meta":[],"categories":[4,5,57],"tags":[],"_links":{"self":[{"href":"https:\/\/www.ifbaiano.edu.br\/unidades\/santaines\/wp-json\/wp\/v2\/posts\/24946"}],"collection":[{"href":"https:\/\/www.ifbaiano.edu.br\/unidades\/santaines\/wp-json\/wp\/v2\/posts"}],"about":[{"href":"https:\/\/www.ifbaiano.edu.br\/unidades\/santaines\/wp-json\/wp\/v2\/types\/post"}],"author":[{"embeddable":true,"href":"https:\/\/www.ifbaiano.edu.br\/unidades\/santaines\/wp-json\/wp\/v2\/users\/86"}],"replies":[{"embeddable":true,"href":"https:\/\/www.ifbaiano.edu.br\/unidades\/santaines\/wp-json\/wp\/v2\/comments?post=24946"}],"version-history":[{"count":1,"href":"https:\/\/www.ifbaiano.edu.br\/unidades\/santaines\/wp-json\/wp\/v2\/posts\/24946\/revisions"}],"predecessor-version":[{"id":24949,"href":"https:\/\/www.ifbaiano.edu.br\/unidades\/santaines\/wp-json\/wp\/v2\/posts\/24946\/revisions\/24949"}],"wp:featuredmedia":[{"embeddable":true,"href":"https:\/\/www.ifbaiano.edu.br\/unidades\/santaines\/wp-json\/wp\/v2\/media\/24948"}],"wp:attachment":[{"href":"https:\/\/www.ifbaiano.edu.br\/unidades\/santaines\/wp-json\/wp\/v2\/media?parent=24946"}],"wp:term":[{"taxonomy":"category","embeddable":true,"href":"https:\/\/www.ifbaiano.edu.br\/unidades\/santaines\/wp-json\/wp\/v2\/categories?post=24946"},{"taxonomy":"post_tag","embeddable":true,"href":"https:\/\/www.ifbaiano.edu.br\/unidades\/santaines\/wp-json\/wp\/v2\/tags?post=24946"}],"curies":[{"name":"wp","href":"https:\/\/api.w.org\/{rel}","templated":true}]}}