{"id":24950,"date":"2025-08-18T15:05:27","date_gmt":"2025-08-18T18:05:27","guid":{"rendered":"https:\/\/www.ifbaiano.edu.br\/unidades\/santaines\/?p=24950"},"modified":"2025-08-18T15:05:27","modified_gmt":"2025-08-18T18:05:27","slug":"projeto-farmacia-viva-em-acao-fortalece-a-integracao-de-plantas-medicinais-na-saude-publica-de-santa-ines","status":"publish","type":"post","link":"https:\/\/www.ifbaiano.edu.br\/unidades\/santaines\/projeto-farmacia-viva-em-acao-fortalece-a-integracao-de-plantas-medicinais-na-saude-publica-de-santa-ines\/","title":{"rendered":"Projeto &#8220;Farm\u00e1cia Viva em A\u00e7\u00e3o&#8221; fortalece a integra\u00e7\u00e3o de plantas medicinais na Sa\u00fade P\u00fablica de Santa In\u00eas"},"content":{"rendered":"\n<p>Na \u00faltima quinta-feira, 14 de agosto, a C\u00e2mara de Vereadores de Santa In\u00eas foi palco de um importante di\u00e1logo entre o conhecimento cient\u00edfico e os saberes populares. O Projeto de Extens\u00e3o &#8220;Farm\u00e1cia Viva em A\u00e7\u00e3o&#8221;, do Instituto Federal Baiano (IF Baiano) \u2013 Campus Santa In\u00eas, promoveu a oficina \u201cPlantas Medicinais na Sa\u00fade: No\u00e7\u00f5es B\u00e1sicas sobre o Uso e Regulamenta\u00e7\u00e3o\u201d, reunindo figuras chave da sa\u00fade municipal em um evento de aprendizado e troca de experi\u00eancias.<\/p>\n\n\n\n<figure class=\"wp-block-gallery has-nested-images columns-default is-cropped wp-block-gallery-1 is-layout-flex\">\n<figure class=\"wp-block-image size-large\"><a href=\"https:\/\/www.ifbaiano.edu.br\/unidades\/santaines\/files\/2025\/08\/9116-8c189369-6bfe-4df8-9c09-77d01089a884.webp\"><img decoding=\"async\" loading=\"lazy\" width=\"1024\" height=\"457\" data-id=\"24955\"  src=\"https:\/\/www.ifbaiano.edu.br\/unidades\/santaines\/files\/2025\/08\/9116-8c189369-6bfe-4df8-9c09-77d01089a884-1024x457.webp\" alt=\"\" class=\"wp-image-24955\" srcset=\"https:\/\/www.ifbaiano.edu.br\/unidades\/santaines\/files\/2025\/08\/9116-8c189369-6bfe-4df8-9c09-77d01089a884-1024x457.webp 1024w, https:\/\/www.ifbaiano.edu.br\/unidades\/santaines\/files\/2025\/08\/9116-8c189369-6bfe-4df8-9c09-77d01089a884-300x134.webp 300w, https:\/\/www.ifbaiano.edu.br\/unidades\/santaines\/files\/2025\/08\/9116-8c189369-6bfe-4df8-9c09-77d01089a884-768x343.webp 768w, https:\/\/www.ifbaiano.edu.br\/unidades\/santaines\/files\/2025\/08\/9116-8c189369-6bfe-4df8-9c09-77d01089a884-1536x685.webp 1536w, https:\/\/www.ifbaiano.edu.br\/unidades\/santaines\/files\/2025\/08\/9116-8c189369-6bfe-4df8-9c09-77d01089a884-100x45.webp 100w, https:\/\/www.ifbaiano.edu.br\/unidades\/santaines\/files\/2025\/08\/9116-8c189369-6bfe-4df8-9c09-77d01089a884.webp 1600w\" sizes=\"(max-width: 1024px) 100vw, 1024px\" \/><\/a><\/figure>\n\n\n\n<figure class=\"wp-block-image size-large\"><a href=\"https:\/\/www.ifbaiano.edu.br\/unidades\/santaines\/files\/2025\/08\/9121-42ea5633-19c8-426e-88fd-9e72.webp\"><img decoding=\"async\" loading=\"lazy\" width=\"1024\" height=\"580\" data-id=\"24958\"  src=\"https:\/\/www.ifbaiano.edu.br\/unidades\/santaines\/files\/2025\/08\/9121-42ea5633-19c8-426e-88fd-9e72-1024x580.webp\" alt=\"\" class=\"wp-image-24958\" srcset=\"https:\/\/www.ifbaiano.edu.br\/unidades\/santaines\/files\/2025\/08\/9121-42ea5633-19c8-426e-88fd-9e72-1024x580.webp 1024w, https:\/\/www.ifbaiano.edu.br\/unidades\/santaines\/files\/2025\/08\/9121-42ea5633-19c8-426e-88fd-9e72-300x170.webp 300w, https:\/\/www.ifbaiano.edu.br\/unidades\/santaines\/files\/2025\/08\/9121-42ea5633-19c8-426e-88fd-9e72-768x435.webp 768w, https:\/\/www.ifbaiano.edu.br\/unidades\/santaines\/files\/2025\/08\/9121-42ea5633-19c8-426e-88fd-9e72-1536x870.webp 1536w, https:\/\/www.ifbaiano.edu.br\/unidades\/santaines\/files\/2025\/08\/9121-42ea5633-19c8-426e-88fd-9e72-100x57.webp 100w, https:\/\/www.ifbaiano.edu.br\/unidades\/santaines\/files\/2025\/08\/9121-42ea5633-19c8-426e-88fd-9e72.webp 1600w\" sizes=\"(max-width: 1024px) 100vw, 1024px\" \/><\/a><\/figure>\n\n\n\n<figure class=\"wp-block-image size-large\"><a href=\"https:\/\/www.ifbaiano.edu.br\/unidades\/santaines\/files\/2025\/08\/9115-6a29056f-d39c-4a.webp\"><img decoding=\"async\" loading=\"lazy\" width=\"840\" height=\"545\" data-id=\"24953\"  src=\"https:\/\/www.ifbaiano.edu.br\/unidades\/santaines\/files\/2025\/08\/9115-6a29056f-d39c-4a.webp\" alt=\"\" class=\"wp-image-24953\" srcset=\"https:\/\/www.ifbaiano.edu.br\/unidades\/santaines\/files\/2025\/08\/9115-6a29056f-d39c-4a.webp 840w, https:\/\/www.ifbaiano.edu.br\/unidades\/santaines\/files\/2025\/08\/9115-6a29056f-d39c-4a-300x195.webp 300w, https:\/\/www.ifbaiano.edu.br\/unidades\/santaines\/files\/2025\/08\/9115-6a29056f-d39c-4a-768x498.webp 768w, https:\/\/www.ifbaiano.edu.br\/unidades\/santaines\/files\/2025\/08\/9115-6a29056f-d39c-4a-100x65.webp 100w\" sizes=\"(max-width: 840px) 100vw, 840px\" \/><\/a><\/figure>\n<\/figure>\n\n\n\n<p>Representando o IF Baiano \u2013 Campus Santa In\u00eas, esta a\u00e7\u00e3o contou com a coordenadora do GEPPLAN e do projeto de extens\u00e3o, professora Rosineide Fonseca, o professor Aur\u00e9lio Carvalho, ambos instrutores da oficina. Tamb\u00e9m estiveram presentes a Coordenadora de Extens\u00e3o do campus, Fabiane Souza e estudantes do curso de Licenciatura em Ci\u00eancias Biol\u00f3gicas, todos engajados em enriquecer a viv\u00eancia.<\/p>\n\n\n\n<p>A a\u00e7\u00e3o reuniu o Secret\u00e1rio de Sa\u00fade, a Coordenadora da Aten\u00e7\u00e3o B\u00e1sica, farmac\u00eauticos, m\u00e9dico, enfermeiros e Agentes Comunit\u00e1rios de Sa\u00fade. Segundo a professora Rosineide, o objetivo central desse encontro foi aprofundar a discuss\u00e3o sobre a integra\u00e7\u00e3o das plantas medicinais nas pr\u00e1ticas do Sistema \u00danico de Sa\u00fade (SUS). \u201cO projeto Farm\u00e1cia Viva visa exatamente subsidiar a utiliza\u00e7\u00e3o de plantas medicinais e a produ\u00e7\u00e3o futura de fitoter\u00e1picos para o SUS, aliando o conhecimento popular ao cient\u00edfico\u201d explica a professora.<\/p>\n\n\n\n<p>Durante o encontro, foram abordados temas cruciais para a consolida\u00e7\u00e3o desta pol\u00edtica p\u00fablica. Os participantes debateram a regulamenta\u00e7\u00e3o vigente para plantas medicinais e fitoter\u00e1picos e os desafios pr\u00e1ticos de sua implementa\u00e7\u00e3o, como os processos de produ\u00e7\u00e3o e dispensa\u00e7\u00e3o \u00e0 popula\u00e7\u00e3o.<\/p>\n\n\n\n<figure class=\"wp-block-gallery has-nested-images columns-default is-cropped wp-block-gallery-3 is-layout-flex\">\n<figure class=\"wp-block-image size-large\"><a href=\"https:\/\/www.ifbaiano.edu.br\/unidades\/santaines\/files\/2025\/08\/9128-63579f81-eb01-435e-8316-9864b7ed.webp\"><img decoding=\"async\" loading=\"lazy\" width=\"960\" height=\"710\" data-id=\"24964\"  src=\"https:\/\/www.ifbaiano.edu.br\/unidades\/santaines\/files\/2025\/08\/9128-63579f81-eb01-435e-8316-9864b7ed.webp\" alt=\"\" class=\"wp-image-24964\" srcset=\"https:\/\/www.ifbaiano.edu.br\/unidades\/santaines\/files\/2025\/08\/9128-63579f81-eb01-435e-8316-9864b7ed.webp 960w, https:\/\/www.ifbaiano.edu.br\/unidades\/santaines\/files\/2025\/08\/9128-63579f81-eb01-435e-8316-9864b7ed-300x222.webp 300w, https:\/\/www.ifbaiano.edu.br\/unidades\/santaines\/files\/2025\/08\/9128-63579f81-eb01-435e-8316-9864b7ed-768x568.webp 768w, https:\/\/www.ifbaiano.edu.br\/unidades\/santaines\/files\/2025\/08\/9128-63579f81-eb01-435e-8316-9864b7ed-100x74.webp 100w\" sizes=\"(max-width: 960px) 100vw, 960px\" \/><\/a><\/figure>\n\n\n\n<figure class=\"wp-block-image size-large\"><a href=\"https:\/\/www.ifbaiano.edu.br\/unidades\/santaines\/files\/2025\/08\/9126-3762a028-e5a6-4b3a-a0eb.webp\"><img decoding=\"async\" loading=\"lazy\" width=\"1024\" height=\"778\" data-id=\"24962\"  src=\"https:\/\/www.ifbaiano.edu.br\/unidades\/santaines\/files\/2025\/08\/9126-3762a028-e5a6-4b3a-a0eb-1024x778.webp\" alt=\"\" class=\"wp-image-24962\" srcset=\"https:\/\/www.ifbaiano.edu.br\/unidades\/santaines\/files\/2025\/08\/9126-3762a028-e5a6-4b3a-a0eb-1024x778.webp 1024w, https:\/\/www.ifbaiano.edu.br\/unidades\/santaines\/files\/2025\/08\/9126-3762a028-e5a6-4b3a-a0eb-300x228.webp 300w, https:\/\/www.ifbaiano.edu.br\/unidades\/santaines\/files\/2025\/08\/9126-3762a028-e5a6-4b3a-a0eb-768x584.webp 768w, https:\/\/www.ifbaiano.edu.br\/unidades\/santaines\/files\/2025\/08\/9126-3762a028-e5a6-4b3a-a0eb-100x76.webp 100w, https:\/\/www.ifbaiano.edu.br\/unidades\/santaines\/files\/2025\/08\/9126-3762a028-e5a6-4b3a-a0eb.webp 1200w\" sizes=\"(max-width: 1024px) 100vw, 1024px\" \/><\/a><\/figure>\n\n\n\n<figure class=\"wp-block-image size-large\"><a href=\"https:\/\/www.ifbaiano.edu.br\/unidades\/santaines\/files\/2025\/08\/9124-79cf0df1-20ff-473c-be18.webp\"><img decoding=\"async\" loading=\"lazy\" width=\"960\" height=\"713\" data-id=\"24960\"  src=\"https:\/\/www.ifbaiano.edu.br\/unidades\/santaines\/files\/2025\/08\/9124-79cf0df1-20ff-473c-be18.webp\" alt=\"\" class=\"wp-image-24960\" srcset=\"https:\/\/www.ifbaiano.edu.br\/unidades\/santaines\/files\/2025\/08\/9124-79cf0df1-20ff-473c-be18.webp 960w, https:\/\/www.ifbaiano.edu.br\/unidades\/santaines\/files\/2025\/08\/9124-79cf0df1-20ff-473c-be18-300x223.webp 300w, https:\/\/www.ifbaiano.edu.br\/unidades\/santaines\/files\/2025\/08\/9124-79cf0df1-20ff-473c-be18-768x570.webp 768w, https:\/\/www.ifbaiano.edu.br\/unidades\/santaines\/files\/2025\/08\/9124-79cf0df1-20ff-473c-be18-100x74.webp 100w\" sizes=\"(max-width: 960px) 100vw, 960px\" \/><\/a><\/figure>\n<\/figure>\n\n\n\n<p>O evento \u00e9 fruto do trabalho do GEPPLAN (Grupo de Estudos e Pesquisa em Plantas) do IF Baiano e articulado com o Projeto Municipal Farm\u00e1cia Viva de Santa In\u00eas. A parceria entre a institui\u00e7\u00e3o de ensino e a Prefeitura Municipal tem se fortalecido a cada encontro, construindo pontes essenciais entre a academia, a comunidade e a gest\u00e3o p\u00fablica.<\/p>\n\n\n\n<p>A colabora\u00e7\u00e3o entre o IF Baiano e a Prefeitura de Santa In\u00eas, com o apoio da Pr\u00f3-Reitoria de Extens\u00e3o (PROEX) do instituto, demonstra um esfor\u00e7o conjunto para valorizar os recursos terap\u00eauticos locais e integr\u00e1-los de forma segura e eficaz na rede de sa\u00fade, beneficiando toda a comunidade.<\/p>\n\n\n\n<figure class=\"wp-block-gallery has-nested-images columns-default is-cropped wp-block-gallery-5 is-layout-flex\">\n<figure class=\"wp-block-image size-large\"><a href=\"https:\/\/www.ifbaiano.edu.br\/unidades\/santaines\/files\/2025\/08\/9118-19bdf616-bbbf-4197-.webp\"><img decoding=\"async\" loading=\"lazy\" width=\"1024\" height=\"751\" data-id=\"24956\"  src=\"https:\/\/www.ifbaiano.edu.br\/unidades\/santaines\/files\/2025\/08\/9118-19bdf616-bbbf-4197--1024x751.webp\" alt=\"\" class=\"wp-image-24956\" srcset=\"https:\/\/www.ifbaiano.edu.br\/unidades\/santaines\/files\/2025\/08\/9118-19bdf616-bbbf-4197--1024x751.webp 1024w, https:\/\/www.ifbaiano.edu.br\/unidades\/santaines\/files\/2025\/08\/9118-19bdf616-bbbf-4197--300x220.webp 300w, https:\/\/www.ifbaiano.edu.br\/unidades\/santaines\/files\/2025\/08\/9118-19bdf616-bbbf-4197--768x563.webp 768w, https:\/\/www.ifbaiano.edu.br\/unidades\/santaines\/files\/2025\/08\/9118-19bdf616-bbbf-4197--100x73.webp 100w, https:\/\/www.ifbaiano.edu.br\/unidades\/santaines\/files\/2025\/08\/9118-19bdf616-bbbf-4197-.webp 1200w\" sizes=\"(max-width: 1024px) 100vw, 1024px\" \/><\/a><\/figure>\n\n\n\n<figure class=\"wp-block-image size-large\"><a href=\"https:\/\/www.ifbaiano.edu.br\/unidades\/santaines\/files\/2025\/08\/9133-bb9577f2-3f98-40e6-83c3-ff7b656b5.webp\"><img decoding=\"async\" loading=\"lazy\" width=\"1024\" height=\"768\" data-id=\"24969\"  src=\"https:\/\/www.ifbaiano.edu.br\/unidades\/santaines\/files\/2025\/08\/9133-bb9577f2-3f98-40e6-83c3-ff7b656b5-1024x768.webp\" alt=\"\" class=\"wp-image-24969\" srcset=\"https:\/\/www.ifbaiano.edu.br\/unidades\/santaines\/files\/2025\/08\/9133-bb9577f2-3f98-40e6-83c3-ff7b656b5-1024x768.webp 1024w, https:\/\/www.ifbaiano.edu.br\/unidades\/santaines\/files\/2025\/08\/9133-bb9577f2-3f98-40e6-83c3-ff7b656b5-300x225.webp 300w, https:\/\/www.ifbaiano.edu.br\/unidades\/santaines\/files\/2025\/08\/9133-bb9577f2-3f98-40e6-83c3-ff7b656b5-768x576.webp 768w, https:\/\/www.ifbaiano.edu.br\/unidades\/santaines\/files\/2025\/08\/9133-bb9577f2-3f98-40e6-83c3-ff7b656b5-100x75.webp 100w, https:\/\/www.ifbaiano.edu.br\/unidades\/santaines\/files\/2025\/08\/9133-bb9577f2-3f98-40e6-83c3-ff7b656b5.webp 1200w\" sizes=\"(max-width: 1024px) 100vw, 1024px\" \/><\/a><\/figure>\n\n\n\n<figure class=\"wp-block-image size-large\"><a href=\"https:\/\/www.ifbaiano.edu.br\/unidades\/santaines\/files\/2025\/08\/9130-30230784-3f58-4e60-9935-51e7195112be.webp\"><img decoding=\"async\" loading=\"lazy\" width=\"768\" height=\"1024\" data-id=\"24967\"  src=\"https:\/\/www.ifbaiano.edu.br\/unidades\/santaines\/files\/2025\/08\/9130-30230784-3f58-4e60-9935-51e7195112be-768x1024.webp\" alt=\"\" class=\"wp-image-24967\" srcset=\"https:\/\/www.ifbaiano.edu.br\/unidades\/santaines\/files\/2025\/08\/9130-30230784-3f58-4e60-9935-51e7195112be-768x1024.webp 768w, https:\/\/www.ifbaiano.edu.br\/unidades\/santaines\/files\/2025\/08\/9130-30230784-3f58-4e60-9935-51e7195112be-225x300.webp 225w, https:\/\/www.ifbaiano.edu.br\/unidades\/santaines\/files\/2025\/08\/9130-30230784-3f58-4e60-9935-51e7195112be-100x133.webp 100w, https:\/\/www.ifbaiano.edu.br\/unidades\/santaines\/files\/2025\/08\/9130-30230784-3f58-4e60-9935-51e7195112be.webp 810w\" sizes=\"(max-width: 768px) 100vw, 768px\" \/><\/a><\/figure>\n\n\n\n<figure class=\"wp-block-image size-large\"><a href=\"https:\/\/www.ifbaiano.edu.br\/unidades\/santaines\/files\/2025\/08\/0145-b0bc0f7b-5b67-4907-a53b.webp\"><img decoding=\"async\" loading=\"lazy\" width=\"1024\" height=\"571\" data-id=\"24971\"  src=\"https:\/\/www.ifbaiano.edu.br\/unidades\/santaines\/files\/2025\/08\/0145-b0bc0f7b-5b67-4907-a53b-1024x571.webp\" alt=\"\" class=\"wp-image-24971\" srcset=\"https:\/\/www.ifbaiano.edu.br\/unidades\/santaines\/files\/2025\/08\/0145-b0bc0f7b-5b67-4907-a53b-1024x571.webp 1024w, https:\/\/www.ifbaiano.edu.br\/unidades\/santaines\/files\/2025\/08\/0145-b0bc0f7b-5b67-4907-a53b-300x167.webp 300w, https:\/\/www.ifbaiano.edu.br\/unidades\/santaines\/files\/2025\/08\/0145-b0bc0f7b-5b67-4907-a53b-768x428.webp 768w, https:\/\/www.ifbaiano.edu.br\/unidades\/santaines\/files\/2025\/08\/0145-b0bc0f7b-5b67-4907-a53b-100x56.webp 100w, https:\/\/www.ifbaiano.edu.br\/unidades\/santaines\/files\/2025\/08\/0145-b0bc0f7b-5b67-4907-a53b.webp 1215w\" sizes=\"(max-width: 1024px) 100vw, 1024px\" \/><\/a><\/figure>\n<\/figure>\n\n\n\n<hr class=\"wp-block-separator has-alpha-channel-opacity\" \/>\n","protected":false},"excerpt":{"rendered":"<p>Oficina promovida pelo IF Baiano em parceria com a Prefeitura Municipal reuniu gestores e profissionais da sa\u00fade para debater o uso, a regulamenta\u00e7\u00e3o e os desafios da fitoterapia no SUS.<\/p>\n","protected":false},"author":86,"featured_media":24951,"comment_status":"closed","ping_status":"closed","sticky":false,"template":"","format":"standard","meta":[],"categories":[4,5,57],"tags":[],"_links":{"self":[{"href":"https:\/\/www.ifbaiano.edu.br\/unidades\/santaines\/wp-json\/wp\/v2\/posts\/24950"}],"collection":[{"href":"https:\/\/www.ifbaiano.edu.br\/unidades\/santaines\/wp-json\/wp\/v2\/posts"}],"about":[{"href":"https:\/\/www.ifbaiano.edu.br\/unidades\/santaines\/wp-json\/wp\/v2\/types\/post"}],"author":[{"embeddable":true,"href":"https:\/\/www.ifbaiano.edu.br\/unidades\/santaines\/wp-json\/wp\/v2\/users\/86"}],"replies":[{"embeddable":true,"href":"https:\/\/www.ifbaiano.edu.br\/unidades\/santaines\/wp-json\/wp\/v2\/comments?post=24950"}],"version-history":[{"count":1,"href":"https:\/\/www.ifbaiano.edu.br\/unidades\/santaines\/wp-json\/wp\/v2\/posts\/24950\/revisions"}],"predecessor-version":[{"id":24972,"href":"https:\/\/www.ifbaiano.edu.br\/unidades\/santaines\/wp-json\/wp\/v2\/posts\/24950\/revisions\/24972"}],"wp:featuredmedia":[{"embeddable":true,"href":"https:\/\/www.ifbaiano.edu.br\/unidades\/santaines\/wp-json\/wp\/v2\/media\/24951"}],"wp:attachment":[{"href":"https:\/\/www.ifbaiano.edu.br\/unidades\/santaines\/wp-json\/wp\/v2\/media?parent=24950"}],"wp:term":[{"taxonomy":"category","embeddable":true,"href":"https:\/\/www.ifbaiano.edu.br\/unidades\/santaines\/wp-json\/wp\/v2\/categories?post=24950"},{"taxonomy":"post_tag","embeddable":true,"href":"https:\/\/www.ifbaiano.edu.br\/unidades\/santaines\/wp-json\/wp\/v2\/tags?post=24950"}],"curies":[{"name":"wp","href":"https:\/\/api.w.org\/{rel}","templated":true}]}}