{"id":2498,"date":"2012-11-20T16:42:50","date_gmt":"2012-11-20T19:42:50","guid":{"rendered":"http:\/\/www.ifbaiano.edu.br\/unidades\/santaines\/?p=2498"},"modified":"2012-11-21T14:27:35","modified_gmt":"2012-11-21T17:27:35","slug":"palestra-producao-de-palma-forrageira-e-pecuaria-leiteira-nas-condicoes-do-semiarido","status":"publish","type":"post","link":"https:\/\/www.ifbaiano.edu.br\/unidades\/santaines\/palestra-producao-de-palma-forrageira-e-pecuaria-leiteira-nas-condicoes-do-semiarido\/","title":{"rendered":"PALESTRA: Produ\u00e7\u00e3o de palma forrageira e pecu\u00e1ria leiteira nas condi\u00e7\u00f5es do Semi\u00e1rido"},"content":{"rendered":"<p>Ser\u00e1 realizada no Campus Santa In\u00eas uma Palestra Ministrada pelo DR. Jo\u00e3o L\u00facio Andrade com o tema : Produ\u00e7\u00e3o de palma forrageira e pecu\u00e1ria leiteira nas condi\u00e7\u00f5es do Semi\u00e1rido. Confira a Programa\u00e7\u00e3o:<\/p>\n<p><strong>Palestrante:<\/strong> Dr. Jo\u00e3o L\u00facio Andrade (M\u00e9dico Veterin\u00e1rio da ADAB)<\/p>\n<p><strong>Hor\u00e1rio:<\/strong> 08 horas (manh\u00e3)<\/p>\n<p><strong>Local:<\/strong> audit\u00f3rio do Campus<\/p>\n<p><strong>Data:<\/strong> 05\/12\/2012 (quarta-feira)<\/p>\n<p><strong>Realiza\u00e7\u00e3o: <\/strong>Coordena\u00e7\u00e3o de Integra\u00e7\u00e3o Escola-Comunidade (CIEC)<\/p>\n<p><strong>Coordenador do CIEC: <\/strong>Professor Jos\u00e9 Maria B. dos Santos<\/p>\n","protected":false},"excerpt":{"rendered":"<p>Ser\u00e1 realizada no Campus Santa In\u00eas uma Palestra Ministrada pelo DR. Jo\u00e3o L\u00facio Andrade com o tema : Produ\u00e7\u00e3o de palma forrageira e pecu\u00e1ria leiteira nas condi\u00e7\u00f5es do Semi\u00e1rido. Confira a Programa\u00e7\u00e3o: Palestrante: Dr. Jo\u00e3o L\u00facio Andrade (M\u00e9dico Veterin\u00e1rio da ADAB) Hor\u00e1rio: 08 horas (manh\u00e3) Local: audit\u00f3rio do Campus Data: 05\/12\/2012 (quarta-feira) Realiza\u00e7\u00e3o: Coordena\u00e7\u00e3o de [&hellip;]<\/p>\n","protected":false},"author":7,"featured_media":0,"comment_status":"closed","ping_status":"closed","sticky":false,"template":"","format":"standard","meta":[],"categories":[10],"tags":[],"_links":{"self":[{"href":"https:\/\/www.ifbaiano.edu.br\/unidades\/santaines\/wp-json\/wp\/v2\/posts\/2498"}],"collection":[{"href":"https:\/\/www.ifbaiano.edu.br\/unidades\/santaines\/wp-json\/wp\/v2\/posts"}],"about":[{"href":"https:\/\/www.ifbaiano.edu.br\/unidades\/santaines\/wp-json\/wp\/v2\/types\/post"}],"author":[{"embeddable":true,"href":"https:\/\/www.ifbaiano.edu.br\/unidades\/santaines\/wp-json\/wp\/v2\/users\/7"}],"replies":[{"embeddable":true,"href":"https:\/\/www.ifbaiano.edu.br\/unidades\/santaines\/wp-json\/wp\/v2\/comments?post=2498"}],"version-history":[{"count":6,"href":"https:\/\/www.ifbaiano.edu.br\/unidades\/santaines\/wp-json\/wp\/v2\/posts\/2498\/revisions"}],"predecessor-version":[{"id":2502,"href":"https:\/\/www.ifbaiano.edu.br\/unidades\/santaines\/wp-json\/wp\/v2\/posts\/2498\/revisions\/2502"}],"wp:attachment":[{"href":"https:\/\/www.ifbaiano.edu.br\/unidades\/santaines\/wp-json\/wp\/v2\/media?parent=2498"}],"wp:term":[{"taxonomy":"category","embeddable":true,"href":"https:\/\/www.ifbaiano.edu.br\/unidades\/santaines\/wp-json\/wp\/v2\/categories?post=2498"},{"taxonomy":"post_tag","embeddable":true,"href":"https:\/\/www.ifbaiano.edu.br\/unidades\/santaines\/wp-json\/wp\/v2\/tags?post=2498"}],"curies":[{"name":"wp","href":"https:\/\/api.w.org\/{rel}","templated":true}]}}