{"id":25020,"date":"2025-08-21T10:01:05","date_gmt":"2025-08-21T13:01:05","guid":{"rendered":"https:\/\/www.ifbaiano.edu.br\/unidades\/santaines\/?p=25020"},"modified":"2025-08-21T10:04:13","modified_gmt":"2025-08-21T13:04:13","slug":"professora-doa-livro-sobre-transicao-agroecologica-para-a-biblioteca-do-if-baiano-campus-santa-ines","status":"publish","type":"post","link":"https:\/\/www.ifbaiano.edu.br\/unidades\/santaines\/professora-doa-livro-sobre-transicao-agroecologica-para-a-biblioteca-do-if-baiano-campus-santa-ines\/","title":{"rendered":"Professora doa livro sobre transi\u00e7\u00e3o agroecol\u00f3gica para a biblioteca do IF Baiano- Campus Santa In\u00eas"},"content":{"rendered":"\n<p>A biblioteca do Instituto Federal Baiano (IF Baiano) \u2013 Campus Santa In\u00eas enriqueceu seu acervo com a doa\u00e7\u00e3o do livro \u201cTransi\u00e7\u00e3o Agroecol\u00f3gica: experi\u00eancias, fundamentos e m\u00e9todos para a amplia\u00e7\u00e3o de escala da agroecologia\u201d. A entrega foi realizada neste m\u00eas de agosto de 2025 pela professora da institui\u00e7\u00e3o, Adriana Concei\u00e7\u00e3o, que tamb\u00e9m \u00e9 uma das autoras da obra.<\/p>\n\n\n\n<div class=\"wp-block-media-text alignwide is-stacked-on-mobile\" style=\"grid-template-columns:49% auto\"><figure class=\"wp-block-media-text__media\"><img decoding=\"async\" loading=\"lazy\" width=\"768\" height=\"1024\" src=\"https:\/\/www.ifbaiano.edu.br\/unidades\/santaines\/files\/2025\/08\/9796-Doacao-de-livro-768x1024.webp\" alt=\"\" class=\"wp-image-25021 size-full\" srcset=\"https:\/\/www.ifbaiano.edu.br\/unidades\/santaines\/files\/2025\/08\/9796-Doacao-de-livro-768x1024.webp 768w, https:\/\/www.ifbaiano.edu.br\/unidades\/santaines\/files\/2025\/08\/9796-Doacao-de-livro-225x300.webp 225w, https:\/\/www.ifbaiano.edu.br\/unidades\/santaines\/files\/2025\/08\/9796-Doacao-de-livro-100x133.webp 100w, https:\/\/www.ifbaiano.edu.br\/unidades\/santaines\/files\/2025\/08\/9796-Doacao-de-livro.webp 810w\" sizes=\"(max-width: 768px) 100vw, 768px\" \/><\/figure><div class=\"wp-block-media-text__content\">\n<p>O livro \u00e9 fruto de um trabalho coletivo do Programa de Doutorado em Agroecologia e Desenvolvimento Territorial (PGADT) da Universidade Federal do Vale do S\u00e3o Francisco (UNIVASF), e re\u00fane fundamentos te\u00f3ricos, metodol\u00f3gicos e experi\u00eancias pr\u00e1ticas que dialogam diretamente com a realidade dos territ\u00f3rios rurais e urbanos. A publica\u00e7\u00e3o, que contou com a participa\u00e7\u00e3o de 18 autores, entre docentes e discentes do programa, busca fortalecer o ensino, a pesquisa e a extens\u00e3o no campo da agroecologia.<\/p>\n\n\n\n<p>A obra est\u00e1 dividida em oito cap\u00edtulos, distribu\u00eddos em tr\u00eas eixos principais: &#8220;Historicidade, fundamentos e m\u00e9todos de avalia\u00e7\u00e3o da transi\u00e7\u00e3o&#8221;, &#8220;Experi\u00eancias de transi\u00e7\u00e3o em diferentes contextos e abordagens&#8221; e &#8220;Agroecologia e transi\u00e7\u00e3o na agenda nacional e internacional: discursos, iniciativas e pol\u00edticas p\u00fablicas&#8221;.<\/p>\n<\/div><\/div>\n\n\n\n<p>O principal objetivo da iniciativa \u00e9 oferecer \u00e0 comunidade acad\u00eamica uma refer\u00eancia atualizada sobre os desafios e as potencialidades das transi\u00e7\u00f5es agroecol\u00f3gicas. A expectativa \u00e9 que o material estimule novas pr\u00e1ticas educativas, projetos de pesquisa e a\u00e7\u00f5es de extens\u00e3o voltadas para o desenvolvimento territorial sustent\u00e1vel.<\/p>\n\n\n\n<p>Para a professora e pesquisadora Adriana Concei\u00e7\u00e3o, a doa\u00e7\u00e3o tem um significado especial. \u201cA doa\u00e7\u00e3o deste livro representa um compromisso com a democratiza\u00e7\u00e3o do conhecimento cient\u00edfico e com a forma\u00e7\u00e3o de futuros profissionais capazes de atuar em processos de transi\u00e7\u00e3o agroecol\u00f3gica, t\u00e3o necess\u00e1rios para a sustentabilidade dos territ\u00f3rios\u201d, afirmou.<\/p>\n\n\n\n<p>A publica\u00e7\u00e3o est\u00e1 dispon\u00edvel para acesso gratuito no <a href=\"https:\/\/atenaeditora.com.br\/catalogo\/ebook\/transicao-agroecologica-experiencias-fundamentos-e-metodos-para-a-ampliacao-de-escala-da-agroecologia\">site da Atena Editora<\/a>.<\/p>\n\n\n\n<hr class=\"wp-block-separator has-alpha-channel-opacity\" \/>\n","protected":false},"excerpt":{"rendered":"<p>A biblioteca do Instituto Federal Baiano (IF Baiano) \u2013 Campus Santa In\u00eas enriqueceu seu acervo com a doa\u00e7\u00e3o do livro \u201cTransi\u00e7\u00e3o Agroecol\u00f3gica: experi\u00eancias, fundamentos e m\u00e9todos para a amplia\u00e7\u00e3o de escala da agroecologia\u201d. A entrega foi realizada neste m\u00eas de agosto de 2025 pela professora da institui\u00e7\u00e3o, Adriana Concei\u00e7\u00e3o, que tamb\u00e9m \u00e9 uma das autoras [&hellip;]<\/p>\n","protected":false},"author":86,"featured_media":25025,"comment_status":"closed","ping_status":"closed","sticky":false,"template":"","format":"standard","meta":[],"categories":[4,5,57],"tags":[],"_links":{"self":[{"href":"https:\/\/www.ifbaiano.edu.br\/unidades\/santaines\/wp-json\/wp\/v2\/posts\/25020"}],"collection":[{"href":"https:\/\/www.ifbaiano.edu.br\/unidades\/santaines\/wp-json\/wp\/v2\/posts"}],"about":[{"href":"https:\/\/www.ifbaiano.edu.br\/unidades\/santaines\/wp-json\/wp\/v2\/types\/post"}],"author":[{"embeddable":true,"href":"https:\/\/www.ifbaiano.edu.br\/unidades\/santaines\/wp-json\/wp\/v2\/users\/86"}],"replies":[{"embeddable":true,"href":"https:\/\/www.ifbaiano.edu.br\/unidades\/santaines\/wp-json\/wp\/v2\/comments?post=25020"}],"version-history":[{"count":2,"href":"https:\/\/www.ifbaiano.edu.br\/unidades\/santaines\/wp-json\/wp\/v2\/posts\/25020\/revisions"}],"predecessor-version":[{"id":25024,"href":"https:\/\/www.ifbaiano.edu.br\/unidades\/santaines\/wp-json\/wp\/v2\/posts\/25020\/revisions\/25024"}],"wp:featuredmedia":[{"embeddable":true,"href":"https:\/\/www.ifbaiano.edu.br\/unidades\/santaines\/wp-json\/wp\/v2\/media\/25025"}],"wp:attachment":[{"href":"https:\/\/www.ifbaiano.edu.br\/unidades\/santaines\/wp-json\/wp\/v2\/media?parent=25020"}],"wp:term":[{"taxonomy":"category","embeddable":true,"href":"https:\/\/www.ifbaiano.edu.br\/unidades\/santaines\/wp-json\/wp\/v2\/categories?post=25020"},{"taxonomy":"post_tag","embeddable":true,"href":"https:\/\/www.ifbaiano.edu.br\/unidades\/santaines\/wp-json\/wp\/v2\/tags?post=25020"}],"curies":[{"name":"wp","href":"https:\/\/api.w.org\/{rel}","templated":true}]}}