{"id":25026,"date":"2025-08-26T08:21:40","date_gmt":"2025-08-26T11:21:40","guid":{"rendered":"https:\/\/www.ifbaiano.edu.br\/unidades\/santaines\/?p=25026"},"modified":"2025-08-26T10:18:19","modified_gmt":"2025-08-26T13:18:19","slug":"estudantes-do-if-baiano-promovem-roda-de-conversa-sobre-violencia-contra-a-mulher-em-alusao-ao-agosto-lilas","status":"publish","type":"post","link":"https:\/\/www.ifbaiano.edu.br\/unidades\/santaines\/estudantes-do-if-baiano-promovem-roda-de-conversa-sobre-violencia-contra-a-mulher-em-alusao-ao-agosto-lilas\/","title":{"rendered":"Estudantes do IF Baiano promovem Roda de Conversa sobre Viol\u00eancia Contra a Mulher em alus\u00e3o ao &#8220;Agosto Lil\u00e1s&#8221;"},"content":{"rendered":"\n<p>Em mais uma demonstra\u00e7\u00e3o de protagonismo estudantil, o Centro Acad\u00eamico do Bacharelado em Zootecnia, em parceria com o Centro Acad\u00eamico da Licenciatura em Geografia e a Associa\u00e7\u00e3o Atl\u00e9tica Acad\u00eamica Boss Taurus, realizar\u00e1 no pr\u00f3ximo dia 03 de setembro uma roda de conversa com o tema &#8220;Viol\u00eancia Contra a Mulher n\u00e3o tem desculpa: Enfrentamento e Preven\u00e7\u00e3o&#8221;. A a\u00e7\u00e3o, que conta com o apoio institucional do IF Baiano \u2013 Campus Santa In\u00eas, integra a campanha &#8220;Agosto Lil\u00e1s&#8221; e refor\u00e7a o compromisso da comunidade acad\u00eamica com a promo\u00e7\u00e3o dos direitos das mulheres. O encontro acontecer\u00e1 \u00e0s 13h30, na sala 2 do pavilh\u00e3o dos cursos superiores.<\/p>\n\n\n\n<p>A campanha &#8220;Agosto Lil\u00e1s&#8221; marca o m\u00eas de anivers\u00e1rio da Lei Maria da Penha (sancionada em 7 de agosto de 2006) e tem como objetivo sensibilizar a sociedade para o fim da viol\u00eancia contra a mulher, ampliar o conhecimento sobre os diferentes tipos de agress\u00e3o \u2013 f\u00edsica, psicol\u00f3gica, sexual, patrimonial e moral \u2013 e divulgar os canais de den\u00fancia e a rede de apoio \u00e0s v\u00edtimas.<\/p>\n\n\n\n<p><\/p>\n\n\n\n<p>A roda de conversa que ter\u00e1 a media\u00e7\u00e3o de V\u00edvian Carla Lisboa, estudante do Curso de Bacharelado em Zootecnia, contar\u00e1 com mulheres de diferentes \u00e1reas de atua\u00e7\u00e3o, que ir\u00e3o contribuir com reflex\u00f5es e experi\u00eancias:<\/p>\n\n\n\n<div class=\"wp-block-media-text alignwide is-stacked-on-mobile\" style=\"grid-template-columns:48% auto\"><figure class=\"wp-block-media-text__media\"><img decoding=\"async\" loading=\"lazy\" width=\"819\" height=\"1024\" src=\"https:\/\/www.ifbaiano.edu.br\/unidades\/santaines\/files\/2025\/08\/8303-Agosto-Lilas-819x1024.webp\" alt=\"\" class=\"wp-image-25036 size-full\" srcset=\"https:\/\/www.ifbaiano.edu.br\/unidades\/santaines\/files\/2025\/08\/8303-Agosto-Lilas-819x1024.webp 819w, https:\/\/www.ifbaiano.edu.br\/unidades\/santaines\/files\/2025\/08\/8303-Agosto-Lilas-240x300.webp 240w, https:\/\/www.ifbaiano.edu.br\/unidades\/santaines\/files\/2025\/08\/8303-Agosto-Lilas-768x960.webp 768w, https:\/\/www.ifbaiano.edu.br\/unidades\/santaines\/files\/2025\/08\/8303-Agosto-Lilas-100x125.webp 100w, https:\/\/www.ifbaiano.edu.br\/unidades\/santaines\/files\/2025\/08\/8303-Agosto-Lilas.webp 864w\" sizes=\"(max-width: 819px) 100vw, 819px\" \/><\/figure><div class=\"wp-block-media-text__content\">\n<ul>\n<li>Meire Rocha (Psic\u00f3loga do Campus Santa In\u00eas): efeitos da viol\u00eancia na sa\u00fade mental, import\u00e2ncia do acolhimento e da escuta.<\/li>\n\n\n\n<li>S\u00e2mela Oliveira (Advogada egressa do IF Baiano): aspectos jur\u00eddicos, Lei Maria da Penha, canais de den\u00fancia e garantias de prote\u00e7\u00e3o.<\/li>\n\n\n\n<li>Diretoras Gerais convidadas \u2013 Genilda Lima (Santa In\u00eas), Ozenice Santos (Itaberaba), L\u00edvia Tosta (Governador Mangabeira) e Ge\u00f3rgia Xavier (Catu): experi\u00eancias institucionais e reflex\u00f5es sobre como os campi podem ser espa\u00e7os de acolhimento, informa\u00e7\u00e3o e preven\u00e7\u00e3o.<\/li>\n<\/ul>\n<\/div><\/div>\n\n\n\n<p>Com esta iniciativa, os estudantes reafirmam o papel da comunidade acad\u00eamica na promo\u00e7\u00e3o de debates cr\u00edticos e na constru\u00e7\u00e3o de uma sociedade mais justa e igualit\u00e1ria, fortalecendo o compromisso do IF Baiano com o enfrentamento \u00e0 viol\u00eancia de g\u00eanero.<\/p>\n\n\n\n<hr class=\"wp-block-separator has-alpha-channel-opacity\" \/>\n","protected":false},"excerpt":{"rendered":"<p>Em mais uma demonstra\u00e7\u00e3o de protagonismo estudantil, o Centro Acad\u00eamico do Bacharelado em Zootecnia, em parceria com o Centro Acad\u00eamico da Licenciatura em Geografia e a Associa\u00e7\u00e3o Atl\u00e9tica Acad\u00eamica Boss Taurus, realizar\u00e1 no pr\u00f3ximo dia 03 de setembro uma roda de conversa com o tema &#8220;Viol\u00eancia Contra a Mulher n\u00e3o tem desculpa: Enfrentamento e Preven\u00e7\u00e3o&#8221;. [&hellip;]<\/p>\n","protected":false},"author":86,"featured_media":25027,"comment_status":"closed","ping_status":"closed","sticky":false,"template":"","format":"standard","meta":[],"categories":[4,5,57],"tags":[],"_links":{"self":[{"href":"https:\/\/www.ifbaiano.edu.br\/unidades\/santaines\/wp-json\/wp\/v2\/posts\/25026"}],"collection":[{"href":"https:\/\/www.ifbaiano.edu.br\/unidades\/santaines\/wp-json\/wp\/v2\/posts"}],"about":[{"href":"https:\/\/www.ifbaiano.edu.br\/unidades\/santaines\/wp-json\/wp\/v2\/types\/post"}],"author":[{"embeddable":true,"href":"https:\/\/www.ifbaiano.edu.br\/unidades\/santaines\/wp-json\/wp\/v2\/users\/86"}],"replies":[{"embeddable":true,"href":"https:\/\/www.ifbaiano.edu.br\/unidades\/santaines\/wp-json\/wp\/v2\/comments?post=25026"}],"version-history":[{"count":5,"href":"https:\/\/www.ifbaiano.edu.br\/unidades\/santaines\/wp-json\/wp\/v2\/posts\/25026\/revisions"}],"predecessor-version":[{"id":25039,"href":"https:\/\/www.ifbaiano.edu.br\/unidades\/santaines\/wp-json\/wp\/v2\/posts\/25026\/revisions\/25039"}],"wp:featuredmedia":[{"embeddable":true,"href":"https:\/\/www.ifbaiano.edu.br\/unidades\/santaines\/wp-json\/wp\/v2\/media\/25027"}],"wp:attachment":[{"href":"https:\/\/www.ifbaiano.edu.br\/unidades\/santaines\/wp-json\/wp\/v2\/media?parent=25026"}],"wp:term":[{"taxonomy":"category","embeddable":true,"href":"https:\/\/www.ifbaiano.edu.br\/unidades\/santaines\/wp-json\/wp\/v2\/categories?post=25026"},{"taxonomy":"post_tag","embeddable":true,"href":"https:\/\/www.ifbaiano.edu.br\/unidades\/santaines\/wp-json\/wp\/v2\/tags?post=25026"}],"curies":[{"name":"wp","href":"https:\/\/api.w.org\/{rel}","templated":true}]}}