{"id":25040,"date":"2025-08-27T08:54:43","date_gmt":"2025-08-27T11:54:43","guid":{"rendered":"https:\/\/www.ifbaiano.edu.br\/unidades\/santaines\/?p=25040"},"modified":"2025-08-27T08:54:44","modified_gmt":"2025-08-27T11:54:44","slug":"secretario-da-setec-mec-visita-obras-de-novos-campi-do-if-baiano-e-de-outros-institutos-no-nordeste-pelo-novo-pac","status":"publish","type":"post","link":"https:\/\/www.ifbaiano.edu.br\/unidades\/santaines\/secretario-da-setec-mec-visita-obras-de-novos-campi-do-if-baiano-e-de-outros-institutos-no-nordeste-pelo-novo-pac\/","title":{"rendered":"Secret\u00e1rio da Setec\/MEC visita obras de novos campi do IF Baiano e de outros institutos no Nordeste pelo Novo PAC"},"content":{"rendered":"\n<figure class=\"wp-block-image\"><img decoding=\"async\" src=\"https:\/\/ifbaiano.edu.br\/portal\/wp-content\/uploads\/2025\/08\/9000-08144-1024x576.webp\" alt=\"\" class=\"wp-image-36289\" \/><figcaption class=\"wp-element-caption\">Andamento das obras no campus Santo Est\u00eav\u00e3o<\/figcaption><\/figure>\n\n\n\n<p>O secret\u00e1rio de Educa\u00e7\u00e3o Profissional e Tecnol\u00f3gica do Minist\u00e9rio da Educa\u00e7\u00e3o (Setec\/MEC),&nbsp;<strong>Marcelo Bregagnoli<\/strong>, cumpriu uma intensa agenda de visitas ao&nbsp;<strong>Nordeste<\/strong>&nbsp;na \u00faltima semana, passando pela&nbsp;<strong>Bahia, Pernambuco e Piau\u00ed<\/strong>. A comitiva acompanhou o andamento das obras de novos campi e da nova sede administrativa de institutos federais contemplados pelo&nbsp;<strong>Novo Programa de Acelera\u00e7\u00e3o do Crescimento (Novo PAC)<\/strong>, iniciativa do Governo Federal que investe na amplia\u00e7\u00e3o e interioriza\u00e7\u00e3o da Rede Federal de Educa\u00e7\u00e3o Profissional, Cient\u00edfica e Tecnol\u00f3gica.<\/p>\n\n\n\n<figure class=\"wp-block-image is-resized\"><img decoding=\"async\" loading=\"lazy\" src=\"https:\/\/ifbaiano.edu.br\/portal\/wp-content\/uploads\/2025\/08\/9031-IMG_20250812_110652-1024x768.webp\" alt=\"\" class=\"wp-image-36290\" width=\"843\" height=\"632\" \/><figcaption class=\"wp-element-caption\">Marcelo Bregagnoli, secret\u00e1rio da SETEC\/MEC, em visita as obras do campus Santo Est\u00eav\u00e3o<\/figcaption><\/figure>\n\n\n\n<h2 class=\"wp-block-heading\">IF Baiano: Santo Est\u00eav\u00e3o e Ribeira do Pombal<\/h2>\n\n\n\n<p>A programa\u00e7\u00e3o teve in\u00edcio na Bahia, com visita \u00e0s obras do&nbsp;<strong>Campus Santo Est\u00eav\u00e3o<\/strong>. O secret\u00e1rio esteve acompanhado do reitor do IF Baiano,&nbsp;<strong>A\u00e9cio Jos\u00e9 Passos Duarte<\/strong>, do reitor do IF Sert\u00e3o Pernambucano,&nbsp;<strong>Jean Carlos Alencar<\/strong>, de diretores, servidores e autoridades locais. A comitiva foi recebida por deputados, prefeitos, vereadores, representantes do governo estadual e outras lideran\u00e7as.<\/p>\n\n\n\n<p>\u201cOs Institutos Federais n\u00e3o trabalham numa proposi\u00e7\u00e3o de disputa com outras pol\u00edticas p\u00fablicas, mas trabalhamos irmanados. As pol\u00edticas municipais, estaduais e, ao mesmo tempo, num regime de colabora\u00e7\u00e3o, tamb\u00e9m com a educa\u00e7\u00e3o federal. Para a cidade, para o territ\u00f3rio, aumenta o campo de possibilidade, de oportunidades formativas e, ao mesmo tempo, de atividades culturais que o instituto passa a ter. \u00c9 uma forma\u00e7\u00e3o completa, uma forma\u00e7\u00e3o integral, uma forma\u00e7\u00e3o que possibilita, em n\u00edveis diferenciados da educa\u00e7\u00e3o b\u00e1sica at\u00e9 a p\u00f3s-gradua\u00e7\u00e3o, a oportunidade de formar os trabalhadores e trabalhadoras e a juventude do lugar\u201d, comentou o superintendente da Educa\u00e7\u00e3o Profissional e Tecnol\u00f3gica da Secretaria de Educa\u00e7\u00e3o e Cultura da Bahia, Ezequiel Westphal.<\/p>\n\n\n\n<figure class=\"wp-block-gallery has-nested-images columns-default is-cropped wp-block-gallery-1 is-layout-flex\">\n<figure class=\"wp-block-image\"><img decoding=\"async\" data-id=\"36293\"  src=\"https:\/\/ifbaiano.edu.br\/portal\/wp-content\/uploads\/2025\/08\/9358-IMG_20250812_110715-1024x768.webp\" alt=\"\" class=\"wp-image-36293\" \/><\/figure>\n\n\n\n<figure class=\"wp-block-image size-large\"><a href=\"https:\/\/www.ifbaiano.edu.br\/unidades\/santaines\/files\/2025\/08\/3031-9360-DJI_0008.webp\"><img decoding=\"async\" loading=\"lazy\" width=\"1024\" height=\"576\" data-id=\"25043\"  src=\"https:\/\/www.ifbaiano.edu.br\/unidades\/santaines\/files\/2025\/08\/3031-9360-DJI_0008-1024x576.webp\" alt=\"\" class=\"wp-image-25043\" srcset=\"https:\/\/www.ifbaiano.edu.br\/unidades\/santaines\/files\/2025\/08\/3031-9360-DJI_0008-1024x576.webp 1024w, https:\/\/www.ifbaiano.edu.br\/unidades\/santaines\/files\/2025\/08\/3031-9360-DJI_0008-300x169.webp 300w, https:\/\/www.ifbaiano.edu.br\/unidades\/santaines\/files\/2025\/08\/3031-9360-DJI_0008-768x432.webp 768w, https:\/\/www.ifbaiano.edu.br\/unidades\/santaines\/files\/2025\/08\/3031-9360-DJI_0008-1536x864.webp 1536w, https:\/\/www.ifbaiano.edu.br\/unidades\/santaines\/files\/2025\/08\/3031-9360-DJI_0008-100x56.webp 100w, https:\/\/www.ifbaiano.edu.br\/unidades\/santaines\/files\/2025\/08\/3031-9360-DJI_0008.webp 1920w\" sizes=\"(max-width: 1024px) 100vw, 1024px\" \/><\/a><\/figure>\n\n\n\n<figure class=\"wp-block-image size-large\"><a href=\"https:\/\/www.ifbaiano.edu.br\/unidades\/santaines\/files\/2025\/08\/3017-9357-IMG_20250812_083725.webp\"><img decoding=\"async\" loading=\"lazy\" width=\"1024\" height=\"768\" data-id=\"25042\"  src=\"https:\/\/www.ifbaiano.edu.br\/unidades\/santaines\/files\/2025\/08\/3017-9357-IMG_20250812_083725-1024x768.webp\" alt=\"\" class=\"wp-image-25042\" srcset=\"https:\/\/www.ifbaiano.edu.br\/unidades\/santaines\/files\/2025\/08\/3017-9357-IMG_20250812_083725-1024x768.webp 1024w, https:\/\/www.ifbaiano.edu.br\/unidades\/santaines\/files\/2025\/08\/3017-9357-IMG_20250812_083725-300x225.webp 300w, https:\/\/www.ifbaiano.edu.br\/unidades\/santaines\/files\/2025\/08\/3017-9357-IMG_20250812_083725-768x576.webp 768w, https:\/\/www.ifbaiano.edu.br\/unidades\/santaines\/files\/2025\/08\/3017-9357-IMG_20250812_083725-100x75.webp 100w, https:\/\/www.ifbaiano.edu.br\/unidades\/santaines\/files\/2025\/08\/3017-9357-IMG_20250812_083725.webp 1440w\" sizes=\"(max-width: 1024px) 100vw, 1024px\" \/><\/a><\/figure>\n\n\n\n<figure class=\"wp-block-image size-large\"><a href=\"https:\/\/www.ifbaiano.edu.br\/unidades\/santaines\/files\/2025\/08\/3000-9354-08143.webp\"><img decoding=\"async\" loading=\"lazy\" width=\"1024\" height=\"576\" data-id=\"25041\"  src=\"https:\/\/www.ifbaiano.edu.br\/unidades\/santaines\/files\/2025\/08\/3000-9354-08143-1024x576.webp\" alt=\"\" class=\"wp-image-25041\" srcset=\"https:\/\/www.ifbaiano.edu.br\/unidades\/santaines\/files\/2025\/08\/3000-9354-08143-1024x576.webp 1024w, https:\/\/www.ifbaiano.edu.br\/unidades\/santaines\/files\/2025\/08\/3000-9354-08143-300x169.webp 300w, https:\/\/www.ifbaiano.edu.br\/unidades\/santaines\/files\/2025\/08\/3000-9354-08143-768x432.webp 768w, https:\/\/www.ifbaiano.edu.br\/unidades\/santaines\/files\/2025\/08\/3000-9354-08143-1536x864.webp 1536w, https:\/\/www.ifbaiano.edu.br\/unidades\/santaines\/files\/2025\/08\/3000-9354-08143-100x56.webp 100w, https:\/\/www.ifbaiano.edu.br\/unidades\/santaines\/files\/2025\/08\/3000-9354-08143.webp 1920w\" sizes=\"(max-width: 1024px) 100vw, 1024px\" \/><\/a><\/figure>\n<\/figure>\n\n\n\n<p>As obras do campus j\u00e1 alcan\u00e7aram&nbsp;<strong>50% de execu\u00e7\u00e3o<\/strong>, com previs\u00e3o de conclus\u00e3o e in\u00edcio das atividades acad\u00eamicas no&nbsp;<strong>primeiro semestre de 2026<\/strong>.<\/p>\n\n\n\n<p>\u201cCom certeza esse momento marcar\u00e1 a hist\u00f3ria do nosso munic\u00edpio, a concretiza\u00e7\u00e3o da implanta\u00e7\u00e3o do IF Baiano aqui. Destacar a alegria do nosso povo, o entusiasmo que est\u00e1 a nossa juventude para que, em breve, o ensino o ensino t\u00e9cnico profissional seja implantado em Santo Est\u00eav\u00e3o. Educa\u00e7\u00e3o \u00e9 esse vetor de transforma\u00e7\u00e3o, esse vetor de crescimento, e Santo Est\u00eav\u00e3o est\u00e1 de bra\u00e7os abertos para acolher o IF Baiano\u201d, ressaltou Tiago Dias, prefeito de Santo Est\u00eav\u00e3o.<\/p>\n\n\n\n<p>Durante a visita, parlamentares destacaram a import\u00e2ncia dos investimentos do&nbsp;<strong>Novo PAC<\/strong>&nbsp;para o fortalecimento da educa\u00e7\u00e3o profissional e para a gera\u00e7\u00e3o de oportunidades no interior da Bahia. Eles ressaltaram que a instala\u00e7\u00e3o de novos campi do IF Baiano contribui para o desenvolvimento econ\u00f4mico e social da regi\u00e3o, criando mais chances de qualifica\u00e7\u00e3o para jovens e trabalhadores.<\/p>\n\n\n\n<p>\u201c\u00c9 uma conquista muito grande. Significa educa\u00e7\u00e3o, emprego, renda e qualidade de vida, n\u00e3o s\u00f3 para o povo de Santo Est\u00eav\u00e3o, mas de toda regi\u00e3o e da Bahia. Essa \u00e9 a prioridade para todos n\u00f3s, a educa\u00e7\u00e3o\u201d, comentou o deputado estadual Eduardo Alencar.<\/p>\n\n\n\n<p>Os parlamentares refor\u00e7aram ainda o papel estrat\u00e9gico dos institutos federais na transforma\u00e7\u00e3o da realidade de munic\u00edpios do interior, destacando que o acesso \u00e0 educa\u00e7\u00e3o p\u00fablica e gratuita de qualidade pode ampliar horizontes e reduzir desigualdades.<\/p>\n\n\n\n<p>\u201cO IF Baiano representa o futuro dessa cidade e o futuro da regi\u00e3o. Vamos trabalhar agora para a cria\u00e7\u00e3o de novos cargos para o IF Baianao, para que esse instituto, que j\u00e1 tem tanta import\u00e2ncia para a Bahia, possa a cada dia estar maior, estar assegurando o futuro dos jovens, dos adolescentes do nosso querido estado\u201d, declarou o deputado federal Dal Barreto.<\/p>\n\n\n\n<h2 class=\"wp-block-heading\">Comitiva acompanha andamento das obras em Ribeira do Pombal<\/h2>\n\n\n\n<p>Em seguida, o grupo visitou o&nbsp;<strong>Campus Ribeira do Pombal<\/strong>, onde tamb\u00e9m foi recebido por autoridades municipais e parlamentares. No munic\u00edpio, as obras tamb\u00e9m seguem dentro do cronograma e devem ser conclu\u00eddas at\u00e9 o pr\u00f3ximo ano.<\/p>\n\n\n\n<figure class=\"wp-block-gallery has-nested-images columns-default is-cropped wp-block-gallery-3 is-layout-flex\">\n<figure class=\"wp-block-image\"><img decoding=\"async\" data-id=\"36301\"  src=\"https:\/\/ifbaiano.edu.br\/portal\/wp-content\/uploads\/2025\/08\/9577-DJI_0039-1024x576.webp\" alt=\"\" class=\"wp-image-36301\" \/><figcaption class=\"wp-element-caption\">Obras Ribeira do Pombal<\/figcaption><\/figure>\n\n\n\n<figure class=\"wp-block-image size-large\"><a href=\"https:\/\/www.ifbaiano.edu.br\/unidades\/santaines\/files\/2025\/08\/4106-DJI-MOD.webp\"><img decoding=\"async\" loading=\"lazy\" width=\"1024\" height=\"576\" data-id=\"25044\"  src=\"https:\/\/www.ifbaiano.edu.br\/unidades\/santaines\/files\/2025\/08\/4106-DJI-MOD-1024x576.webp\" alt=\"\" class=\"wp-image-25044\" srcset=\"https:\/\/www.ifbaiano.edu.br\/unidades\/santaines\/files\/2025\/08\/4106-DJI-MOD-1024x576.webp 1024w, https:\/\/www.ifbaiano.edu.br\/unidades\/santaines\/files\/2025\/08\/4106-DJI-MOD-300x169.webp 300w, https:\/\/www.ifbaiano.edu.br\/unidades\/santaines\/files\/2025\/08\/4106-DJI-MOD-768x432.webp 768w, https:\/\/www.ifbaiano.edu.br\/unidades\/santaines\/files\/2025\/08\/4106-DJI-MOD-1536x864.webp 1536w, https:\/\/www.ifbaiano.edu.br\/unidades\/santaines\/files\/2025\/08\/4106-DJI-MOD-100x56.webp 100w, https:\/\/www.ifbaiano.edu.br\/unidades\/santaines\/files\/2025\/08\/4106-DJI-MOD.webp 1920w\" sizes=\"(max-width: 1024px) 100vw, 1024px\" \/><\/a><\/figure>\n\n\n\n<figure class=\"wp-block-image size-large\"><a href=\"https:\/\/www.ifbaiano.edu.br\/unidades\/santaines\/files\/2025\/08\/4211-IMG-1-MOD.webp\"><img decoding=\"async\" loading=\"lazy\" width=\"1024\" height=\"768\" data-id=\"25045\"  src=\"https:\/\/www.ifbaiano.edu.br\/unidades\/santaines\/files\/2025\/08\/4211-IMG-1-MOD-1024x768.webp\" alt=\"\" class=\"wp-image-25045\" srcset=\"https:\/\/www.ifbaiano.edu.br\/unidades\/santaines\/files\/2025\/08\/4211-IMG-1-MOD-1024x768.webp 1024w, https:\/\/www.ifbaiano.edu.br\/unidades\/santaines\/files\/2025\/08\/4211-IMG-1-MOD-300x225.webp 300w, https:\/\/www.ifbaiano.edu.br\/unidades\/santaines\/files\/2025\/08\/4211-IMG-1-MOD-768x576.webp 768w, https:\/\/www.ifbaiano.edu.br\/unidades\/santaines\/files\/2025\/08\/4211-IMG-1-MOD-100x75.webp 100w, https:\/\/www.ifbaiano.edu.br\/unidades\/santaines\/files\/2025\/08\/4211-IMG-1-MOD.webp 1440w\" sizes=\"(max-width: 1024px) 100vw, 1024px\" \/><\/a><\/figure>\n\n\n\n<figure class=\"wp-block-image size-large\"><a href=\"https:\/\/www.ifbaiano.edu.br\/unidades\/santaines\/files\/2025\/08\/4211-IMG-2-MOD.webp\"><img decoding=\"async\" loading=\"lazy\" width=\"1024\" height=\"768\" data-id=\"25046\"  src=\"https:\/\/www.ifbaiano.edu.br\/unidades\/santaines\/files\/2025\/08\/4211-IMG-2-MOD-1024x768.webp\" alt=\"\" class=\"wp-image-25046\" srcset=\"https:\/\/www.ifbaiano.edu.br\/unidades\/santaines\/files\/2025\/08\/4211-IMG-2-MOD-1024x768.webp 1024w, https:\/\/www.ifbaiano.edu.br\/unidades\/santaines\/files\/2025\/08\/4211-IMG-2-MOD-300x225.webp 300w, https:\/\/www.ifbaiano.edu.br\/unidades\/santaines\/files\/2025\/08\/4211-IMG-2-MOD-768x576.webp 768w, https:\/\/www.ifbaiano.edu.br\/unidades\/santaines\/files\/2025\/08\/4211-IMG-2-MOD-100x75.webp 100w, https:\/\/www.ifbaiano.edu.br\/unidades\/santaines\/files\/2025\/08\/4211-IMG-2-MOD.webp 1440w\" sizes=\"(max-width: 1024px) 100vw, 1024px\" \/><\/a><\/figure>\n\n\n\n<figure class=\"wp-block-image size-large\"><a href=\"https:\/\/www.ifbaiano.edu.br\/unidades\/santaines\/files\/2025\/08\/4226-9577-IMG_MOD.webp\"><img decoding=\"async\" loading=\"lazy\" width=\"1024\" height=\"768\" data-id=\"25047\"  src=\"https:\/\/www.ifbaiano.edu.br\/unidades\/santaines\/files\/2025\/08\/4226-9577-IMG_MOD-1024x768.webp\" alt=\"\" class=\"wp-image-25047\" srcset=\"https:\/\/www.ifbaiano.edu.br\/unidades\/santaines\/files\/2025\/08\/4226-9577-IMG_MOD-1024x768.webp 1024w, https:\/\/www.ifbaiano.edu.br\/unidades\/santaines\/files\/2025\/08\/4226-9577-IMG_MOD-300x225.webp 300w, https:\/\/www.ifbaiano.edu.br\/unidades\/santaines\/files\/2025\/08\/4226-9577-IMG_MOD-768x576.webp 768w, https:\/\/www.ifbaiano.edu.br\/unidades\/santaines\/files\/2025\/08\/4226-9577-IMG_MOD-100x75.webp 100w, https:\/\/www.ifbaiano.edu.br\/unidades\/santaines\/files\/2025\/08\/4226-9577-IMG_MOD.webp 1440w\" sizes=\"(max-width: 1024px) 100vw, 1024px\" \/><\/a><\/figure>\n\n\n\n<figure class=\"wp-block-image size-large\"><a href=\"https:\/\/www.ifbaiano.edu.br\/unidades\/santaines\/files\/2025\/08\/4272-DJI_MOD64.webp\"><img decoding=\"async\" loading=\"lazy\" width=\"1024\" height=\"576\" data-id=\"25048\"  src=\"https:\/\/www.ifbaiano.edu.br\/unidades\/santaines\/files\/2025\/08\/4272-DJI_MOD64-1024x576.webp\" alt=\"\" class=\"wp-image-25048\" srcset=\"https:\/\/www.ifbaiano.edu.br\/unidades\/santaines\/files\/2025\/08\/4272-DJI_MOD64-1024x576.webp 1024w, https:\/\/www.ifbaiano.edu.br\/unidades\/santaines\/files\/2025\/08\/4272-DJI_MOD64-300x169.webp 300w, https:\/\/www.ifbaiano.edu.br\/unidades\/santaines\/files\/2025\/08\/4272-DJI_MOD64-768x432.webp 768w, https:\/\/www.ifbaiano.edu.br\/unidades\/santaines\/files\/2025\/08\/4272-DJI_MOD64-100x56.webp 100w, https:\/\/www.ifbaiano.edu.br\/unidades\/santaines\/files\/2025\/08\/4272-DJI_MOD64.webp 1536w\" sizes=\"(max-width: 1024px) 100vw, 1024px\" \/><\/a><figcaption class=\"wp-element-caption\">Obras Ribeira do Pombal<\/figcaption><\/figure>\n<\/figure>\n\n\n\n<p>Durante a passagem pelo munic\u00edpio, o prefeito destacou a relev\u00e2ncia da chegada do IF Baiano para o desenvolvimento da cidade, ressaltando os impactos positivos que o campus trar\u00e1 para a educa\u00e7\u00e3o, a economia local e a gera\u00e7\u00e3o de empregos.<\/p>\n\n\n\n<p>\u201cO instituto traz para a nossa cidade cursos de capacita\u00e7\u00e3o, cursos profissionalizantes, que a nossa cidade e nossa regi\u00e3o precisam. Hoje as pessoas concluem o seu segundo grau e n\u00e3o t\u00eam capacita\u00e7\u00e3o para o mercado de trabalho e o IF Baiano oferecer\u00e1 isso. Temos certeza dos benef\u00edcios que a institui\u00e7\u00e3o trar\u00e1 para toda a cidade e regi\u00e3o\u201d, destacou o prefeito Eriksson Silva.<\/p>\n\n\n\n<p>Ainda em&nbsp;<strong>Ribeira do Pombal<\/strong>, lideran\u00e7as refor\u00e7aram o compromisso de garantir o apoio necess\u00e1rio para que o novo campus entre em funcionamento o quanto antes. A expectativa \u00e9 oferecer condi\u00e7\u00f5es para que os cursos sejam iniciados j\u00e1 em 2026, mesmo que, inicialmente, em um im\u00f3vel cedido pelo munic\u00edpio..<\/p>\n\n\n\n<p>\u201cAssumo o compromisso de colocar emendas parlametares para que, em 2026, o instituto j\u00e1 tenha a funcionalidade do curso, mesmo em im\u00f3vel do munic\u00edpio, para quando a obra estiver pronta, entre junho e julho, os alunos possam seguir com os estudos j\u00e1 na nova unidade\u201d, declarou o deputado Ricardo Maia.<\/p>\n\n\n\n<h2 class=\"wp-block-heading\">Petrolina: obras da nova Reitoria do IF Sert\u00e3oPE<\/h2>\n\n\n\n<p>Ap\u00f3s as visitas aos munic\u00edpios de Santo Est\u00eav\u00e3o e Ribeira do Pombal na Bahia, a comitiva seguiu para&nbsp;<strong>Petrolina (PE)<\/strong>, onde acompanhou as obras da&nbsp;<strong>nova Reitoria do Instituto Federal do Sert\u00e3o Pernambucano (IF Sert\u00e3oPE)<\/strong>. A etapa marcou o fortalecimento da integra\u00e7\u00e3o entre os institutos do Nordeste e refor\u00e7ou a import\u00e2ncia dos investimentos na educa\u00e7\u00e3o profissional para a regi\u00e3o.<\/p>\n\n\n\n<figure class=\"wp-block-gallery has-nested-images columns-default is-cropped wp-block-gallery-5 is-layout-flex\">\n<figure class=\"wp-block-image\"><img decoding=\"async\" data-id=\"36313\"  src=\"https:\/\/ifbaiano.edu.br\/portal\/wp-content\/uploads\/2025\/08\/0099-IMG_20250814_154638-1024x768.webp\" alt=\"\" class=\"wp-image-36313\" \/><\/figure>\n\n\n\n<figure class=\"wp-block-image size-large\"><a href=\"https:\/\/www.ifbaiano.edu.br\/unidades\/santaines\/files\/2025\/08\/4416-0099-IMG-MOD.webp\"><img decoding=\"async\" loading=\"lazy\" width=\"1024\" height=\"768\" data-id=\"25051\"  src=\"https:\/\/www.ifbaiano.edu.br\/unidades\/santaines\/files\/2025\/08\/4416-0099-IMG-MOD-1024x768.webp\" alt=\"\" class=\"wp-image-25051\" srcset=\"https:\/\/www.ifbaiano.edu.br\/unidades\/santaines\/files\/2025\/08\/4416-0099-IMG-MOD-1024x768.webp 1024w, https:\/\/www.ifbaiano.edu.br\/unidades\/santaines\/files\/2025\/08\/4416-0099-IMG-MOD-300x225.webp 300w, https:\/\/www.ifbaiano.edu.br\/unidades\/santaines\/files\/2025\/08\/4416-0099-IMG-MOD-768x576.webp 768w, https:\/\/www.ifbaiano.edu.br\/unidades\/santaines\/files\/2025\/08\/4416-0099-IMG-MOD-100x75.webp 100w, https:\/\/www.ifbaiano.edu.br\/unidades\/santaines\/files\/2025\/08\/4416-0099-IMG-MOD.webp 1440w\" sizes=\"(max-width: 1024px) 100vw, 1024px\" \/><\/a><\/figure>\n\n\n\n<figure class=\"wp-block-image size-large\"><a href=\"https:\/\/www.ifbaiano.edu.br\/unidades\/santaines\/files\/2025\/08\/4415-0099-IMG_MOD.webp\"><img decoding=\"async\" loading=\"lazy\" width=\"1024\" height=\"768\" data-id=\"25049\"  src=\"https:\/\/www.ifbaiano.edu.br\/unidades\/santaines\/files\/2025\/08\/4415-0099-IMG_MOD-1024x768.webp\" alt=\"\" class=\"wp-image-25049\" srcset=\"https:\/\/www.ifbaiano.edu.br\/unidades\/santaines\/files\/2025\/08\/4415-0099-IMG_MOD-1024x768.webp 1024w, https:\/\/www.ifbaiano.edu.br\/unidades\/santaines\/files\/2025\/08\/4415-0099-IMG_MOD-300x225.webp 300w, https:\/\/www.ifbaiano.edu.br\/unidades\/santaines\/files\/2025\/08\/4415-0099-IMG_MOD-768x576.webp 768w, https:\/\/www.ifbaiano.edu.br\/unidades\/santaines\/files\/2025\/08\/4415-0099-IMG_MOD-100x75.webp 100w, https:\/\/www.ifbaiano.edu.br\/unidades\/santaines\/files\/2025\/08\/4415-0099-IMG_MOD.webp 1440w\" sizes=\"(max-width: 1024px) 100vw, 1024px\" \/><\/a><\/figure>\n\n\n\n<figure class=\"wp-block-image size-large\"><a href=\"https:\/\/www.ifbaiano.edu.br\/unidades\/santaines\/files\/2025\/08\/4416-0163-IMG_MOD.webp\"><img decoding=\"async\" loading=\"lazy\" width=\"1024\" height=\"909\" data-id=\"25050\"  src=\"https:\/\/www.ifbaiano.edu.br\/unidades\/santaines\/files\/2025\/08\/4416-0163-IMG_MOD-1024x909.webp\" alt=\"\" class=\"wp-image-25050\" srcset=\"https:\/\/www.ifbaiano.edu.br\/unidades\/santaines\/files\/2025\/08\/4416-0163-IMG_MOD-1024x909.webp 1024w, https:\/\/www.ifbaiano.edu.br\/unidades\/santaines\/files\/2025\/08\/4416-0163-IMG_MOD-300x266.webp 300w, https:\/\/www.ifbaiano.edu.br\/unidades\/santaines\/files\/2025\/08\/4416-0163-IMG_MOD-768x682.webp 768w, https:\/\/www.ifbaiano.edu.br\/unidades\/santaines\/files\/2025\/08\/4416-0163-IMG_MOD-100x89.webp 100w, https:\/\/www.ifbaiano.edu.br\/unidades\/santaines\/files\/2025\/08\/4416-0163-IMG_MOD.webp 1217w\" sizes=\"(max-width: 1024px) 100vw, 1024px\" \/><\/a><\/figure>\n<\/figure>\n\n\n\n<p>\u201cVivemos numa rede e falamos que n\u00f3s somos a rede federal. Estar aqui nesta obra, que a sua base inicial \u00e9 desta rede, \u00e9 um projeto do Instituto Federal do Piau\u00ed, que o IF Baiano e o IF Sert\u00e3o Pernambucano, com alguns ajustes, adotaram; estar aqui junto com o secret\u00e1rio, tamb\u00e9m nessa parceria com o Baiano, que a gente fortalece essa rela\u00e7\u00e3o. \u00c9 uma constru\u00e7\u00e3o coletiva, uma constru\u00e7\u00e3o de rede. \u00c9 esse o conceito de rede, todo mundo caminhar junto para que, nessa caminhada, a gente consiga levar a educa\u00e7\u00e3o p\u00fablica, gratuita e de qualidade para os locais mais distantes e que mais precisam do nosso pa\u00eds\u201d, comentou Jean Carlos Alencar, reitor do IF Sert\u00e3o Pernambucano.<\/p>\n\n\n\n<h2 class=\"wp-block-heading\">Chegada ao campus Remanso-BA<\/h2>\n\n\n\n<p>Conclu\u00edda a etapa em Pernambuco, a comitiva retomou o percurso em dire\u00e7\u00e3o \u00e0&nbsp;<strong>Bahia<\/strong>, seguindo para o munic\u00edpio de&nbsp;<strong>Remanso<\/strong>, que tamb\u00e9m receber\u00e1 uma unidade do&nbsp;<strong>IF Baiano<\/strong>.<\/p>\n\n\n\n<figure class=\"wp-block-gallery has-nested-images columns-default is-cropped wp-block-gallery-7 is-layout-flex\">\n<figure class=\"wp-block-image\"><img decoding=\"async\" data-id=\"36308\"  src=\"https:\/\/ifbaiano.edu.br\/portal\/wp-content\/uploads\/2025\/08\/9857-IMG_20250815_104945-1024x768.webp\" alt=\"\" class=\"wp-image-36308\" \/><figcaption class=\"wp-element-caption\">Obras Remanso<\/figcaption><\/figure>\n\n\n\n<figure class=\"wp-block-image size-large\"><a href=\"https:\/\/www.ifbaiano.edu.br\/unidades\/santaines\/files\/2025\/08\/4727-9898-IMG_.webp\"><img decoding=\"async\" loading=\"lazy\" width=\"768\" height=\"1024\" data-id=\"25052\"  src=\"https:\/\/www.ifbaiano.edu.br\/unidades\/santaines\/files\/2025\/08\/4727-9898-IMG_-768x1024.webp\" alt=\"\" class=\"wp-image-25052\" srcset=\"https:\/\/www.ifbaiano.edu.br\/unidades\/santaines\/files\/2025\/08\/4727-9898-IMG_-768x1024.webp 768w, https:\/\/www.ifbaiano.edu.br\/unidades\/santaines\/files\/2025\/08\/4727-9898-IMG_-225x300.webp 225w, https:\/\/www.ifbaiano.edu.br\/unidades\/santaines\/files\/2025\/08\/4727-9898-IMG_-100x133.webp 100w, https:\/\/www.ifbaiano.edu.br\/unidades\/santaines\/files\/2025\/08\/4727-9898-IMG_.webp 810w\" sizes=\"(max-width: 768px) 100vw, 768px\" \/><\/a><\/figure>\n\n\n\n<figure class=\"wp-block-image size-large\"><a href=\"https:\/\/www.ifbaiano.edu.br\/unidades\/santaines\/files\/2025\/08\/4746-9857-IMG_.webp\"><img decoding=\"async\" loading=\"lazy\" width=\"768\" height=\"1024\" data-id=\"25053\"  src=\"https:\/\/www.ifbaiano.edu.br\/unidades\/santaines\/files\/2025\/08\/4746-9857-IMG_-768x1024.webp\" alt=\"\" class=\"wp-image-25053\" srcset=\"https:\/\/www.ifbaiano.edu.br\/unidades\/santaines\/files\/2025\/08\/4746-9857-IMG_-768x1024.webp 768w, https:\/\/www.ifbaiano.edu.br\/unidades\/santaines\/files\/2025\/08\/4746-9857-IMG_-225x300.webp 225w, https:\/\/www.ifbaiano.edu.br\/unidades\/santaines\/files\/2025\/08\/4746-9857-IMG_-100x133.webp 100w, https:\/\/www.ifbaiano.edu.br\/unidades\/santaines\/files\/2025\/08\/4746-9857-IMG_.webp 810w\" sizes=\"(max-width: 768px) 100vw, 768px\" \/><\/a><\/figure>\n<\/figure>\n\n\n\n<p>\u201cAs pessoas j\u00e1 est\u00e3o conscientes, a sociedade est\u00e1 consciente, que depois da implanta\u00e7\u00e3o do IF Baiano, Remanso e regi\u00e3o ser\u00e3o outra cidade, outro lugar, por conta dos benef\u00edcios que ir\u00e1 trazer, n\u00e3o s\u00f3 de conhecimento, mas os benef\u00edcios econ\u00f4micos tamb\u00e9m. A cidade receber\u00e1 professores concursados, servidores de um modo geral, que v\u00e3o morar aqui e que v\u00e3o movimentar a economia. Al\u00e9m do ganho muito forte educacional, n\u00f3s vamos ter tamb\u00e9m esse ganho econ\u00f4mico\u201d, destacou Marcos Palmeira, prefeito de Remanso.<\/p>\n\n\n\n<p>A visita marcou mais um ponto de integra\u00e7\u00e3o entre os institutos federais, j\u00e1 que, a partir desse momento, o reitor do&nbsp;<strong>Instituto Federal do Piau\u00ed (IFPI)<\/strong>,&nbsp;<strong>Paulo Borges<\/strong>, passou a acompanhar a equipe de visita\u00e7\u00e3o.<\/p>\n\n\n\n<h2 class=\"wp-block-heading\">Novos campi do IFPI: Barras, Esperantina e Altos<\/h2>\n\n\n\n<p>A primeira parada no Piau\u00ed foi na cidade de&nbsp;<strong>Barras<\/strong>, onde o secret\u00e1rio e a equipe foram recebidos por prefeitos, parlamentares e lideran\u00e7as locais. Em seguida, a comitiva visitou o novo campus de&nbsp;<strong>Esperantina<\/strong>&nbsp;e, por fim, encerrou a programa\u00e7\u00e3o em&nbsp;<strong>Altos<\/strong>. O reitor do IF Piau\u00ed, Paulo Borges, explicou como foi o processo de compartilhamento do projeto da engenharia do instituto com os demais IFs.<\/p>\n\n\n\n<figure class=\"wp-block-gallery has-nested-images columns-default is-cropped wp-block-gallery-9 is-layout-flex\">\n<figure class=\"wp-block-image\"><img decoding=\"async\" data-id=\"36318\"  src=\"https:\/\/ifbaiano.edu.br\/portal\/wp-content\/uploads\/2025\/08\/0220-IMG_20250818_094601-1024x768.webp\" alt=\"\" class=\"wp-image-36318\" \/><\/figure>\n\n\n\n<figure class=\"wp-block-image size-large\"><a href=\"https:\/\/www.ifbaiano.edu.br\/unidades\/santaines\/files\/2025\/08\/4859-0220-IMG.webp\"><img decoding=\"async\" loading=\"lazy\" width=\"1024\" height=\"768\" data-id=\"25054\"  src=\"https:\/\/www.ifbaiano.edu.br\/unidades\/santaines\/files\/2025\/08\/4859-0220-IMG-1024x768.webp\" alt=\"\" class=\"wp-image-25054\" srcset=\"https:\/\/www.ifbaiano.edu.br\/unidades\/santaines\/files\/2025\/08\/4859-0220-IMG-1024x768.webp 1024w, https:\/\/www.ifbaiano.edu.br\/unidades\/santaines\/files\/2025\/08\/4859-0220-IMG-300x225.webp 300w, https:\/\/www.ifbaiano.edu.br\/unidades\/santaines\/files\/2025\/08\/4859-0220-IMG-768x576.webp 768w, https:\/\/www.ifbaiano.edu.br\/unidades\/santaines\/files\/2025\/08\/4859-0220-IMG-100x75.webp 100w, https:\/\/www.ifbaiano.edu.br\/unidades\/santaines\/files\/2025\/08\/4859-0220-IMG.webp 1440w\" sizes=\"(max-width: 1024px) 100vw, 1024px\" \/><\/a><\/figure>\n\n\n\n<figure class=\"wp-block-image size-large\"><a href=\"https:\/\/www.ifbaiano.edu.br\/unidades\/santaines\/files\/2025\/08\/4859-0220-IMG_MOD.webp\"><img decoding=\"async\" loading=\"lazy\" width=\"1024\" height=\"768\" data-id=\"25055\"  src=\"https:\/\/www.ifbaiano.edu.br\/unidades\/santaines\/files\/2025\/08\/4859-0220-IMG_MOD-1024x768.webp\" alt=\"\" class=\"wp-image-25055\" srcset=\"https:\/\/www.ifbaiano.edu.br\/unidades\/santaines\/files\/2025\/08\/4859-0220-IMG_MOD-1024x768.webp 1024w, https:\/\/www.ifbaiano.edu.br\/unidades\/santaines\/files\/2025\/08\/4859-0220-IMG_MOD-300x225.webp 300w, https:\/\/www.ifbaiano.edu.br\/unidades\/santaines\/files\/2025\/08\/4859-0220-IMG_MOD-768x576.webp 768w, https:\/\/www.ifbaiano.edu.br\/unidades\/santaines\/files\/2025\/08\/4859-0220-IMG_MOD-100x75.webp 100w, https:\/\/www.ifbaiano.edu.br\/unidades\/santaines\/files\/2025\/08\/4859-0220-IMG_MOD.webp 1440w\" sizes=\"(max-width: 1024px) 100vw, 1024px\" \/><\/a><\/figure>\n<\/figure>\n\n\n\n<p>\u201cDesde que o presidente anunciou os cem novos campi, n\u00f3s montamos esse projeto no IF Piau\u00ed. Conversando com o reitor do IF Baiano, A\u00e9cio Jos\u00e9, ele destacou que o projeto estava bonito e levou para o MEC. No retorno, ele contou que tinha apresentado o projeto e pediu autoriza\u00e7\u00e3o para utilizar nos demais campi do IF Baiano. Eu disse que n\u00e3o tinha o que autorizar porque o projeto \u00e9 do Brasil. Hoje estamos com as unidades em constru\u00e7\u00e3o mais avan\u00e7adas. Isso \u00e9 rede, isso \u00e9 gest\u00e3o\u201d.<\/p>\n\n\n\n<h2 class=\"wp-block-heading\">Expans\u00e3o do IF Baiano e compromisso com o futuro<\/h2>\n\n\n\n<p>A Bahia ainda ser\u00e1 contemplada com um&nbsp;<strong>quarto novo campus do IF Baiano<\/strong>, no munic\u00edpio de&nbsp;<strong>Ruy Barbosa<\/strong>. Por uma quest\u00e3o de log\u00edstica, a cidade n\u00e3o fez parte do trajeto desta viagem, mas o campus tamb\u00e9m tem papel estrat\u00e9gico no processo de&nbsp;<strong>interioriza\u00e7\u00e3o da educa\u00e7\u00e3o p\u00fablica<\/strong>&nbsp;e na amplia\u00e7\u00e3o das oportunidades de forma\u00e7\u00e3o profissional na regi\u00e3o. A prefeita de Ruy Barbosa acompanhou a agenda em&nbsp;<strong>Santo Est\u00eav\u00e3o<\/strong>, refor\u00e7ando o apoio do munic\u00edpio \u00e0 instala\u00e7\u00e3o da unidade e destacando a expectativa da comunidade com a chegada do instituto.<\/p>\n\n\n\n<p>Ao longo da visita, o&nbsp;<strong>reitor do IF Baiano, A\u00e9cio Jos\u00e9 Passos Duarte<\/strong>, ressaltou a import\u00e2ncia dos investimentos do&nbsp;<strong>Novo PAC<\/strong>&nbsp;para a consolida\u00e7\u00e3o da rede e para a cria\u00e7\u00e3o de novas oportunidades de ensino, pesquisa e extens\u00e3o.<\/p>\n\n\n\n<figure class=\"wp-block-gallery has-nested-images columns-default is-cropped wp-block-gallery-11 is-layout-flex\">\n<figure class=\"wp-block-image\"><img decoding=\"async\" data-id=\"36320\"  src=\"https:\/\/ifbaiano.edu.br\/portal\/wp-content\/uploads\/2025\/08\/0274-08142-1024x576.webp\" alt=\"\" class=\"wp-image-36320\" \/><figcaption class=\"wp-element-caption\">Santo Est\u00eav\u00e3o<\/figcaption><\/figure>\n\n\n\n<figure class=\"wp-block-image size-large\"><a href=\"https:\/\/www.ifbaiano.edu.br\/unidades\/santaines\/files\/2025\/08\/5218-IMG_MOD.webp\"><img decoding=\"async\" loading=\"lazy\" width=\"1024\" height=\"576\" data-id=\"25056\"  src=\"https:\/\/www.ifbaiano.edu.br\/unidades\/santaines\/files\/2025\/08\/5218-IMG_MOD-1024x576.webp\" alt=\"\" class=\"wp-image-25056\" srcset=\"https:\/\/www.ifbaiano.edu.br\/unidades\/santaines\/files\/2025\/08\/5218-IMG_MOD-1024x576.webp 1024w, https:\/\/www.ifbaiano.edu.br\/unidades\/santaines\/files\/2025\/08\/5218-IMG_MOD-300x169.webp 300w, https:\/\/www.ifbaiano.edu.br\/unidades\/santaines\/files\/2025\/08\/5218-IMG_MOD-768x432.webp 768w, https:\/\/www.ifbaiano.edu.br\/unidades\/santaines\/files\/2025\/08\/5218-IMG_MOD-100x56.webp 100w, https:\/\/www.ifbaiano.edu.br\/unidades\/santaines\/files\/2025\/08\/5218-IMG_MOD.webp 1536w\" sizes=\"(max-width: 1024px) 100vw, 1024px\" \/><\/a><\/figure>\n\n\n\n<figure class=\"wp-block-image size-large\"><a href=\"https:\/\/www.ifbaiano.edu.br\/unidades\/santaines\/files\/2025\/08\/5284-IMG-MOD.webp\"><img decoding=\"async\" loading=\"lazy\" width=\"1024\" height=\"576\" data-id=\"25057\"  src=\"https:\/\/www.ifbaiano.edu.br\/unidades\/santaines\/files\/2025\/08\/5284-IMG-MOD-1024x576.webp\" alt=\"\" class=\"wp-image-25057\" srcset=\"https:\/\/www.ifbaiano.edu.br\/unidades\/santaines\/files\/2025\/08\/5284-IMG-MOD-1024x576.webp 1024w, https:\/\/www.ifbaiano.edu.br\/unidades\/santaines\/files\/2025\/08\/5284-IMG-MOD-300x169.webp 300w, https:\/\/www.ifbaiano.edu.br\/unidades\/santaines\/files\/2025\/08\/5284-IMG-MOD-768x432.webp 768w, https:\/\/www.ifbaiano.edu.br\/unidades\/santaines\/files\/2025\/08\/5284-IMG-MOD-1536x864.webp 1536w, https:\/\/www.ifbaiano.edu.br\/unidades\/santaines\/files\/2025\/08\/5284-IMG-MOD-100x56.webp 100w, https:\/\/www.ifbaiano.edu.br\/unidades\/santaines\/files\/2025\/08\/5284-IMG-MOD.webp 1920w\" sizes=\"(max-width: 1024px) 100vw, 1024px\" \/><\/a><\/figure>\n\n\n\n<figure class=\"wp-block-image size-large\"><a href=\"https:\/\/www.ifbaiano.edu.br\/unidades\/santaines\/files\/2025\/08\/5410-IMG-MOD.webp\"><img decoding=\"async\" loading=\"lazy\" width=\"1024\" height=\"576\" data-id=\"25061\"  src=\"https:\/\/www.ifbaiano.edu.br\/unidades\/santaines\/files\/2025\/08\/5410-IMG-MOD-1024x576.webp\" alt=\"\" class=\"wp-image-25061\" srcset=\"https:\/\/www.ifbaiano.edu.br\/unidades\/santaines\/files\/2025\/08\/5410-IMG-MOD-1024x576.webp 1024w, https:\/\/www.ifbaiano.edu.br\/unidades\/santaines\/files\/2025\/08\/5410-IMG-MOD-300x169.webp 300w, https:\/\/www.ifbaiano.edu.br\/unidades\/santaines\/files\/2025\/08\/5410-IMG-MOD-768x432.webp 768w, https:\/\/www.ifbaiano.edu.br\/unidades\/santaines\/files\/2025\/08\/5410-IMG-MOD-100x56.webp 100w, https:\/\/www.ifbaiano.edu.br\/unidades\/santaines\/files\/2025\/08\/5410-IMG-MOD.webp 1536w\" sizes=\"(max-width: 1024px) 100vw, 1024px\" \/><\/a><figcaption class=\"wp-element-caption\">Ribeira do Pombal<\/figcaption><\/figure>\n\n\n\n<figure class=\"wp-block-image size-large\"><a href=\"https:\/\/www.ifbaiano.edu.br\/unidades\/santaines\/files\/2025\/08\/5410-IMGE-MOD.webp\"><img decoding=\"async\" loading=\"lazy\" width=\"1024\" height=\"576\" data-id=\"25059\"  src=\"https:\/\/www.ifbaiano.edu.br\/unidades\/santaines\/files\/2025\/08\/5410-IMGE-MOD-1024x576.webp\" alt=\"\" class=\"wp-image-25059\" srcset=\"https:\/\/www.ifbaiano.edu.br\/unidades\/santaines\/files\/2025\/08\/5410-IMGE-MOD-1024x576.webp 1024w, https:\/\/www.ifbaiano.edu.br\/unidades\/santaines\/files\/2025\/08\/5410-IMGE-MOD-300x169.webp 300w, https:\/\/www.ifbaiano.edu.br\/unidades\/santaines\/files\/2025\/08\/5410-IMGE-MOD-768x432.webp 768w, https:\/\/www.ifbaiano.edu.br\/unidades\/santaines\/files\/2025\/08\/5410-IMGE-MOD-100x56.webp 100w, https:\/\/www.ifbaiano.edu.br\/unidades\/santaines\/files\/2025\/08\/5410-IMGE-MOD.webp 1536w\" sizes=\"(max-width: 1024px) 100vw, 1024px\" \/><\/a><\/figure>\n\n\n\n<figure class=\"wp-block-image size-large\"><a href=\"https:\/\/www.ifbaiano.edu.br\/unidades\/santaines\/files\/2025\/08\/5410-DJI_MOD64.webp\"><img decoding=\"async\" loading=\"lazy\" width=\"1024\" height=\"576\" data-id=\"25060\"  src=\"https:\/\/www.ifbaiano.edu.br\/unidades\/santaines\/files\/2025\/08\/5410-DJI_MOD64-1024x576.webp\" alt=\"\" class=\"wp-image-25060\" srcset=\"https:\/\/www.ifbaiano.edu.br\/unidades\/santaines\/files\/2025\/08\/5410-DJI_MOD64-1024x576.webp 1024w, https:\/\/www.ifbaiano.edu.br\/unidades\/santaines\/files\/2025\/08\/5410-DJI_MOD64-300x169.webp 300w, https:\/\/www.ifbaiano.edu.br\/unidades\/santaines\/files\/2025\/08\/5410-DJI_MOD64-768x432.webp 768w, https:\/\/www.ifbaiano.edu.br\/unidades\/santaines\/files\/2025\/08\/5410-DJI_MOD64-100x56.webp 100w, https:\/\/www.ifbaiano.edu.br\/unidades\/santaines\/files\/2025\/08\/5410-DJI_MOD64.webp 1536w\" sizes=\"(max-width: 1024px) 100vw, 1024px\" \/><\/a><\/figure>\n\n\n\n<figure class=\"wp-block-image size-large\"><a href=\"https:\/\/www.ifbaiano.edu.br\/unidades\/santaines\/files\/2025\/08\/5531-RE-MOD.webp\"><img decoding=\"async\" loading=\"lazy\" width=\"1024\" height=\"576\" data-id=\"25065\"  src=\"https:\/\/www.ifbaiano.edu.br\/unidades\/santaines\/files\/2025\/08\/5531-RE-MOD-1024x576.webp\" alt=\"\" class=\"wp-image-25065\" srcset=\"https:\/\/www.ifbaiano.edu.br\/unidades\/santaines\/files\/2025\/08\/5531-RE-MOD-1024x576.webp 1024w, https:\/\/www.ifbaiano.edu.br\/unidades\/santaines\/files\/2025\/08\/5531-RE-MOD-300x169.webp 300w, https:\/\/www.ifbaiano.edu.br\/unidades\/santaines\/files\/2025\/08\/5531-RE-MOD-768x432.webp 768w, https:\/\/www.ifbaiano.edu.br\/unidades\/santaines\/files\/2025\/08\/5531-RE-MOD-100x56.webp 100w, https:\/\/www.ifbaiano.edu.br\/unidades\/santaines\/files\/2025\/08\/5531-RE-MOD.webp 1536w\" sizes=\"(max-width: 1024px) 100vw, 1024px\" \/><\/a><figcaption class=\"wp-element-caption\">Remanso<\/figcaption><\/figure>\n\n\n\n<figure class=\"wp-block-image size-large\"><a href=\"https:\/\/www.ifbaiano.edu.br\/unidades\/santaines\/files\/2025\/08\/5496-FOT-2-MOD.webp\"><img decoding=\"async\" loading=\"lazy\" width=\"1024\" height=\"576\" data-id=\"25064\"  src=\"https:\/\/www.ifbaiano.edu.br\/unidades\/santaines\/files\/2025\/08\/5496-FOT-2-MOD-1024x576.webp\" alt=\"\" class=\"wp-image-25064\" srcset=\"https:\/\/www.ifbaiano.edu.br\/unidades\/santaines\/files\/2025\/08\/5496-FOT-2-MOD-1024x576.webp 1024w, https:\/\/www.ifbaiano.edu.br\/unidades\/santaines\/files\/2025\/08\/5496-FOT-2-MOD-300x169.webp 300w, https:\/\/www.ifbaiano.edu.br\/unidades\/santaines\/files\/2025\/08\/5496-FOT-2-MOD-768x432.webp 768w, https:\/\/www.ifbaiano.edu.br\/unidades\/santaines\/files\/2025\/08\/5496-FOT-2-MOD-100x56.webp 100w, https:\/\/www.ifbaiano.edu.br\/unidades\/santaines\/files\/2025\/08\/5496-FOT-2-MOD.webp 1536w\" sizes=\"(max-width: 1024px) 100vw, 1024px\" \/><\/a><\/figure>\n\n\n\n<figure class=\"wp-block-image size-large\"><a href=\"https:\/\/www.ifbaiano.edu.br\/unidades\/santaines\/files\/2025\/08\/5495-FOTOS-3-MOD.webp\"><img decoding=\"async\" loading=\"lazy\" width=\"1024\" height=\"576\" data-id=\"25062\"  src=\"https:\/\/www.ifbaiano.edu.br\/unidades\/santaines\/files\/2025\/08\/5495-FOTOS-3-MOD-1024x576.webp\" alt=\"\" class=\"wp-image-25062\" srcset=\"https:\/\/www.ifbaiano.edu.br\/unidades\/santaines\/files\/2025\/08\/5495-FOTOS-3-MOD-1024x576.webp 1024w, https:\/\/www.ifbaiano.edu.br\/unidades\/santaines\/files\/2025\/08\/5495-FOTOS-3-MOD-300x169.webp 300w, https:\/\/www.ifbaiano.edu.br\/unidades\/santaines\/files\/2025\/08\/5495-FOTOS-3-MOD-768x432.webp 768w, https:\/\/www.ifbaiano.edu.br\/unidades\/santaines\/files\/2025\/08\/5495-FOTOS-3-MOD-100x56.webp 100w, https:\/\/www.ifbaiano.edu.br\/unidades\/santaines\/files\/2025\/08\/5495-FOTOS-3-MOD.webp 1536w\" sizes=\"(max-width: 1024px) 100vw, 1024px\" \/><\/a><\/figure>\n<\/figure>\n\n\n\n<p>\u201cTemos que agradecer a muita gente por estarmos no ponto que estamos. \u00c0 secretaria, na pessoa do secret\u00e1rio Marcelo Bregagnoli, ao ministro Camilo Santana, \u00e0 confian\u00e7a do presidente Lula, em nos dar essa tarefa, e a toda equipe do IF Baiano que tem se esmerado, tem buscado. Cada pessoa envolvida para que a gente possa, ao t\u00e9rmino dessas obras ter a possibilidade e ter a oportunidade formativa para as pessoas desses territ\u00f3rios. \u00c9 dessa forma que a gente vai transformar o nosso pa\u00eds, dessa forma que estes territ\u00f3rios ser\u00e3o alavancados. E um agradecimento muito especial aos munic\u00edpios que est\u00e3o recebendo e apoiando a instala\u00e7\u00e3o dos novos campi\u201d.<\/p>\n\n\n\n<p>Encerrando a agenda, o&nbsp;<strong>secret\u00e1rio de Educa\u00e7\u00e3o Profissional e Tecnol\u00f3gica, Marcelo Bregagnoli<\/strong>, refor\u00e7ou o compromisso do Governo Federal com a expans\u00e3o da Rede Federal e com a interioriza\u00e7\u00e3o da educa\u00e7\u00e3o p\u00fablica de qualidade. Ele destacou que os novos investimentos representam um marco para os munic\u00edpios contemplados e reafirmou o apoio do MEC para garantir a conclus\u00e3o das obras e o pleno funcionamento das unidades.<\/p>\n\n\n\n<p>\u201cA gente fica muito feliz ao chegar e ver unidades com mais de 50% da obra conclu\u00edda. A gente j\u00e1 tem os recursos garantidos, algumas unidades j\u00e1 fizeram a solicita\u00e7\u00e3o dos equipamentos, do mobili\u00e1rio, ent\u00e3o a gente tem de fato in\u00edcio das atividades, nestas unidades, como Santo Est\u00eav\u00e3o, no pr\u00f3ximo ano\u201d.<\/p>\n\n\n\n<p>O secret\u00e1rio ressaltou ainda a import\u00e2ncia da visita e da constata\u00e7\u00e3o \u2018in loco\u2019 do avan\u00e7o dos trabalhos na Bahia.<\/p>\n\n\n\n<p>\u201cUm motivo de muito orgulho estar fazendo essa visita de trabalho, essa constata\u00e7\u00e3o \u2018in loco\u2019, que eu j\u00e1 tinha certeza. A certeza de um excelente trabalho sendo conduzido pelo reitor A\u00e9cio Jos\u00e9 e toda a sua equipe\u201d.<\/p>\n\n\n\n<hr class=\"wp-block-separator has-alpha-channel-opacity\" \/>\n","protected":false},"excerpt":{"rendered":"<p>O secret\u00e1rio de Educa\u00e7\u00e3o Profissional e Tecnol\u00f3gica do Minist\u00e9rio da Educa\u00e7\u00e3o (Setec\/MEC),&nbsp;Marcelo Bregagnoli, cumpriu uma intensa agenda de visitas ao&nbsp;Nordeste&nbsp;na \u00faltima semana, passando pela&nbsp;Bahia, Pernambuco e Piau\u00ed. A comitiva acompanhou o andamento das obras de novos campi e da nova sede administrativa de institutos federais contemplados pelo&nbsp;Novo Programa de Acelera\u00e7\u00e3o do Crescimento (Novo PAC), iniciativa [&hellip;]<\/p>\n","protected":false},"author":86,"featured_media":25057,"comment_status":"closed","ping_status":"closed","sticky":false,"template":"","format":"standard","meta":[],"categories":[4,57],"tags":[],"_links":{"self":[{"href":"https:\/\/www.ifbaiano.edu.br\/unidades\/santaines\/wp-json\/wp\/v2\/posts\/25040"}],"collection":[{"href":"https:\/\/www.ifbaiano.edu.br\/unidades\/santaines\/wp-json\/wp\/v2\/posts"}],"about":[{"href":"https:\/\/www.ifbaiano.edu.br\/unidades\/santaines\/wp-json\/wp\/v2\/types\/post"}],"author":[{"embeddable":true,"href":"https:\/\/www.ifbaiano.edu.br\/unidades\/santaines\/wp-json\/wp\/v2\/users\/86"}],"replies":[{"embeddable":true,"href":"https:\/\/www.ifbaiano.edu.br\/unidades\/santaines\/wp-json\/wp\/v2\/comments?post=25040"}],"version-history":[{"count":1,"href":"https:\/\/www.ifbaiano.edu.br\/unidades\/santaines\/wp-json\/wp\/v2\/posts\/25040\/revisions"}],"predecessor-version":[{"id":25066,"href":"https:\/\/www.ifbaiano.edu.br\/unidades\/santaines\/wp-json\/wp\/v2\/posts\/25040\/revisions\/25066"}],"wp:featuredmedia":[{"embeddable":true,"href":"https:\/\/www.ifbaiano.edu.br\/unidades\/santaines\/wp-json\/wp\/v2\/media\/25057"}],"wp:attachment":[{"href":"https:\/\/www.ifbaiano.edu.br\/unidades\/santaines\/wp-json\/wp\/v2\/media?parent=25040"}],"wp:term":[{"taxonomy":"category","embeddable":true,"href":"https:\/\/www.ifbaiano.edu.br\/unidades\/santaines\/wp-json\/wp\/v2\/categories?post=25040"},{"taxonomy":"post_tag","embeddable":true,"href":"https:\/\/www.ifbaiano.edu.br\/unidades\/santaines\/wp-json\/wp\/v2\/tags?post=25040"}],"curies":[{"name":"wp","href":"https:\/\/api.w.org\/{rel}","templated":true}]}}