{"id":25067,"date":"2025-08-27T22:23:07","date_gmt":"2025-08-28T01:23:07","guid":{"rendered":"https:\/\/www.ifbaiano.edu.br\/unidades\/santaines\/?p=25067"},"modified":"2025-08-27T22:30:01","modified_gmt":"2025-08-28T01:30:01","slug":"if-baiano-promove-dia-de-campo-para-fortalecer-a-avicultura-caipira-em-santa-ines","status":"publish","type":"post","link":"https:\/\/www.ifbaiano.edu.br\/unidades\/santaines\/if-baiano-promove-dia-de-campo-para-fortalecer-a-avicultura-caipira-em-santa-ines\/","title":{"rendered":"IF Baiano promove Dia de Campo para fortalecer a avicultura caipira em Santa In\u00eas"},"content":{"rendered":"\n<p>Em um esfor\u00e7o para impulsionar a agricultura familiar e promover pr\u00e1ticas sustent\u00e1veis, o N\u00facleo de Estudos e Produ\u00e7\u00e3o Av\u00edcola (NEPAV) do IF Baiano &#8211; Campus Santa In\u00eas, em parceria com a Associa\u00e7\u00e3o de Agricultores Familiares Camponeses da Bahia (ASFAB), representada pela egressa do Campus, Greice Quele, realizou na manh\u00e3 desta quinta-feira, 26 de agosto, um dia de campo dedicado \u00e0 avicultura caipira. O evento reuniu 16 produtores das comunidades de Lagoa Queimada e Lagoinha, no munic\u00edpio de Santa In\u00eas, para uma capacita\u00e7\u00e3o focada em manejo de galinhas poedeiras.<\/p>\n\n\n\n<figure class=\"wp-block-gallery has-nested-images columns-default is-cropped wp-block-gallery-1 is-layout-flex\">\n<figure class=\"wp-block-image size-large\"><a href=\"https:\/\/www.ifbaiano.edu.br\/unidades\/santaines\/files\/2025\/08\/3556-b2e3430c.webp\"><img decoding=\"async\" loading=\"lazy\" width=\"768\" height=\"1024\" data-id=\"25074\"  src=\"https:\/\/www.ifbaiano.edu.br\/unidades\/santaines\/files\/2025\/08\/3556-b2e3430c-768x1024.webp\" alt=\"\" class=\"wp-image-25074\" srcset=\"https:\/\/www.ifbaiano.edu.br\/unidades\/santaines\/files\/2025\/08\/3556-b2e3430c-768x1024.webp 768w, https:\/\/www.ifbaiano.edu.br\/unidades\/santaines\/files\/2025\/08\/3556-b2e3430c-225x300.webp 225w, https:\/\/www.ifbaiano.edu.br\/unidades\/santaines\/files\/2025\/08\/3556-b2e3430c-100x133.webp 100w, https:\/\/www.ifbaiano.edu.br\/unidades\/santaines\/files\/2025\/08\/3556-b2e3430c.webp 810w\" sizes=\"(max-width: 768px) 100vw, 768px\" \/><\/a><\/figure>\n\n\n\n<figure class=\"wp-block-image size-large\"><a href=\"https:\/\/www.ifbaiano.edu.br\/unidades\/santaines\/files\/2025\/08\/3551-4602b6fb-34b9-445f-8664-7da8897ec109.webp\"><img decoding=\"async\" loading=\"lazy\" width=\"768\" height=\"1024\" data-id=\"25071\"  src=\"https:\/\/www.ifbaiano.edu.br\/unidades\/santaines\/files\/2025\/08\/3551-4602b6fb-34b9-445f-8664-7da8897ec109-768x1024.webp\" alt=\"\" class=\"wp-image-25071\" srcset=\"https:\/\/www.ifbaiano.edu.br\/unidades\/santaines\/files\/2025\/08\/3551-4602b6fb-34b9-445f-8664-7da8897ec109-768x1024.webp 768w, https:\/\/www.ifbaiano.edu.br\/unidades\/santaines\/files\/2025\/08\/3551-4602b6fb-34b9-445f-8664-7da8897ec109-225x300.webp 225w, https:\/\/www.ifbaiano.edu.br\/unidades\/santaines\/files\/2025\/08\/3551-4602b6fb-34b9-445f-8664-7da8897ec109-100x133.webp 100w, https:\/\/www.ifbaiano.edu.br\/unidades\/santaines\/files\/2025\/08\/3551-4602b6fb-34b9-445f-8664-7da8897ec109.webp 810w\" sizes=\"(max-width: 768px) 100vw, 768px\" \/><\/a><\/figure>\n\n\n\n<figure class=\"wp-block-image size-large\"><a href=\"https:\/\/www.ifbaiano.edu.br\/unidades\/santaines\/files\/2025\/08\/3576-IMG_20250827_094434.webp\"><img decoding=\"async\" loading=\"lazy\" width=\"1024\" height=\"768\" data-id=\"25078\"  src=\"https:\/\/www.ifbaiano.edu.br\/unidades\/santaines\/files\/2025\/08\/3576-IMG_20250827_094434-1024x768.webp\" alt=\"\" class=\"wp-image-25078\" srcset=\"https:\/\/www.ifbaiano.edu.br\/unidades\/santaines\/files\/2025\/08\/3576-IMG_20250827_094434-1024x768.webp 1024w, https:\/\/www.ifbaiano.edu.br\/unidades\/santaines\/files\/2025\/08\/3576-IMG_20250827_094434-300x225.webp 300w, https:\/\/www.ifbaiano.edu.br\/unidades\/santaines\/files\/2025\/08\/3576-IMG_20250827_094434-768x576.webp 768w, https:\/\/www.ifbaiano.edu.br\/unidades\/santaines\/files\/2025\/08\/3576-IMG_20250827_094434-100x75.webp 100w, https:\/\/www.ifbaiano.edu.br\/unidades\/santaines\/files\/2025\/08\/3576-IMG_20250827_094434.webp 1440w\" sizes=\"(max-width: 1024px) 100vw, 1024px\" \/><\/a><\/figure>\n<\/figure>\n\n\n\n<p>A iniciativa contou com a ativa participa\u00e7\u00e3o de estudantes do Curso de Bacharelado em Zootecnia do campus, membros integrantes do NEPAV. O objetivo principal foi apresentar e demonstrar t\u00e9cnicas de manejo que visam aprimorar a produ\u00e7\u00e3o e otimizar os resultados da atividade av\u00edcola, contribuindo para o desenvolvimento econ\u00f4mico e social das fam\u00edlias locais.<\/p>\n\n\n\n<p>O professor Jadson Rocha, Coordenador do NEPAV, explicou que o dia de campo permitiu aos produtores compreenderem as boas pr\u00e1ticas de manejo para alcan\u00e7ar melhores \u00edndices produtivos, tanto de postura quanto de carne. \u201cAs produ\u00e7\u00f5es de aves feitas com manejo correto podem favorecer a melhoria da qualidade de vida dessas fam\u00edlias beneficiadas com a alimenta\u00e7\u00e3o de qualidade, al\u00e9m da possibilidade de aumento da renda familiar\u201d, pontuou o professor.<\/p>\n\n\n\n<p>Thaiane Fr\u00f3es, vice-coordenadora discente do NEPAV, destacou a import\u00e2ncia da troca de conhecimentos: \u201cTamb\u00e9m buscamos compartilhar os conhecimentos adquiridos no curso e no grupo de estudos, contribuindo para o desenvolvimento sustent\u00e1vel da comunidade e para o fortalecimento da avicultura como alternativa de renda\u201d.<\/p>\n\n\n\n<p>Israel Fran\u00e7a, coordenador discente do NEPAV, ressaltou o car\u00e1ter enriquecedor da atividade: \u201cA palestra realizada com os produtores da comunidade da Lagoa Queimada foi de grande import\u00e2ncia tanto para eles quanto para n\u00f3s, integrantes do grupo de estudo NEPAV. Esse momento proporcionou uma rica troca de conhecimentos, fortalecendo a aprendizagem coletiva e valorizando a realidade local dos pequenos produtores\u201d.<\/p>\n\n\n\n<p>Anderson Souza, presidente do Centro Acad\u00eamico do Bacharelado em Zootecnia e membro do NEPAV, detalhou o conte\u00fado pr\u00e1tico da capacita\u00e7\u00e3o. \u201cMostramos um pouco do manejo, os cuidados adequados, os erros que muitos produtores cometem na cria\u00e7\u00e3o de frango caipira. Visitamos o NEPAV e mostramos para eles a cria\u00e7\u00e3o de frango caipira, de patos, de ema e de codorna. Houve troca de conhecimentos, onde eles trouxeram o dia a dia deles com a produ\u00e7\u00e3o deles, e n\u00f3s mostramos, como estudantes de zootecnia, o papel fundamental que \u00e9 o cuidado certinho desde a nutri\u00e7\u00e3o at\u00e9 a higiene\u201d, afirmou Anderson, enfatizando o aprendizado m\u00fatuo.<\/p>\n\n\n\n<figure class=\"wp-block-gallery has-nested-images columns-default is-cropped wp-block-gallery-3 is-layout-flex\">\n<figure class=\"wp-block-image size-large\"><a href=\"https:\/\/www.ifbaiano.edu.br\/unidades\/santaines\/files\/2025\/08\/3597-IMG_20250827_094736.webp\"><img decoding=\"async\" loading=\"lazy\" width=\"1024\" height=\"576\" data-id=\"25081\"  src=\"https:\/\/www.ifbaiano.edu.br\/unidades\/santaines\/files\/2025\/08\/3597-IMG_20250827_094736-1024x576.webp\" alt=\"\" class=\"wp-image-25081\" srcset=\"https:\/\/www.ifbaiano.edu.br\/unidades\/santaines\/files\/2025\/08\/3597-IMG_20250827_094736-1024x576.webp 1024w, https:\/\/www.ifbaiano.edu.br\/unidades\/santaines\/files\/2025\/08\/3597-IMG_20250827_094736-300x169.webp 300w, https:\/\/www.ifbaiano.edu.br\/unidades\/santaines\/files\/2025\/08\/3597-IMG_20250827_094736-768x432.webp 768w, https:\/\/www.ifbaiano.edu.br\/unidades\/santaines\/files\/2025\/08\/3597-IMG_20250827_094736-1536x864.webp 1536w, https:\/\/www.ifbaiano.edu.br\/unidades\/santaines\/files\/2025\/08\/3597-IMG_20250827_094736-100x56.webp 100w, https:\/\/www.ifbaiano.edu.br\/unidades\/santaines\/files\/2025\/08\/3597-IMG_20250827_094736.webp 1920w\" sizes=\"(max-width: 1024px) 100vw, 1024px\" \/><\/a><\/figure>\n\n\n\n<figure class=\"wp-block-image size-large\"><a href=\"https:\/\/www.ifbaiano.edu.br\/unidades\/santaines\/files\/2025\/08\/3582-IMG_20250827_094537.webp\"><img decoding=\"async\" loading=\"lazy\" width=\"1024\" height=\"576\" data-id=\"25079\"  src=\"https:\/\/www.ifbaiano.edu.br\/unidades\/santaines\/files\/2025\/08\/3582-IMG_20250827_094537-1024x576.webp\" alt=\"\" class=\"wp-image-25079\" srcset=\"https:\/\/www.ifbaiano.edu.br\/unidades\/santaines\/files\/2025\/08\/3582-IMG_20250827_094537-1024x576.webp 1024w, https:\/\/www.ifbaiano.edu.br\/unidades\/santaines\/files\/2025\/08\/3582-IMG_20250827_094537-300x169.webp 300w, https:\/\/www.ifbaiano.edu.br\/unidades\/santaines\/files\/2025\/08\/3582-IMG_20250827_094537-768x432.webp 768w, https:\/\/www.ifbaiano.edu.br\/unidades\/santaines\/files\/2025\/08\/3582-IMG_20250827_094537-1536x864.webp 1536w, https:\/\/www.ifbaiano.edu.br\/unidades\/santaines\/files\/2025\/08\/3582-IMG_20250827_094537-100x56.webp 100w, https:\/\/www.ifbaiano.edu.br\/unidades\/santaines\/files\/2025\/08\/3582-IMG_20250827_094537.webp 1920w\" sizes=\"(max-width: 1024px) 100vw, 1024px\" \/><\/a><\/figure>\n\n\n\n<figure class=\"wp-block-image size-large\"><a href=\"https:\/\/www.ifbaiano.edu.br\/unidades\/santaines\/files\/2025\/08\/3548-02007e7c.webp\"><img decoding=\"async\" loading=\"lazy\" width=\"768\" height=\"1024\" data-id=\"25070\"  src=\"https:\/\/www.ifbaiano.edu.br\/unidades\/santaines\/files\/2025\/08\/3548-02007e7c-768x1024.webp\" alt=\"\" class=\"wp-image-25070\" srcset=\"https:\/\/www.ifbaiano.edu.br\/unidades\/santaines\/files\/2025\/08\/3548-02007e7c-768x1024.webp 768w, https:\/\/www.ifbaiano.edu.br\/unidades\/santaines\/files\/2025\/08\/3548-02007e7c-225x300.webp 225w, https:\/\/www.ifbaiano.edu.br\/unidades\/santaines\/files\/2025\/08\/3548-02007e7c-100x133.webp 100w, https:\/\/www.ifbaiano.edu.br\/unidades\/santaines\/files\/2025\/08\/3548-02007e7c.webp 810w\" sizes=\"(max-width: 768px) 100vw, 768px\" \/><\/a><\/figure>\n<\/figure>\n\n\n\n<p>As participantes Daiana Santos e Rosimeire, da comunidade da Lagoa Queimada, expressaram grande satisfa\u00e7\u00e3o com o evento. \u201cFoi uma manh\u00e3 de muito aprendizado, vamos levar para a comunidade e certamente para os vizinhos tamb\u00e9m. Foi muito bom! Muito legal! Muito obrigada pela acolhida\u201d, disse Daiana. Rosimeire complementou: \u201cAprendemos um pouco sobre a produ\u00e7\u00e3o da galinha. Aprendemos como manejar essas galinhas desde o pintinho at\u00e9 a cria\u00e7\u00e3o delas p\u00f4r os ovos\u201d.<\/p>\n\n\n\n<p>Com a orienta\u00e7\u00e3o do professor Jadson Rocha, coordenador do NEPAV, a palestra foi conduzida pelo coordenador discente Israel Fran\u00e7a e a vice-coordenadora Thaiane Fr\u00f3es. A atividade tamb\u00e9m contou com o apoio essencial dos demais membros do grupo: Uilton Dias, Andr\u00e9 Ferreira e Anderson Oliveira, todos estudantes do curso de Bacharelado em Zootecnia do IF Baiano \u2013 Campus Santa In\u00eas. O evento refor\u00e7a o compromisso do instituto com o desenvolvimento regional e a qualifica\u00e7\u00e3o dos produtores rurais.<\/p>\n\n\n\n<figure class=\"wp-block-gallery has-nested-images columns-default is-cropped wp-block-gallery-5 is-layout-flex\">\n<figure class=\"wp-block-image size-large\"><a href=\"https:\/\/www.ifbaiano.edu.br\/unidades\/santaines\/files\/2025\/08\/3555-a46ecb4b.webp\"><img decoding=\"async\" loading=\"lazy\" width=\"768\" height=\"1024\" data-id=\"25073\"  src=\"https:\/\/www.ifbaiano.edu.br\/unidades\/santaines\/files\/2025\/08\/3555-a46ecb4b-768x1024.webp\" alt=\"\" class=\"wp-image-25073\" srcset=\"https:\/\/www.ifbaiano.edu.br\/unidades\/santaines\/files\/2025\/08\/3555-a46ecb4b-768x1024.webp 768w, https:\/\/www.ifbaiano.edu.br\/unidades\/santaines\/files\/2025\/08\/3555-a46ecb4b-225x300.webp 225w, https:\/\/www.ifbaiano.edu.br\/unidades\/santaines\/files\/2025\/08\/3555-a46ecb4b-100x133.webp 100w, https:\/\/www.ifbaiano.edu.br\/unidades\/santaines\/files\/2025\/08\/3555-a46ecb4b.webp 810w\" sizes=\"(max-width: 768px) 100vw, 768px\" \/><\/a><\/figure>\n\n\n\n<figure class=\"wp-block-image size-large\"><a href=\"https:\/\/www.ifbaiano.edu.br\/unidades\/santaines\/files\/2025\/08\/3590-IMG_20250827_094731.webp\"><img decoding=\"async\" loading=\"lazy\" width=\"1024\" height=\"576\" data-id=\"25080\"  src=\"https:\/\/www.ifbaiano.edu.br\/unidades\/santaines\/files\/2025\/08\/3590-IMG_20250827_094731-1024x576.webp\" alt=\"\" class=\"wp-image-25080\" srcset=\"https:\/\/www.ifbaiano.edu.br\/unidades\/santaines\/files\/2025\/08\/3590-IMG_20250827_094731-1024x576.webp 1024w, https:\/\/www.ifbaiano.edu.br\/unidades\/santaines\/files\/2025\/08\/3590-IMG_20250827_094731-300x169.webp 300w, https:\/\/www.ifbaiano.edu.br\/unidades\/santaines\/files\/2025\/08\/3590-IMG_20250827_094731-768x432.webp 768w, https:\/\/www.ifbaiano.edu.br\/unidades\/santaines\/files\/2025\/08\/3590-IMG_20250827_094731-1536x864.webp 1536w, https:\/\/www.ifbaiano.edu.br\/unidades\/santaines\/files\/2025\/08\/3590-IMG_20250827_094731-100x56.webp 100w, https:\/\/www.ifbaiano.edu.br\/unidades\/santaines\/files\/2025\/08\/3590-IMG_20250827_094731.webp 1920w\" sizes=\"(max-width: 1024px) 100vw, 1024px\" \/><\/a><\/figure>\n\n\n\n<figure class=\"wp-block-image size-large\"><a href=\"https:\/\/www.ifbaiano.edu.br\/unidades\/santaines\/files\/2025\/08\/3566-IMG_20250827_094257.webp\"><img decoding=\"async\" loading=\"lazy\" width=\"1024\" height=\"768\" data-id=\"25076\"  src=\"https:\/\/www.ifbaiano.edu.br\/unidades\/santaines\/files\/2025\/08\/3566-IMG_20250827_094257-1024x768.webp\" alt=\"\" class=\"wp-image-25076\" srcset=\"https:\/\/www.ifbaiano.edu.br\/unidades\/santaines\/files\/2025\/08\/3566-IMG_20250827_094257-1024x768.webp 1024w, https:\/\/www.ifbaiano.edu.br\/unidades\/santaines\/files\/2025\/08\/3566-IMG_20250827_094257-300x225.webp 300w, https:\/\/www.ifbaiano.edu.br\/unidades\/santaines\/files\/2025\/08\/3566-IMG_20250827_094257-768x576.webp 768w, https:\/\/www.ifbaiano.edu.br\/unidades\/santaines\/files\/2025\/08\/3566-IMG_20250827_094257-100x75.webp 100w, https:\/\/www.ifbaiano.edu.br\/unidades\/santaines\/files\/2025\/08\/3566-IMG_20250827_094257.webp 1440w\" sizes=\"(max-width: 1024px) 100vw, 1024px\" \/><\/a><\/figure>\n\n\n\n<figure class=\"wp-block-image size-large\"><a href=\"https:\/\/www.ifbaiano.edu.br\/unidades\/santaines\/files\/2025\/08\/3571-IMG_20250827_094431.webp\"><img decoding=\"async\" loading=\"lazy\" width=\"1024\" height=\"768\" data-id=\"25077\"  src=\"https:\/\/www.ifbaiano.edu.br\/unidades\/santaines\/files\/2025\/08\/3571-IMG_20250827_094431-1024x768.webp\" alt=\"\" class=\"wp-image-25077\" srcset=\"https:\/\/www.ifbaiano.edu.br\/unidades\/santaines\/files\/2025\/08\/3571-IMG_20250827_094431-1024x768.webp 1024w, https:\/\/www.ifbaiano.edu.br\/unidades\/santaines\/files\/2025\/08\/3571-IMG_20250827_094431-300x225.webp 300w, https:\/\/www.ifbaiano.edu.br\/unidades\/santaines\/files\/2025\/08\/3571-IMG_20250827_094431-768x576.webp 768w, https:\/\/www.ifbaiano.edu.br\/unidades\/santaines\/files\/2025\/08\/3571-IMG_20250827_094431-100x75.webp 100w, https:\/\/www.ifbaiano.edu.br\/unidades\/santaines\/files\/2025\/08\/3571-IMG_20250827_094431.webp 1440w\" sizes=\"(max-width: 1024px) 100vw, 1024px\" \/><\/a><\/figure>\n\n\n\n<figure class=\"wp-block-image size-large\"><a href=\"https:\/\/www.ifbaiano.edu.br\/unidades\/santaines\/files\/2025\/08\/3545-25cbd186-f4f7-4aad-b063-35bffce185d1.webp\"><img decoding=\"async\" loading=\"lazy\" width=\"1024\" height=\"768\" data-id=\"25068\"  src=\"https:\/\/www.ifbaiano.edu.br\/unidades\/santaines\/files\/2025\/08\/3545-25cbd186-f4f7-4aad-b063-35bffce185d1-1024x768.webp\" alt=\"\" class=\"wp-image-25068\" srcset=\"https:\/\/www.ifbaiano.edu.br\/unidades\/santaines\/files\/2025\/08\/3545-25cbd186-f4f7-4aad-b063-35bffce185d1-1024x768.webp 1024w, https:\/\/www.ifbaiano.edu.br\/unidades\/santaines\/files\/2025\/08\/3545-25cbd186-f4f7-4aad-b063-35bffce185d1-300x225.webp 300w, https:\/\/www.ifbaiano.edu.br\/unidades\/santaines\/files\/2025\/08\/3545-25cbd186-f4f7-4aad-b063-35bffce185d1-768x576.webp 768w, https:\/\/www.ifbaiano.edu.br\/unidades\/santaines\/files\/2025\/08\/3545-25cbd186-f4f7-4aad-b063-35bffce185d1-100x75.webp 100w, https:\/\/www.ifbaiano.edu.br\/unidades\/santaines\/files\/2025\/08\/3545-25cbd186-f4f7-4aad-b063-35bffce185d1.webp 1440w\" sizes=\"(max-width: 1024px) 100vw, 1024px\" \/><\/a><\/figure>\n<\/figure>\n\n\n\n<hr class=\"wp-block-separator has-alpha-channel-opacity\" \/>\n","protected":false},"excerpt":{"rendered":"<p>Em um esfor\u00e7o para impulsionar a agricultura familiar e promover pr\u00e1ticas sustent\u00e1veis, o N\u00facleo de Estudos e Produ\u00e7\u00e3o Av\u00edcola (NEPAV) do IF Baiano &#8211; Campus Santa In\u00eas, em parceria com a Associa\u00e7\u00e3o de Agricultores Familiares Camponeses da Bahia (ASFAB), representada pela egressa do Campus, Greice Quele, realizou na manh\u00e3 desta quinta-feira, 26 de agosto, um [&hellip;]<\/p>\n","protected":false},"author":86,"featured_media":25082,"comment_status":"closed","ping_status":"closed","sticky":false,"template":"","format":"standard","meta":[],"categories":[4,5,57],"tags":[],"_links":{"self":[{"href":"https:\/\/www.ifbaiano.edu.br\/unidades\/santaines\/wp-json\/wp\/v2\/posts\/25067"}],"collection":[{"href":"https:\/\/www.ifbaiano.edu.br\/unidades\/santaines\/wp-json\/wp\/v2\/posts"}],"about":[{"href":"https:\/\/www.ifbaiano.edu.br\/unidades\/santaines\/wp-json\/wp\/v2\/types\/post"}],"author":[{"embeddable":true,"href":"https:\/\/www.ifbaiano.edu.br\/unidades\/santaines\/wp-json\/wp\/v2\/users\/86"}],"replies":[{"embeddable":true,"href":"https:\/\/www.ifbaiano.edu.br\/unidades\/santaines\/wp-json\/wp\/v2\/comments?post=25067"}],"version-history":[{"count":3,"href":"https:\/\/www.ifbaiano.edu.br\/unidades\/santaines\/wp-json\/wp\/v2\/posts\/25067\/revisions"}],"predecessor-version":[{"id":25086,"href":"https:\/\/www.ifbaiano.edu.br\/unidades\/santaines\/wp-json\/wp\/v2\/posts\/25067\/revisions\/25086"}],"wp:featuredmedia":[{"embeddable":true,"href":"https:\/\/www.ifbaiano.edu.br\/unidades\/santaines\/wp-json\/wp\/v2\/media\/25082"}],"wp:attachment":[{"href":"https:\/\/www.ifbaiano.edu.br\/unidades\/santaines\/wp-json\/wp\/v2\/media?parent=25067"}],"wp:term":[{"taxonomy":"category","embeddable":true,"href":"https:\/\/www.ifbaiano.edu.br\/unidades\/santaines\/wp-json\/wp\/v2\/categories?post=25067"},{"taxonomy":"post_tag","embeddable":true,"href":"https:\/\/www.ifbaiano.edu.br\/unidades\/santaines\/wp-json\/wp\/v2\/tags?post=25067"}],"curies":[{"name":"wp","href":"https:\/\/api.w.org\/{rel}","templated":true}]}}