{"id":25087,"date":"2025-08-28T15:40:15","date_gmt":"2025-08-28T18:40:15","guid":{"rendered":"https:\/\/www.ifbaiano.edu.br\/unidades\/santaines\/?p=25087"},"modified":"2025-08-28T15:40:15","modified_gmt":"2025-08-28T18:40:15","slug":"estao-abertas-as-inscricoes-para-o-6o-congresso-nordestino-de-educacao-a-distancia-eaday-2025","status":"publish","type":"post","link":"https:\/\/www.ifbaiano.edu.br\/unidades\/santaines\/estao-abertas-as-inscricoes-para-o-6o-congresso-nordestino-de-educacao-a-distancia-eaday-2025\/","title":{"rendered":"Est\u00e3o abertas as inscri\u00e7\u00f5es para o 6\u00ba Congresso Nordestino de Educa\u00e7\u00e3o a Dist\u00e2ncia \u2013 EADay 2025"},"content":{"rendered":"\n<figure class=\"wp-block-gallery has-nested-images columns-default is-cropped wp-block-gallery-1 is-layout-flex\">\n<figure class=\"wp-block-image size-large is-style-default\"><a href=\"https:\/\/www.ifbaiano.edu.br\/unidades\/santaines\/files\/2025\/08\/6286-CAPA.webp\"><img decoding=\"async\" loading=\"lazy\" width=\"768\" height=\"510\" data-id=\"25088\"  src=\"https:\/\/www.ifbaiano.edu.br\/unidades\/santaines\/files\/2025\/08\/6286-CAPA.webp\" alt=\"\" class=\"wp-image-25088\" srcset=\"https:\/\/www.ifbaiano.edu.br\/unidades\/santaines\/files\/2025\/08\/6286-CAPA.webp 768w, https:\/\/www.ifbaiano.edu.br\/unidades\/santaines\/files\/2025\/08\/6286-CAPA-300x199.webp 300w, https:\/\/www.ifbaiano.edu.br\/unidades\/santaines\/files\/2025\/08\/6286-CAPA-100x66.webp 100w\" sizes=\"(max-width: 768px) 100vw, 768px\" \/><\/a><\/figure>\n<\/figure>\n\n\n\n<p>Est\u00e3o abertas as inscri\u00e7\u00f5es para submiss\u00e3o de trabalhos do 6\u00ba Congresso Nordestino de Educa\u00e7\u00e3o a Dist\u00e2ncia (EADay 2025). O evento, sediado pelo Instituto Federal de Sergipe (IFS), acontecer\u00e1 de 29 a 31 de outubro, de forma totalmente online, com transmiss\u00e3o pelo canal oficial do IFS no YouTube.<\/p>\n\n\n\n<p>Realizado anualmente, o CNEAD \u00e9 organizado pelos gestores de Educa\u00e7\u00e3o a Dist\u00e2ncia dos 11 Institutos Federais da regi\u00e3o Nordeste e se consolidou como um espa\u00e7o de di\u00e1logo, troca de experi\u00eancias e avalia\u00e7\u00e3o de pr\u00e1ticas inovadoras no campo da EaD.<\/p>\n\n\n\n<p>Nesta edi\u00e7\u00e3o, o objetivo \u00e9 abordar as ferramentas tecnol\u00f3gicas educacionais, refletir sobre seus usos e discutir a integra\u00e7\u00e3o das viv\u00eancias na modalidade a dist\u00e2ncia, fortalecendo a atua\u00e7\u00e3o de professores, estudantes, gestores e pesquisadores que comp\u00f5em esse universo.<\/p>\n\n\n\n<p>As inscri\u00e7\u00f5es podem ser feitas at\u00e9 o dia 19 de setembro de 2025 no site oficial do evento:&nbsp;<a href=\"https:\/\/cnead2025.ifs.edu.br\/\">https:\/\/cnead2025.ifs.edu.br\/<\/a>.<\/p>\n\n\n\n<p>Voltado \u00e0 comunidade acad\u00eamica e ao p\u00fablico externo, o Congresso busca ampliar os horizontes sobre as pr\u00e1ticas pedag\u00f3gicas mediadas por tecnologia e fortalecer a coopera\u00e7\u00e3o entre os Institutos Federais do Nordeste.<\/p>\n\n\n\n<hr class=\"wp-block-separator has-alpha-channel-opacity\" \/>\n","protected":false},"excerpt":{"rendered":"<p>Evento online reunir\u00e1 gestores, docentes, estudantes e pesquisadores dos Institutos Federais do Nordeste entre 29 e 31 de outubro<\/p>\n","protected":false},"author":86,"featured_media":25088,"comment_status":"closed","ping_status":"closed","sticky":false,"template":"","format":"standard","meta":[],"categories":[4,5,57],"tags":[],"_links":{"self":[{"href":"https:\/\/www.ifbaiano.edu.br\/unidades\/santaines\/wp-json\/wp\/v2\/posts\/25087"}],"collection":[{"href":"https:\/\/www.ifbaiano.edu.br\/unidades\/santaines\/wp-json\/wp\/v2\/posts"}],"about":[{"href":"https:\/\/www.ifbaiano.edu.br\/unidades\/santaines\/wp-json\/wp\/v2\/types\/post"}],"author":[{"embeddable":true,"href":"https:\/\/www.ifbaiano.edu.br\/unidades\/santaines\/wp-json\/wp\/v2\/users\/86"}],"replies":[{"embeddable":true,"href":"https:\/\/www.ifbaiano.edu.br\/unidades\/santaines\/wp-json\/wp\/v2\/comments?post=25087"}],"version-history":[{"count":1,"href":"https:\/\/www.ifbaiano.edu.br\/unidades\/santaines\/wp-json\/wp\/v2\/posts\/25087\/revisions"}],"predecessor-version":[{"id":25089,"href":"https:\/\/www.ifbaiano.edu.br\/unidades\/santaines\/wp-json\/wp\/v2\/posts\/25087\/revisions\/25089"}],"wp:featuredmedia":[{"embeddable":true,"href":"https:\/\/www.ifbaiano.edu.br\/unidades\/santaines\/wp-json\/wp\/v2\/media\/25088"}],"wp:attachment":[{"href":"https:\/\/www.ifbaiano.edu.br\/unidades\/santaines\/wp-json\/wp\/v2\/media?parent=25087"}],"wp:term":[{"taxonomy":"category","embeddable":true,"href":"https:\/\/www.ifbaiano.edu.br\/unidades\/santaines\/wp-json\/wp\/v2\/categories?post=25087"},{"taxonomy":"post_tag","embeddable":true,"href":"https:\/\/www.ifbaiano.edu.br\/unidades\/santaines\/wp-json\/wp\/v2\/tags?post=25087"}],"curies":[{"name":"wp","href":"https:\/\/api.w.org\/{rel}","templated":true}]}}