{"id":25090,"date":"2025-08-28T16:57:00","date_gmt":"2025-08-28T19:57:00","guid":{"rendered":"https:\/\/www.ifbaiano.edu.br\/unidades\/santaines\/?p=25090"},"modified":"2025-08-28T17:42:44","modified_gmt":"2025-08-28T20:42:44","slug":"if-baiano-campus-santa-ines-abre-processo-seletivo-2026-para-cursos-tecnicos-integrados","status":"publish","type":"post","link":"https:\/\/www.ifbaiano.edu.br\/unidades\/santaines\/if-baiano-campus-santa-ines-abre-processo-seletivo-2026-para-cursos-tecnicos-integrados\/","title":{"rendered":"IF Baiano \u2013 Campus Santa In\u00eas abre Processo Seletivo 2026 para Cursos T\u00e9cnicos Integrados"},"content":{"rendered":"\n<p>O Instituto Federal de Educa\u00e7\u00e3o, Ci\u00eancia e Tecnologia Baiano (IF Baiano), Campus Santa In\u00eas, anuncia a abertura do Processo Seletivo para ingresso de estudantes nos cursos da Educa\u00e7\u00e3o Profissional T\u00e9cnica de N\u00edvel M\u00e9dio, na forma integrada ao ensino m\u00e9dio, para o ano letivo de 2026. O processo ser\u00e1 realizado por meio de an\u00e1lise de hist\u00f3rico escolar, conforme as vagas e cursos detalhados no edital.<\/p>\n\n\n\n<p>Os cursos t\u00e9cnicos ofertados, com dura\u00e7\u00e3o de tr\u00eas anos e em per\u00edodo diurno, abrangem as \u00e1reas de Agropecu\u00e1ria (70 vagas), Alimentos (70 vagas), Inform\u00e1tica (70 vagas) e Zootecnia (70 vagas). As inscri\u00e7\u00f5es estar\u00e3o dispon\u00edveis no per\u00edodo de\u00a0<strong>01 de setembro a 12 de outubro de 2025<\/strong> e s\u00e3o realizadas exclusivamente online, na <a href=\"https:\/\/sgc.ifbaiano.edu.br\/edital\/visualizar\/305\/\">p\u00e1gina oficial<\/a>.<\/p>\n\n\n\n<p>Para aqueles sem acesso \u00e0 internet, o Campus Santa In\u00eas disponibilizar\u00e1 ponto de apoio para realiza\u00e7\u00e3o de inscri\u00e7\u00f5es presenciais e esclarecimento de d\u00favidas no Campus, localizado no KM 2,5 &#8211; BR 420 (Santa In\u00eas &#8211; Uba\u00edra) , s\/n Zona Rural, Santa In\u00eas- BA, funcionando em dias \u00fateis, no mesmo per\u00edodo (de\u00a0<strong>01 de setembro a 12 de outubro de 2025<\/strong>), de 8h \u00e0s 12h e de 13h \u00e0s 17h.<\/p>\n\n\n\n<p>Para participar, os candidatos devem ter conclu\u00eddo o Ensino Fundamental (9\u00ba ano) at\u00e9 o momento da matr\u00edcula e apresentar a documenta\u00e7\u00e3o completa exigida no <a href=\"https:\/\/ingresso.ifbaiano.edu.br\/wp-content\/uploads\/2025\/08\/Edital-no-26-Cursos-Tecnicos-Integrados-Santa-Ines.pdf\">edital<\/a>. A classifica\u00e7\u00e3o ser\u00e1 determinada pela Nota Final, que ser\u00e1 calculada a partir da soma das m\u00e9dias de L\u00edngua Portuguesa, Matem\u00e1tica, Hist\u00f3ria, Geografia e Ci\u00eancias referentes ao 8\u00ba ano do Ensino Fundamental II, conforme registrado no hist\u00f3rico escolar do candidato.<\/p>\n\n\n\n<p>Em alinhamento com a legisla\u00e7\u00e3o vigente, o IF Baiano destina 70% das suas vagas para estudantes que cursaram integralmente o ensino fundamental em escolas p\u00fablicas. O edital detalha as diversas categorias de a\u00e7\u00f5es afirmativas, que incluem vagas para candidatos com defici\u00eancia, de baixa renda (pretos, pardos, ind\u00edgenas e quilombolas) e tamb\u00e9m para aqueles que, independentemente da renda, se enquadram em grupos espec\u00edficos (pretos, pardos, ind\u00edgenas, pessoas com defici\u00eancia). O sistema de sele\u00e7\u00e3o do IF Baiano se encarregar\u00e1 de definir automaticamente a elegibilidade para as cotas com base nas autodeclara\u00e7\u00f5es fornecidas pelos candidatos.<\/p>\n\n\n\n<p>Os candidatos devem estar atentos ao cronograma completo, que prev\u00ea a publica\u00e7\u00e3o da lista final de aprovados em 01 de dezembro de 2025 e a estimativa de in\u00edcio das aulas para 17 de mar\u00e7o de 2026. A documenta\u00e7\u00e3o exigida para a inscri\u00e7\u00e3o, como CPF, hist\u00f3rico escolar e, se aplic\u00e1vel, laudo m\u00e9dico para pessoas com defici\u00eancia, deve ser anexada em formato PDF no sistema. \u00c9 importante notar que candidatos autodeclarados pretos, pardos ou ind\u00edgenas passar\u00e3o por um procedimento de heteroidentifica\u00e7\u00e3o.<\/p>\n\n\n\n<p>Para obter informa\u00e7\u00f5es mais detalhadas e acessar o edital completo, os interessados devem visitar o <a href=\"https:\/\/ingresso.ifbaiano.edu.br\/concursos\/integrado-santa-ines-2026\">site oficial do Processo Seletivo<\/a> ou entrar em contato atrav\u00e9s do e-mail\u00a0<a rel=\"noreferrer noopener\" href=\"https:\/\/www.google.com\/url?sa=E&amp;q=mailto%3Aprosel%40si.ifbaiano.edu.br\" target=\"_blank\">prosel@si.ifbaiano.edu.br<\/a>. \u00c9 fundamental que os candidatos acompanhem as publica\u00e7\u00f5es para n\u00e3o perderem nenhuma etapa crucial do processo seletivo.<\/p>\n\n\n\n<hr class=\"wp-block-separator has-alpha-channel-opacity\" \/>\n","protected":false},"excerpt":{"rendered":"<p>As inscri\u00e7\u00f5es estar\u00e3o dispon\u00edveis no per\u00edodo de\u00a001 de setembro a 12 de outubro de 2025.<\/p>\n","protected":false},"author":86,"featured_media":25091,"comment_status":"closed","ping_status":"closed","sticky":false,"template":"","format":"standard","meta":[],"categories":[4,5,8,57],"tags":[],"_links":{"self":[{"href":"https:\/\/www.ifbaiano.edu.br\/unidades\/santaines\/wp-json\/wp\/v2\/posts\/25090"}],"collection":[{"href":"https:\/\/www.ifbaiano.edu.br\/unidades\/santaines\/wp-json\/wp\/v2\/posts"}],"about":[{"href":"https:\/\/www.ifbaiano.edu.br\/unidades\/santaines\/wp-json\/wp\/v2\/types\/post"}],"author":[{"embeddable":true,"href":"https:\/\/www.ifbaiano.edu.br\/unidades\/santaines\/wp-json\/wp\/v2\/users\/86"}],"replies":[{"embeddable":true,"href":"https:\/\/www.ifbaiano.edu.br\/unidades\/santaines\/wp-json\/wp\/v2\/comments?post=25090"}],"version-history":[{"count":2,"href":"https:\/\/www.ifbaiano.edu.br\/unidades\/santaines\/wp-json\/wp\/v2\/posts\/25090\/revisions"}],"predecessor-version":[{"id":25094,"href":"https:\/\/www.ifbaiano.edu.br\/unidades\/santaines\/wp-json\/wp\/v2\/posts\/25090\/revisions\/25094"}],"wp:featuredmedia":[{"embeddable":true,"href":"https:\/\/www.ifbaiano.edu.br\/unidades\/santaines\/wp-json\/wp\/v2\/media\/25091"}],"wp:attachment":[{"href":"https:\/\/www.ifbaiano.edu.br\/unidades\/santaines\/wp-json\/wp\/v2\/media?parent=25090"}],"wp:term":[{"taxonomy":"category","embeddable":true,"href":"https:\/\/www.ifbaiano.edu.br\/unidades\/santaines\/wp-json\/wp\/v2\/categories?post=25090"},{"taxonomy":"post_tag","embeddable":true,"href":"https:\/\/www.ifbaiano.edu.br\/unidades\/santaines\/wp-json\/wp\/v2\/tags?post=25090"}],"curies":[{"name":"wp","href":"https:\/\/api.w.org\/{rel}","templated":true}]}}