{"id":25096,"date":"2025-10-03T12:49:00","date_gmt":"2025-10-03T15:49:00","guid":{"rendered":"https:\/\/www.ifbaiano.edu.br\/unidades\/santaines\/?p=25096"},"modified":"2025-10-03T12:49:30","modified_gmt":"2025-10-03T15:49:30","slug":"if-baiano-oferta-280-vagas-para-cursos-tecnicos-integrados-no-campus-santa-ines","status":"publish","type":"post","link":"https:\/\/www.ifbaiano.edu.br\/unidades\/santaines\/if-baiano-oferta-280-vagas-para-cursos-tecnicos-integrados-no-campus-santa-ines\/","title":{"rendered":"IF Baiano oferta 280 vagas para cursos t\u00e9cnicos integrados no Campus Santa In\u00eas"},"content":{"rendered":"\n<p>O Campus Santa In\u00eas do Instituto Federal Baiano (IF Baiano) abriu inscri\u00e7\u00f5es para o processo seletivo 2026, oferecendo 280 vagas gratuitas para cursos t\u00e9cnicos integrados ao Ensino M\u00e9dio. A oportunidade \u00e9 destinada a estudantes que conclu\u00edram ou v\u00e3o concluir o 9\u00ba ano do ensino fundamental at\u00e9 a data da matr\u00edcula e desejam estudar em uma institui\u00e7\u00e3o p\u00fablica de excel\u00eancia. Os cursos t\u00eam dura\u00e7\u00e3o de tr\u00eas anos e a sele\u00e7\u00e3o \u00e9 realizada por meio da an\u00e1lise do hist\u00f3rico escolar do ensino fundamental.<\/p>\n\n\n\n<p><strong>Cursos dispon\u00edveis e vagas ofertadas<\/strong><\/p>\n\n\n\n<ul>\n<li><strong>T\u00e9cnico em Agropecu\u00e1ria <\/strong>\u2013 70 vagas<\/li>\n\n\n\n<li><strong>T\u00e9cnico em Alimentos <\/strong>\u2013 70 vagas<\/li>\n\n\n\n<li><strong>T\u00e9cnico em Inform\u00e1tica<\/strong> \u2013 70 vagas<\/li>\n\n\n\n<li><strong>T\u00e9cnico em Zootecnia <\/strong>\u2013 70 vagas<\/li>\n<\/ul>\n\n\n\n<p><strong><br>Per\u00edodo e forma de inscri\u00e7\u00e3o <\/strong><\/p>\n\n\n\n<p>As inscri\u00e7\u00f5es s\u00e3o gratuitas e podem ser realizadas online, de <strong>1\u00ba de setembro a 12 de outubro de 2025<\/strong>, por meio de formul\u00e1rios digitais, ou presencialmente, no Campus Santa In\u00eas, conforme definido no edital.<\/p>\n\n\n\n<p>O(A) candidato(a) deve escolher <strong>apenas um curso<\/strong>, no ato da inscri\u00e7\u00e3o, sem possibilidade de altera\u00e7\u00e3o ap\u00f3s o encerramento do prazo.<\/p>\n\n\n\n<p><strong>Crit\u00e9rios para participar <\/strong><\/p>\n\n\n\n<p>Para cursar o n\u00edvel m\u00e9dio junto com o t\u00e9cnico na institui\u00e7\u00e3o, \u00e9 preciso ter conclu\u00eddo o ensino fundamental at\u00e9 a data da matr\u00edcula. A sele\u00e7\u00e3o para cursos t\u00e9cnicos no IF Baiano \u00e9 gratuita, e os candidatos ser\u00e3o classificados dentro do n\u00famero de vagas a partir da an\u00e1lise do hist\u00f3rico escolar do ensino fundamental.<\/p>\n\n\n\n<p><strong>Sistema de reserva de vagas <\/strong><\/p>\n\n\n\n<p>O IF Baiano adota pol\u00edticas de inclus\u00e3o e reserva de vagas para garantir o acesso dos estudantes da rede p\u00fablica. Nos cursos integrados, 70% das vagas s\u00e3o destinadas a quem cursou integralmente o ensino fundamental em escolas p\u00fablicas, 25% para ampla concorr\u00eancia e 5% para Pessoas com Defici\u00eancia (PcD).<\/p>\n\n\n\n<p><strong>Acompanhe o processo seletivo <br><\/strong><br>Todas as etapas \u2014 editais, resultados e comunicados \u2014 estar\u00e3o dispon\u00edveis <strong><a href=\"https:\/\/ingresso.ifbaiano.edu.br\/concursos\/integrado-santa-ines-2026\/\">nesta p\u00e1gina<\/a><\/strong>. O detalhamento completo sobre inscri\u00e7\u00f5es, documenta\u00e7\u00e3o e cronograma pode ser consultado diretamente no edital. Em caso de d\u00favidas, os candidatos podem entrar em contato pelo e-mail: <a href=\"mailto:prosel@si.ifbaiano.edu.br\"><strong>prosel@si.ifbaiano.edu.br<\/strong><\/a><strong>.&nbsp;<\/strong><\/p>\n\n\n\n<p><strong>Sobre o ingresso no IF Baiano <br><br><\/strong>O Instituto Federal Baiano possui 14 campi, distribu\u00eddos pelo interior da Bahia, nas cidades de Alagoinhas, Catu, Bom Jesus da Lapa, Governador Mangabeira, Guanambi, Itaberaba, Itapetinga, Santa In\u00eas, Senhor do Bonfim, Serrinha, Teixeira de Freitas, Valen\u00e7a, Uru\u00e7uca e Xique-Xique. Cada unidade possui seu pr\u00f3prio processo seletivo para cursos t\u00e9cnicos integrados e subsequentes. <\/p>\n\n\n\n<p>Para conhecer todos os editais e verificar as vagas abertas em outros campi, acesse: <a href=\"https:\/\/ingresso.ifbaiano.edu.br\/\"><strong>https:\/\/ingresso.ifbaiano.edu.br<\/strong><\/a><\/p>\n\n\n\n<hr class=\"wp-block-separator has-alpha-channel-opacity\" \/>\n","protected":false},"excerpt":{"rendered":"<p>Unidade oferta cursos em Agropecu\u00e1ria, Alimentos, Inform\u00e1tica e Zootecnia<\/p>\n","protected":false},"author":86,"featured_media":25097,"comment_status":"closed","ping_status":"closed","sticky":false,"template":"","format":"standard","meta":[],"categories":[4,13,5,8,57],"tags":[],"_links":{"self":[{"href":"https:\/\/www.ifbaiano.edu.br\/unidades\/santaines\/wp-json\/wp\/v2\/posts\/25096"}],"collection":[{"href":"https:\/\/www.ifbaiano.edu.br\/unidades\/santaines\/wp-json\/wp\/v2\/posts"}],"about":[{"href":"https:\/\/www.ifbaiano.edu.br\/unidades\/santaines\/wp-json\/wp\/v2\/types\/post"}],"author":[{"embeddable":true,"href":"https:\/\/www.ifbaiano.edu.br\/unidades\/santaines\/wp-json\/wp\/v2\/users\/86"}],"replies":[{"embeddable":true,"href":"https:\/\/www.ifbaiano.edu.br\/unidades\/santaines\/wp-json\/wp\/v2\/comments?post=25096"}],"version-history":[{"count":2,"href":"https:\/\/www.ifbaiano.edu.br\/unidades\/santaines\/wp-json\/wp\/v2\/posts\/25096\/revisions"}],"predecessor-version":[{"id":25243,"href":"https:\/\/www.ifbaiano.edu.br\/unidades\/santaines\/wp-json\/wp\/v2\/posts\/25096\/revisions\/25243"}],"wp:featuredmedia":[{"embeddable":true,"href":"https:\/\/www.ifbaiano.edu.br\/unidades\/santaines\/wp-json\/wp\/v2\/media\/25097"}],"wp:attachment":[{"href":"https:\/\/www.ifbaiano.edu.br\/unidades\/santaines\/wp-json\/wp\/v2\/media?parent=25096"}],"wp:term":[{"taxonomy":"category","embeddable":true,"href":"https:\/\/www.ifbaiano.edu.br\/unidades\/santaines\/wp-json\/wp\/v2\/categories?post=25096"},{"taxonomy":"post_tag","embeddable":true,"href":"https:\/\/www.ifbaiano.edu.br\/unidades\/santaines\/wp-json\/wp\/v2\/tags?post=25096"}],"curies":[{"name":"wp","href":"https:\/\/api.w.org\/{rel}","templated":true}]}}