{"id":25099,"date":"2025-09-02T10:33:49","date_gmt":"2025-09-02T13:33:49","guid":{"rendered":"https:\/\/www.ifbaiano.edu.br\/unidades\/santaines\/?p=25099"},"modified":"2025-09-02T10:33:50","modified_gmt":"2025-09-02T13:33:50","slug":"estudantes-do-curso-do-curso-de-licenciatura-em-geografia-campus-santa-ines-realizam-atividades-de-campo-no-bioma-mata-atlantica","status":"publish","type":"post","link":"https:\/\/www.ifbaiano.edu.br\/unidades\/santaines\/estudantes-do-curso-do-curso-de-licenciatura-em-geografia-campus-santa-ines-realizam-atividades-de-campo-no-bioma-mata-atlantica\/","title":{"rendered":"Estudantes do Curso do Curso de Licenciatura em Geografia &#8211; Campus Santa In\u00eas &#8211; realizam atividades de campo no Bioma Mata Atl\u00e2ntica"},"content":{"rendered":"\n<p>Estudantes do curso de Licenciatura em Geografia do Instituto Federal de Educa\u00e7\u00e3o, Ci\u00eancia e Tecnologia Baiano campus Santa In\u00eas, realizaram diversas atividades de campo no Bioma Mata Atl\u00e2ntica, nos munic\u00edpios de Uru\u00e7uca, Ilh\u00e9us e Itacar\u00e9. Os referidos estudantes s\u00e3o do terceiro semestre do curso de Licenciatura em Geografia do IF Baiano campus Santa In\u00eas e as atividades ocorreram no per\u00edodo de 14 a 17 de\u00a0agosto\u00a0de\u00a02025.<\/p>\n\n\n\n<p>As atividades de campo fazem parte da disciplina Trabalho de Campo Interdisciplinar II (TCI II), ministrada pelo docente Marco Ant\u00f4nio Reis Rodrigues e foram realizadas no Instituto Floresta Viva, em Uru\u00e7uca, na Aldeia Tucum, em Ilh\u00e9us, na Estrada do Chocolate, em Ilh\u00e9us e no Parque Estadual da Serra do Conduru, que abrange os munic\u00edpios de Ilh\u00e9us, Itacar\u00e9 e Uru\u00e7uca.<\/p>\n\n\n\n<p>O professor Marc\u00e3o, como \u00e9 conhecido, destacou a relev\u00e2ncia das aulas de campo para a pr\u00e1tica docente e para o aprendizado dos estudantes. Segundo o professor, \u201co objetivo da disciplina TCI II \u00e9 oferecer atividades que realmente transformem o pensar dos estudantes, conectando-os diretamente com os conte\u00fados vistos em sala de aula, criando possibilidades de melhor pensar o espa\u00e7o\u201d. De modo geral, \u201cpodemos perceber que os alunos s\u00e3o bastante atra\u00eddos por essas aulas de campo\u201d refor\u00e7ou o ex-coordenador do curso de Licenciatura em Geografia, o professor Bruno Rodrigues da Silveira.<\/p>\n\n\n\n<p>No dia 14 de agosto, as atividades tiveram in\u00edcio no Instituto Floresta Viva. O Instituto Floresta Viva (IFV), \u00e9 uma organiza\u00e7\u00e3o que atua pela preserva\u00e7\u00e3o da Mata Atl\u00e2ntica no Litoral Sul da Bahia e acredita na conviv\u00eancia harmoniosa entre o ser humano e o meio ambiente. Os estudantes foram recebidos pelo pesquisador T\u00e1ssio Moreira Silva, Coordenador de Pesquisa do IFV e Juscelino Oliveira Santos, T\u00e9cnico em Gest\u00e3o Ambiental que conduziram uma breve aula sobre o hist\u00f3rico do IFV, seus objetivos e a forma\u00e7\u00e3o geol\u00f3gica do Litoral Sul da Bahia. Eles tamb\u00e9m apresentaram os principais desafios e projetos liderados pelo instituto, al\u00e9m de mostrar o premiado viveiro de mudas de esp\u00e9cies da Mata Atl\u00e2ntica. Esse viveiro \u00e9 um diferencial que j\u00e1 rendeu diversas premia\u00e7\u00f5es ao Floresta Viva.<\/p>\n\n\n\n<p>Em seguida, os estudantes participaram de uma Trilha Interpretativa de pequeno curso.<\/p>\n\n\n\n<figure class=\"wp-block-image size-full is-resized\"><a href=\"https:\/\/www.ifbaiano.edu.br\/unidades\/santaines\/files\/2025\/09\/8920-Imagem2.webp\"><img decoding=\"async\" loading=\"lazy\" src=\"https:\/\/www.ifbaiano.edu.br\/unidades\/santaines\/files\/2025\/09\/8920-Imagem2.webp\" alt=\"\" class=\"wp-image-25100\" width=\"469\" height=\"253\" srcset=\"https:\/\/www.ifbaiano.edu.br\/unidades\/santaines\/files\/2025\/09\/8920-Imagem2.webp 491w, https:\/\/www.ifbaiano.edu.br\/unidades\/santaines\/files\/2025\/09\/8920-Imagem2-300x162.webp 300w, https:\/\/www.ifbaiano.edu.br\/unidades\/santaines\/files\/2025\/09\/8920-Imagem2-100x54.webp 100w\" sizes=\"(max-width: 469px) 100vw, 469px\" \/><\/a><figcaption class=\"wp-element-caption\">Figura 1(Turma de TCI II e Jucelino)<\/figcaption><\/figure>\n\n\n\n<p>No dia seguinte, 15 de agosto, estudantes e professores participaram de uma palestra no Parque Estadual da Serra do Conduru (PESC). O PESC, com uma \u00e1rea de 9.275 hectares, abrange terras dos munic\u00edpios de Uru\u00e7uca, Ilh\u00e9us e Itacar\u00e9 no Estado da Bahia. Situado em uma regi\u00e3o de Mata Atl\u00e2ntica original, \u00e9 reconhecido como um lugar de superlativos, com elevado grau de endemismo e uma das maiores biodiversidades do mundo. O PESC foi criado pelo Decreto Estadual n\u00ba 6.227 de 21 de fevereiro de 1997, o parque surgiu como compensa\u00e7\u00e3o ambiental pela constru\u00e7\u00e3o do trecho da rodovia BA-001, que liga os munic\u00edpios de Ilh\u00e9us e Itacar\u00e9.<\/p>\n\n\n\n<p>No PESC, a palestra ficou sob responsabilidade de Rodrigo Vidigal, da Concession\u00e1ria Serra Mar, e Marcelo Barreto, do INEMA. Ap\u00f3s a palestra, o grupo realizou uma Trilha Interpretativa Circular no parque, uma oportunidade para se conectar com o ecossistema local, um verdadeiro hotspot de biodiversidade.<\/p>\n\n\n\n<figure class=\"wp-block-image size-full is-resized\"><a href=\"https:\/\/www.ifbaiano.edu.br\/unidades\/santaines\/files\/2025\/09\/9010-Imagem3.webp\"><img decoding=\"async\" loading=\"lazy\" src=\"https:\/\/www.ifbaiano.edu.br\/unidades\/santaines\/files\/2025\/09\/9010-Imagem3.webp\" alt=\"\" class=\"wp-image-25101\" width=\"309\" height=\"374\" srcset=\"https:\/\/www.ifbaiano.edu.br\/unidades\/santaines\/files\/2025\/09\/9010-Imagem3.webp 302w, https:\/\/www.ifbaiano.edu.br\/unidades\/santaines\/files\/2025\/09\/9010-Imagem3-248x300.webp 248w, https:\/\/www.ifbaiano.edu.br\/unidades\/santaines\/files\/2025\/09\/9010-Imagem3-100x121.webp 100w\" sizes=\"(max-width: 309px) 100vw, 309px\" \/><\/a><figcaption class=\"wp-element-caption\">Figura 2 (Turma de TCI II e introdu\u00e7\u00e3o a Mata Atl\u00e2ntica)<\/figcaption><\/figure>\n\n\n\n<p>No dia 16 de agosto, a visita foi \u00e0 Aldeia Tucum, uma comunidade ind\u00edgena da etnia Tupinamb\u00e1 de Oliven\u00e7a, localizada no distrito de Oliven\u00e7a, no litoral sul da Bahia. Na Aldeia Tucum, o grupo foi recebido pela manh\u00e3 pelo vice-cacique Carcar\u00e1, e pela educadora ind\u00edgena Nadja. A tarde foi a vez do cacique Ramon Tupinamb\u00e1 compartilhar os desafios enfrentados pela aldeia e a luta pela demarca\u00e7\u00e3o e prote\u00e7\u00e3o de seu territ\u00f3rio, que se estende por parte dos munic\u00edpios de Ilh\u00e9us, Buerarema e Una.<\/p>\n\n\n\n<figure class=\"wp-block-image size-full\"><a href=\"https:\/\/www.ifbaiano.edu.br\/unidades\/santaines\/files\/2025\/09\/9062-Imagem4.webp\"><img decoding=\"async\" loading=\"lazy\" width=\"342\" height=\"229\" src=\"https:\/\/www.ifbaiano.edu.br\/unidades\/santaines\/files\/2025\/09\/9062-Imagem4.webp\" alt=\"\" class=\"wp-image-25102\" srcset=\"https:\/\/www.ifbaiano.edu.br\/unidades\/santaines\/files\/2025\/09\/9062-Imagem4.webp 342w, https:\/\/www.ifbaiano.edu.br\/unidades\/santaines\/files\/2025\/09\/9062-Imagem4-300x201.webp 300w, https:\/\/www.ifbaiano.edu.br\/unidades\/santaines\/files\/2025\/09\/9062-Imagem4-100x67.webp 100w\" sizes=\"(max-width: 342px) 100vw, 342px\" \/><\/a><figcaption class=\"wp-element-caption\">Figura 3 (Turma de TCI II na Aldeia Tupinamb\u00e1 Tukum)<\/figcaption><\/figure>\n\n\n\n<p>\u00c0 noite o grupo visitou os pontos tur\u00edsticos da cidade de Ilh\u00e9us, como o antigo Porto, o Centro Hist\u00f3rico e a Catedral de S\u00e3o Sebasti\u00e3o, entendendo como se deu o urbanismo naquela \u00e9poca das grandes fazendas de Cacau e como essa din\u00e2mica foi alterada ao longo dos anos.<\/p>\n\n\n\n<figure class=\"wp-block-image size-full\"><a href=\"https:\/\/www.ifbaiano.edu.br\/unidades\/santaines\/files\/2025\/09\/9127-Imagem5.webp\"><img decoding=\"async\" loading=\"lazy\" width=\"373\" height=\"189\" src=\"https:\/\/www.ifbaiano.edu.br\/unidades\/santaines\/files\/2025\/09\/9127-Imagem5.webp\" alt=\"\" class=\"wp-image-25103\" srcset=\"https:\/\/www.ifbaiano.edu.br\/unidades\/santaines\/files\/2025\/09\/9127-Imagem5.webp 373w, https:\/\/www.ifbaiano.edu.br\/unidades\/santaines\/files\/2025\/09\/9127-Imagem5-300x152.webp 300w, https:\/\/www.ifbaiano.edu.br\/unidades\/santaines\/files\/2025\/09\/9127-Imagem5-100x51.webp 100w\" sizes=\"(max-width: 373px) 100vw, 373px\" \/><\/a><figcaption class=\"wp-element-caption\">Figura 4 (Turma de TCI II no Bataclan, memorial de Maria Machad\u00e3o)<\/figcaption><\/figure>\n\n\n\n<figure class=\"wp-block-image size-full\"><a href=\"https:\/\/www.ifbaiano.edu.br\/unidades\/santaines\/files\/2025\/09\/9169-Imagem6.webp\"><img decoding=\"async\" loading=\"lazy\" width=\"265\" height=\"302\" src=\"https:\/\/www.ifbaiano.edu.br\/unidades\/santaines\/files\/2025\/09\/9169-Imagem6.webp\" alt=\"\" class=\"wp-image-25104\" srcset=\"https:\/\/www.ifbaiano.edu.br\/unidades\/santaines\/files\/2025\/09\/9169-Imagem6.webp 265w, https:\/\/www.ifbaiano.edu.br\/unidades\/santaines\/files\/2025\/09\/9169-Imagem6-263x300.webp 263w, https:\/\/www.ifbaiano.edu.br\/unidades\/santaines\/files\/2025\/09\/9169-Imagem6-100x114.webp 100w\" sizes=\"(max-width: 265px) 100vw, 265px\" \/><\/a><figcaption class=\"wp-element-caption\">Figura 5 (Catedral de S\u00e3o Sebasti\u00e3o) Ilh\u00e9us-Ba<\/figcaption><\/figure>\n\n\n\n<figure class=\"wp-block-image size-full\"><a href=\"https:\/\/www.ifbaiano.edu.br\/unidades\/santaines\/files\/2025\/09\/9214-Imagem7.webp\"><img decoding=\"async\" loading=\"lazy\" width=\"265\" height=\"340\" src=\"https:\/\/www.ifbaiano.edu.br\/unidades\/santaines\/files\/2025\/09\/9214-Imagem7.webp\" alt=\"\" class=\"wp-image-25105\" srcset=\"https:\/\/www.ifbaiano.edu.br\/unidades\/santaines\/files\/2025\/09\/9214-Imagem7.webp 265w, https:\/\/www.ifbaiano.edu.br\/unidades\/santaines\/files\/2025\/09\/9214-Imagem7-234x300.webp 234w, https:\/\/www.ifbaiano.edu.br\/unidades\/santaines\/files\/2025\/09\/9214-Imagem7-100x128.webp 100w\" sizes=\"(max-width: 265px) 100vw, 265px\" \/><\/a><figcaption class=\"wp-element-caption\">Figura 6 (Professor Marco Ant\u00f4nio explicando a respeito do centro hist\u00f3rico de Ilh\u00e9us, como aquela regi\u00e3o foi afetada pelos bar\u00f5es do cacau e como a cidade influ\u00eancia toda aquela regi\u00e3o.)<\/figcaption><\/figure>\n\n\n\n<p>No dia 17 de agosto, \u00faltimo dia da viagem, os estudantes transitaram, com momentos de fala, na Estrada do Chocolate, rodovia BA-262, que liga as cidades de Ilh\u00e9us e Uru\u00e7uca, primeiro roteiro tur\u00edstico tem\u00e1tico da Bahia. A Estrada do Chocolate \u00e9 um mergulho na cultura e hist\u00f3ria do cacau, incluindo visitas a fazendas centen\u00e1rias e produ\u00e7\u00e3o do chocolate artesanal.<\/p>\n\n\n\n<figure class=\"wp-block-image size-full\"><a href=\"https:\/\/www.ifbaiano.edu.br\/unidades\/santaines\/files\/2025\/09\/9256-Imagem8.webp\"><img decoding=\"async\" loading=\"lazy\" width=\"475\" height=\"265\" src=\"https:\/\/www.ifbaiano.edu.br\/unidades\/santaines\/files\/2025\/09\/9256-Imagem8.webp\" alt=\"\" class=\"wp-image-25106\" srcset=\"https:\/\/www.ifbaiano.edu.br\/unidades\/santaines\/files\/2025\/09\/9256-Imagem8.webp 475w, https:\/\/www.ifbaiano.edu.br\/unidades\/santaines\/files\/2025\/09\/9256-Imagem8-300x167.webp 300w, https:\/\/www.ifbaiano.edu.br\/unidades\/santaines\/files\/2025\/09\/9256-Imagem8-100x56.webp 100w\" sizes=\"(max-width: 475px) 100vw, 475px\" \/><\/a><figcaption class=\"wp-element-caption\">Figura 7 (Turma de TCI II, na frente do marco da estrada do chocolate, em sua \u00faltima parada antes do retorno para casa.)<\/figcaption><\/figure>\n\n\n\n<hr class=\"wp-block-separator has-alpha-channel-opacity\" \/>\n\n\n\n<p>Com informa\u00e7\u00f5es do Professor Marco Ant\u00f4nio Reis Rodrigues (Marc\u00e3o)<\/p>\n","protected":false},"excerpt":{"rendered":"<p>Estudantes do curso de Licenciatura em Geografia do Instituto Federal de Educa\u00e7\u00e3o, Ci\u00eancia e Tecnologia Baiano campus Santa In\u00eas, realizaram diversas atividades de campo no Bioma Mata Atl\u00e2ntica, nos munic\u00edpios de Uru\u00e7uca, Ilh\u00e9us e Itacar\u00e9. Os referidos estudantes s\u00e3o do terceiro semestre do curso de Licenciatura em Geografia do IF Baiano campus Santa In\u00eas e [&hellip;]<\/p>\n","protected":false},"author":86,"featured_media":25106,"comment_status":"closed","ping_status":"closed","sticky":false,"template":"","format":"standard","meta":[],"categories":[4,20,7,57],"tags":[],"_links":{"self":[{"href":"https:\/\/www.ifbaiano.edu.br\/unidades\/santaines\/wp-json\/wp\/v2\/posts\/25099"}],"collection":[{"href":"https:\/\/www.ifbaiano.edu.br\/unidades\/santaines\/wp-json\/wp\/v2\/posts"}],"about":[{"href":"https:\/\/www.ifbaiano.edu.br\/unidades\/santaines\/wp-json\/wp\/v2\/types\/post"}],"author":[{"embeddable":true,"href":"https:\/\/www.ifbaiano.edu.br\/unidades\/santaines\/wp-json\/wp\/v2\/users\/86"}],"replies":[{"embeddable":true,"href":"https:\/\/www.ifbaiano.edu.br\/unidades\/santaines\/wp-json\/wp\/v2\/comments?post=25099"}],"version-history":[{"count":1,"href":"https:\/\/www.ifbaiano.edu.br\/unidades\/santaines\/wp-json\/wp\/v2\/posts\/25099\/revisions"}],"predecessor-version":[{"id":25107,"href":"https:\/\/www.ifbaiano.edu.br\/unidades\/santaines\/wp-json\/wp\/v2\/posts\/25099\/revisions\/25107"}],"wp:featuredmedia":[{"embeddable":true,"href":"https:\/\/www.ifbaiano.edu.br\/unidades\/santaines\/wp-json\/wp\/v2\/media\/25106"}],"wp:attachment":[{"href":"https:\/\/www.ifbaiano.edu.br\/unidades\/santaines\/wp-json\/wp\/v2\/media?parent=25099"}],"wp:term":[{"taxonomy":"category","embeddable":true,"href":"https:\/\/www.ifbaiano.edu.br\/unidades\/santaines\/wp-json\/wp\/v2\/categories?post=25099"},{"taxonomy":"post_tag","embeddable":true,"href":"https:\/\/www.ifbaiano.edu.br\/unidades\/santaines\/wp-json\/wp\/v2\/tags?post=25099"}],"curies":[{"name":"wp","href":"https:\/\/api.w.org\/{rel}","templated":true}]}}