{"id":25111,"date":"2025-09-04T12:42:03","date_gmt":"2025-09-04T15:42:03","guid":{"rendered":"https:\/\/www.ifbaiano.edu.br\/unidades\/santaines\/?p=25111"},"modified":"2025-09-04T12:42:04","modified_gmt":"2025-09-04T15:42:04","slug":"if-baiano-campus-santa-ines-brilha-na-iii-fetafes-com-ciencia-e-inovacao","status":"publish","type":"post","link":"https:\/\/www.ifbaiano.edu.br\/unidades\/santaines\/if-baiano-campus-santa-ines-brilha-na-iii-fetafes-com-ciencia-e-inovacao\/","title":{"rendered":"IF Baiano \u2013 Campus Santa In\u00eas brilha na III FETAFES com Ci\u00eancia e inova\u00e7\u00e3o"},"content":{"rendered":"\n<p>O Instituto Federal Baiano (IF Baiano) \u2013 Campus Santa In\u00eas marcou presen\u00e7a de destaque na III Feira Territorial da Agricultura Familiar e Economia Solid\u00e1ria (FETAFES) do Vale do Jiquiri\u00e7\u00e1, realizada na Pra\u00e7a M\u00e1rio Cravo, em Cravol\u00e2ndia, no \u00faltimo s\u00e1bado, 30 de setembro. Em uma exposi\u00e7\u00e3o que integrou ensino, pesquisa e extens\u00e3o, a institui\u00e7\u00e3o apresentou ao p\u00fablico as diversas atividades desenvolvidas por seus grupos de estudo e os valiosos recursos oferecidos aos seus estudantes, refor\u00e7ando seu papel no desenvolvimento regional.<\/p>\n\n\n\n<figure class=\"wp-block-gallery has-nested-images columns-default is-cropped wp-block-gallery-1 is-layout-flex\">\n<figure class=\"wp-block-image size-large\"><a href=\"https:\/\/www.ifbaiano.edu.br\/unidades\/santaines\/files\/2025\/09\/8974-capa.webp\"><img decoding=\"async\" loading=\"lazy\" width=\"1024\" height=\"588\" data-id=\"25147\"  src=\"https:\/\/www.ifbaiano.edu.br\/unidades\/santaines\/files\/2025\/09\/8974-capa-1024x588.webp\" alt=\"\" class=\"wp-image-25147\" srcset=\"https:\/\/www.ifbaiano.edu.br\/unidades\/santaines\/files\/2025\/09\/8974-capa-1024x588.webp 1024w, https:\/\/www.ifbaiano.edu.br\/unidades\/santaines\/files\/2025\/09\/8974-capa-300x172.webp 300w, https:\/\/www.ifbaiano.edu.br\/unidades\/santaines\/files\/2025\/09\/8974-capa-768x441.webp 768w, https:\/\/www.ifbaiano.edu.br\/unidades\/santaines\/files\/2025\/09\/8974-capa-100x57.webp 100w, https:\/\/www.ifbaiano.edu.br\/unidades\/santaines\/files\/2025\/09\/8974-capa.webp 1280w\" sizes=\"(max-width: 1024px) 100vw, 1024px\" \/><\/a><\/figure>\n\n\n\n<figure class=\"wp-block-image size-large\"><a href=\"https:\/\/www.ifbaiano.edu.br\/unidades\/santaines\/files\/2025\/09\/8848-f1471fa3-cf5d-43a9-a245-346699404606.webp\"><img decoding=\"async\" loading=\"lazy\" width=\"1024\" height=\"768\" data-id=\"25146\"  src=\"https:\/\/www.ifbaiano.edu.br\/unidades\/santaines\/files\/2025\/09\/8848-f1471fa3-cf5d-43a9-a245-346699404606-1024x768.webp\" alt=\"\" class=\"wp-image-25146\" srcset=\"https:\/\/www.ifbaiano.edu.br\/unidades\/santaines\/files\/2025\/09\/8848-f1471fa3-cf5d-43a9-a245-346699404606-1024x768.webp 1024w, https:\/\/www.ifbaiano.edu.br\/unidades\/santaines\/files\/2025\/09\/8848-f1471fa3-cf5d-43a9-a245-346699404606-300x225.webp 300w, https:\/\/www.ifbaiano.edu.br\/unidades\/santaines\/files\/2025\/09\/8848-f1471fa3-cf5d-43a9-a245-346699404606-768x576.webp 768w, https:\/\/www.ifbaiano.edu.br\/unidades\/santaines\/files\/2025\/09\/8848-f1471fa3-cf5d-43a9-a245-346699404606-100x75.webp 100w, https:\/\/www.ifbaiano.edu.br\/unidades\/santaines\/files\/2025\/09\/8848-f1471fa3-cf5d-43a9-a245-346699404606.webp 1280w\" sizes=\"(max-width: 1024px) 100vw, 1024px\" \/><\/a><\/figure>\n\n\n\n<figure class=\"wp-block-image size-large\"><a href=\"https:\/\/www.ifbaiano.edu.br\/unidades\/santaines\/files\/2025\/09\/8846-f9a19de9-6d81-4a0f-8539-d9740eb549c8.webp\"><img decoding=\"async\" loading=\"lazy\" width=\"1024\" height=\"768\" data-id=\"25145\"  src=\"https:\/\/www.ifbaiano.edu.br\/unidades\/santaines\/files\/2025\/09\/8846-f9a19de9-6d81-4a0f-8539-d9740eb549c8-1024x768.webp\" alt=\"\" class=\"wp-image-25145\" srcset=\"https:\/\/www.ifbaiano.edu.br\/unidades\/santaines\/files\/2025\/09\/8846-f9a19de9-6d81-4a0f-8539-d9740eb549c8-1024x768.webp 1024w, https:\/\/www.ifbaiano.edu.br\/unidades\/santaines\/files\/2025\/09\/8846-f9a19de9-6d81-4a0f-8539-d9740eb549c8-300x225.webp 300w, https:\/\/www.ifbaiano.edu.br\/unidades\/santaines\/files\/2025\/09\/8846-f9a19de9-6d81-4a0f-8539-d9740eb549c8-768x576.webp 768w, https:\/\/www.ifbaiano.edu.br\/unidades\/santaines\/files\/2025\/09\/8846-f9a19de9-6d81-4a0f-8539-d9740eb549c8-100x75.webp 100w, https:\/\/www.ifbaiano.edu.br\/unidades\/santaines\/files\/2025\/09\/8846-f9a19de9-6d81-4a0f-8539-d9740eb549c8.webp 1280w\" sizes=\"(max-width: 1024px) 100vw, 1024px\" \/><\/a><\/figure>\n<\/figure>\n\n\n\n<p>A III FETAFES, que reuniu mais de 100 empreendimentos solid\u00e1rios do Territ\u00f3rio do Vale do Jiquiri\u00e7\u00e1, conforme a <a href=\"https:\/\/www.instagram.com\/p\/DN1W8qe4kOZ\/?utm_source=ig_web_copy_link\">Associa\u00e7\u00e3o Agroecol\u00f3gica Jaqueira<\/a>, ofereceu uma programa\u00e7\u00e3o rica em atra\u00e7\u00f5es culturais e momentos formativos. O evento \u00e9 uma iniciativa coordenada pelo Cesol Vale, Associa\u00e7\u00e3o Agroecol\u00f3gica Jaqueira e Colegiado do Territ\u00f3rio Rural (CODETER), em colabora\u00e7\u00e3o com prefeituras e movimentos sociais da regi\u00e3o. Vale ressaltar que o Campus Santa In\u00eas j\u00e1 havia participado da II FETAFES em Uba\u00edra (ExpoUba\u00edra), no dia 18 de maio.<\/p>\n\n\n\n<p><strong>Projeto Ci\u00eancia Itinerante em destaque<\/strong><\/p>\n\n\n\n<p>O estande do IF Baiano \u2013 Campus Santa In\u00eas foi um ponto de grande interesse, exibindo trabalhos e a\u00e7\u00f5es do Projeto de Extens\u00e3o Ci\u00eancia Itinerante, que visa popularizar o conhecimento cient\u00edfico. Al\u00e9m disso, grupos e n\u00facleo de estudos do Campus, que comp\u00f5em o Ci\u00eancia Itinerante, apresentaram suas pesquisas e experimentos, demonstrando a efervesc\u00eancia acad\u00eamica da institui\u00e7\u00e3o. Entre eles, estiveram:<\/p>\n\n\n\n<ul>\n<li><strong>Grupo de Estudos em Manejo e Qualidade do Solo (GEMS)<\/strong><\/li>\n\n\n\n<li><strong>Grupo de Estudos em Educa\u00e7\u00e3o Ambiental (GEAB)<\/strong><\/li>\n\n\n\n<li><strong>Grupo de Estudos em Qu\u00edmica (GEQUIM)<\/strong><\/li>\n\n\n\n<li><strong>N\u00facleo de Estudos e Produ\u00e7\u00e3o Av\u00edcola (NEPAV)<\/strong><\/li>\n\n\n\n<li><strong>Projeto Ci\u00eancia na Feira<\/strong><\/li>\n<\/ul>\n\n\n\n<figure class=\"wp-block-gallery has-nested-images columns-default is-cropped wp-block-gallery-3 is-layout-flex\">\n<figure class=\"wp-block-image size-large\"><a href=\"https:\/\/www.ifbaiano.edu.br\/unidades\/santaines\/files\/2025\/09\/8843-e0f3d4dc-bfb4-49ba-92f5-70debe09c209.webp\"><img decoding=\"async\" loading=\"lazy\" width=\"1024\" height=\"768\" data-id=\"25142\"  src=\"https:\/\/www.ifbaiano.edu.br\/unidades\/santaines\/files\/2025\/09\/8843-e0f3d4dc-bfb4-49ba-92f5-70debe09c209-1024x768.webp\" alt=\"\" class=\"wp-image-25142\" srcset=\"https:\/\/www.ifbaiano.edu.br\/unidades\/santaines\/files\/2025\/09\/8843-e0f3d4dc-bfb4-49ba-92f5-70debe09c209-1024x768.webp 1024w, https:\/\/www.ifbaiano.edu.br\/unidades\/santaines\/files\/2025\/09\/8843-e0f3d4dc-bfb4-49ba-92f5-70debe09c209-300x225.webp 300w, https:\/\/www.ifbaiano.edu.br\/unidades\/santaines\/files\/2025\/09\/8843-e0f3d4dc-bfb4-49ba-92f5-70debe09c209-768x576.webp 768w, https:\/\/www.ifbaiano.edu.br\/unidades\/santaines\/files\/2025\/09\/8843-e0f3d4dc-bfb4-49ba-92f5-70debe09c209-100x75.webp 100w, https:\/\/www.ifbaiano.edu.br\/unidades\/santaines\/files\/2025\/09\/8843-e0f3d4dc-bfb4-49ba-92f5-70debe09c209.webp 1280w\" sizes=\"(max-width: 1024px) 100vw, 1024px\" \/><\/a><\/figure>\n\n\n\n<figure class=\"wp-block-image size-large\"><a href=\"https:\/\/www.ifbaiano.edu.br\/unidades\/santaines\/files\/2025\/09\/8834-412239a7-2fe7-4077-a13b-cb8cd621c471.webp\"><img decoding=\"async\" loading=\"lazy\" width=\"1024\" height=\"768\" data-id=\"25134\"  src=\"https:\/\/www.ifbaiano.edu.br\/unidades\/santaines\/files\/2025\/09\/8834-412239a7-2fe7-4077-a13b-cb8cd621c471-1024x768.webp\" alt=\"\" class=\"wp-image-25134\" srcset=\"https:\/\/www.ifbaiano.edu.br\/unidades\/santaines\/files\/2025\/09\/8834-412239a7-2fe7-4077-a13b-cb8cd621c471-1024x768.webp 1024w, https:\/\/www.ifbaiano.edu.br\/unidades\/santaines\/files\/2025\/09\/8834-412239a7-2fe7-4077-a13b-cb8cd621c471-300x225.webp 300w, https:\/\/www.ifbaiano.edu.br\/unidades\/santaines\/files\/2025\/09\/8834-412239a7-2fe7-4077-a13b-cb8cd621c471-768x576.webp 768w, https:\/\/www.ifbaiano.edu.br\/unidades\/santaines\/files\/2025\/09\/8834-412239a7-2fe7-4077-a13b-cb8cd621c471-100x75.webp 100w, https:\/\/www.ifbaiano.edu.br\/unidades\/santaines\/files\/2025\/09\/8834-412239a7-2fe7-4077-a13b-cb8cd621c471.webp 1280w\" sizes=\"(max-width: 1024px) 100vw, 1024px\" \/><\/a><\/figure>\n\n\n\n<figure class=\"wp-block-image size-large\"><a href=\"https:\/\/www.ifbaiano.edu.br\/unidades\/santaines\/files\/2025\/09\/8810-2d0f9317-1507-458d-8129-0421f9351cd5.webp\"><img decoding=\"async\" loading=\"lazy\" width=\"1024\" height=\"768\" data-id=\"25114\"  src=\"https:\/\/www.ifbaiano.edu.br\/unidades\/santaines\/files\/2025\/09\/8810-2d0f9317-1507-458d-8129-0421f9351cd5-1024x768.webp\" alt=\"\" class=\"wp-image-25114\" srcset=\"https:\/\/www.ifbaiano.edu.br\/unidades\/santaines\/files\/2025\/09\/8810-2d0f9317-1507-458d-8129-0421f9351cd5-1024x768.webp 1024w, https:\/\/www.ifbaiano.edu.br\/unidades\/santaines\/files\/2025\/09\/8810-2d0f9317-1507-458d-8129-0421f9351cd5-300x225.webp 300w, https:\/\/www.ifbaiano.edu.br\/unidades\/santaines\/files\/2025\/09\/8810-2d0f9317-1507-458d-8129-0421f9351cd5-768x576.webp 768w, https:\/\/www.ifbaiano.edu.br\/unidades\/santaines\/files\/2025\/09\/8810-2d0f9317-1507-458d-8129-0421f9351cd5-100x75.webp 100w, https:\/\/www.ifbaiano.edu.br\/unidades\/santaines\/files\/2025\/09\/8810-2d0f9317-1507-458d-8129-0421f9351cd5.webp 1280w\" sizes=\"(max-width: 1024px) 100vw, 1024px\" \/><\/a><\/figure>\n\n\n\n<figure class=\"wp-block-image size-large\"><a href=\"https:\/\/www.ifbaiano.edu.br\/unidades\/santaines\/files\/2025\/09\/8816-5be70e3a-e556-4b69-b635-ab187eaf8a3e.webp\"><img decoding=\"async\" loading=\"lazy\" width=\"1024\" height=\"768\" data-id=\"25118\"  src=\"https:\/\/www.ifbaiano.edu.br\/unidades\/santaines\/files\/2025\/09\/8816-5be70e3a-e556-4b69-b635-ab187eaf8a3e-1024x768.webp\" alt=\"\" class=\"wp-image-25118\" srcset=\"https:\/\/www.ifbaiano.edu.br\/unidades\/santaines\/files\/2025\/09\/8816-5be70e3a-e556-4b69-b635-ab187eaf8a3e-1024x768.webp 1024w, https:\/\/www.ifbaiano.edu.br\/unidades\/santaines\/files\/2025\/09\/8816-5be70e3a-e556-4b69-b635-ab187eaf8a3e-300x225.webp 300w, https:\/\/www.ifbaiano.edu.br\/unidades\/santaines\/files\/2025\/09\/8816-5be70e3a-e556-4b69-b635-ab187eaf8a3e-768x576.webp 768w, https:\/\/www.ifbaiano.edu.br\/unidades\/santaines\/files\/2025\/09\/8816-5be70e3a-e556-4b69-b635-ab187eaf8a3e-100x75.webp 100w, https:\/\/www.ifbaiano.edu.br\/unidades\/santaines\/files\/2025\/09\/8816-5be70e3a-e556-4b69-b635-ab187eaf8a3e.webp 1280w\" sizes=\"(max-width: 1024px) 100vw, 1024px\" \/><\/a><\/figure>\n\n\n\n<figure class=\"wp-block-image size-large\"><a href=\"https:\/\/www.ifbaiano.edu.br\/unidades\/santaines\/files\/2025\/09\/8824-21ec5710-f959-46de-b0ef-194f612e3f5a.webp\"><img decoding=\"async\" loading=\"lazy\" width=\"1024\" height=\"768\" data-id=\"25126\"  src=\"https:\/\/www.ifbaiano.edu.br\/unidades\/santaines\/files\/2025\/09\/8824-21ec5710-f959-46de-b0ef-194f612e3f5a-1024x768.webp\" alt=\"\" class=\"wp-image-25126\" srcset=\"https:\/\/www.ifbaiano.edu.br\/unidades\/santaines\/files\/2025\/09\/8824-21ec5710-f959-46de-b0ef-194f612e3f5a-1024x768.webp 1024w, https:\/\/www.ifbaiano.edu.br\/unidades\/santaines\/files\/2025\/09\/8824-21ec5710-f959-46de-b0ef-194f612e3f5a-300x225.webp 300w, https:\/\/www.ifbaiano.edu.br\/unidades\/santaines\/files\/2025\/09\/8824-21ec5710-f959-46de-b0ef-194f612e3f5a-768x576.webp 768w, https:\/\/www.ifbaiano.edu.br\/unidades\/santaines\/files\/2025\/09\/8824-21ec5710-f959-46de-b0ef-194f612e3f5a-100x75.webp 100w, https:\/\/www.ifbaiano.edu.br\/unidades\/santaines\/files\/2025\/09\/8824-21ec5710-f959-46de-b0ef-194f612e3f5a.webp 1280w\" sizes=\"(max-width: 1024px) 100vw, 1024px\" \/><\/a><\/figure>\n\n\n\n<figure class=\"wp-block-image size-large\"><a href=\"https:\/\/www.ifbaiano.edu.br\/unidades\/santaines\/files\/2025\/09\/8829-690eae25-757c-418e-b9f8-8cec72101a8a.webp\"><img decoding=\"async\" loading=\"lazy\" width=\"1024\" height=\"768\" data-id=\"25130\"  src=\"https:\/\/www.ifbaiano.edu.br\/unidades\/santaines\/files\/2025\/09\/8829-690eae25-757c-418e-b9f8-8cec72101a8a-1024x768.webp\" alt=\"\" class=\"wp-image-25130\" srcset=\"https:\/\/www.ifbaiano.edu.br\/unidades\/santaines\/files\/2025\/09\/8829-690eae25-757c-418e-b9f8-8cec72101a8a-1024x768.webp 1024w, https:\/\/www.ifbaiano.edu.br\/unidades\/santaines\/files\/2025\/09\/8829-690eae25-757c-418e-b9f8-8cec72101a8a-300x225.webp 300w, https:\/\/www.ifbaiano.edu.br\/unidades\/santaines\/files\/2025\/09\/8829-690eae25-757c-418e-b9f8-8cec72101a8a-768x576.webp 768w, https:\/\/www.ifbaiano.edu.br\/unidades\/santaines\/files\/2025\/09\/8829-690eae25-757c-418e-b9f8-8cec72101a8a-100x75.webp 100w, https:\/\/www.ifbaiano.edu.br\/unidades\/santaines\/files\/2025\/09\/8829-690eae25-757c-418e-b9f8-8cec72101a8a.webp 1280w\" sizes=\"(max-width: 1024px) 100vw, 1024px\" \/><\/a><\/figure>\n<\/figure>\n\n\n\n<p>Estudantes de F\u00edsica, sob a orienta\u00e7\u00e3o do professor da disciplina, tamb\u00e9m expuseram experimentos e projetos desenvolvidos ao longo do semestre, ilustrando a aplica\u00e7\u00e3o pr\u00e1tica de conceitos te\u00f3ricos.<\/p>\n\n\n\n<p>A comitiva do Campus Santa In\u00eas foi robusta, contando com a presen\u00e7a da Diretora-geral, do Diretor Acad\u00eamico, Coordenadores de Grupos e N\u00facleo de Estudos, o Coordenador das Unidades Educativas de Campo (CUEC), e outros servidores, todos empenhados em divulgar o conhecimento cient\u00edfico e apresentar solu\u00e7\u00f5es pr\u00e1ticas para a comunidade.<\/p>\n\n\n\n<p>Para a Diretora-geral do IF Baiano \u2013 Campus Santa In\u00eas, Genilda Lima, a participa\u00e7\u00e3o na III FETAFES representa um momento estrat\u00e9gico para o fortalecimento dos v\u00ednculos entre a institui\u00e7\u00e3o e o territ\u00f3rio. \u201cEstar presente em um evento como a FETAFES \u00e9 mais do que mostrar nossos projetos. \u00c9 reafirmar nosso compromisso com a educa\u00e7\u00e3o p\u00fablica, com a ci\u00eancia a servi\u00e7o da comunidade e com o desenvolvimento sustent\u00e1vel do nosso territ\u00f3rio. O Campus Santa In\u00eas tem como miss\u00e3o, n\u00e3o apenas formar profissionais, mas tamb\u00e9m cidad\u00e3os cr\u00edticos, protagonistas de mudan\u00e7as sociais positivas. A feira \u00e9 uma oportunidade valiosa de di\u00e1logo com a popula\u00e7\u00e3o, de escuta ativa e de est\u00edmulo aos nossos estudantes para que continuem acreditando no poder transformador do conhecimento\u201d. Afirmou Genilda.<\/p>\n\n\n\n<p>De acordo com o Diretor Acad\u00eamico, Andr\u00e9 Leonardo, o IF Baiano \u2013 Campus Santa In\u00eas possui uma intera\u00e7\u00e3o singular com o territ\u00f3rio do Vale do Jiquiri\u00e7\u00e1, desenvolvendo a\u00e7\u00f5es de pesquisa e extens\u00e3o em diversos munic\u00edpios e ofertando, h\u00e1 mais de 29 anos, educa\u00e7\u00e3o p\u00fablica de excel\u00eancia. \u201cMais do que formar profissionais, nossa institui\u00e7\u00e3o contribui de maneira decisiva para a transforma\u00e7\u00e3o social, ampliando oportunidades, promovendo inclus\u00e3o e estimulando o desenvolvimento sustent\u00e1vel da regi\u00e3o.\u201d Destacou Andr\u00e9.<\/p>\n\n\n\n<p>Um ponto alto tamb\u00e9m da participa\u00e7\u00e3o do Campus Santa In\u00eas na feira foi a divulga\u00e7\u00e3o do processo seletivo para ingresso de estudantes nos cursos t\u00e9cnicos integrados. As inscri\u00e7\u00f5es para as 280 vagas ofertadas tiveram in\u00edcio em 1\u00ba de setembro, representando uma excelente oportunidade para jovens que buscam uma forma\u00e7\u00e3o de qualidade e a constru\u00e7\u00e3o de um futuro promissor, conforme detalhado <a href=\"https:\/\/ingresso.ifbaiano.edu.br\/concursos\/integrado-santa-ines-2026\/\">na p\u00e1gina de ingresso<\/a>.<\/p>\n\n\n\n<p><strong>Experi\u00eancia pr\u00e1tica com animais e populariza\u00e7\u00e3o da ci\u00eancia<\/strong><\/p>\n\n\n\n<p>Um dos grandes atrativos da exposi\u00e7\u00e3o foi a \u00e1rea da Coordena\u00e7\u00e3o das Unidades Educativas de Campo (CUEC), que trouxe uma variedade de animais utilizados nas aulas pr\u00e1ticas dos estudantes. Cabras, coelhos, galinhas, su\u00ednos, ovelhas e patos encantaram os visitantes. O professor Cl\u00f3vis Costa, Coordenador das Unidades Educativas de Campo, explicou a iniciativa: \u201cA ideia dessa exposi\u00e7\u00e3o \u00e9 apresentar os diversos setores, as diferentes cria\u00e7\u00f5es animais que o Campus disp\u00f5e e que s\u00e3o utilizados em aulas pr\u00e1ticas, em projetos de pesquisas, projetos de extens\u00e3o voltados aos nossos cursos, cursos que n\u00f3s ofertamos da \u00e1rea t\u00e9cnica.\u201d<\/p>\n\n\n\n<figure class=\"wp-block-gallery has-nested-images columns-default is-cropped wp-block-gallery-5 is-layout-flex\">\n<figure class=\"wp-block-image size-large\"><a href=\"https:\/\/www.ifbaiano.edu.br\/unidades\/santaines\/files\/2025\/09\/0112-4df4b667-43c7-4c23-bcc4-6dafb1cfdba9.webp\"><img decoding=\"async\" loading=\"lazy\" width=\"768\" height=\"1024\" data-id=\"25148\"  src=\"https:\/\/www.ifbaiano.edu.br\/unidades\/santaines\/files\/2025\/09\/0112-4df4b667-43c7-4c23-bcc4-6dafb1cfdba9-768x1024.webp\" alt=\"\" class=\"wp-image-25148\" srcset=\"https:\/\/www.ifbaiano.edu.br\/unidades\/santaines\/files\/2025\/09\/0112-4df4b667-43c7-4c23-bcc4-6dafb1cfdba9-768x1024.webp 768w, https:\/\/www.ifbaiano.edu.br\/unidades\/santaines\/files\/2025\/09\/0112-4df4b667-43c7-4c23-bcc4-6dafb1cfdba9-225x300.webp 225w, https:\/\/www.ifbaiano.edu.br\/unidades\/santaines\/files\/2025\/09\/0112-4df4b667-43c7-4c23-bcc4-6dafb1cfdba9-100x133.webp 100w, https:\/\/www.ifbaiano.edu.br\/unidades\/santaines\/files\/2025\/09\/0112-4df4b667-43c7-4c23-bcc4-6dafb1cfdba9.webp 810w\" sizes=\"(max-width: 768px) 100vw, 768px\" \/><\/a><\/figure>\n\n\n\n<figure class=\"wp-block-image size-large\"><a href=\"https:\/\/www.ifbaiano.edu.br\/unidades\/santaines\/files\/2025\/09\/0114-06e20c25-4d6a-4795-ae70-bdfe1c6d8691.webp\"><img decoding=\"async\" loading=\"lazy\" width=\"768\" height=\"1024\" data-id=\"25149\"  src=\"https:\/\/www.ifbaiano.edu.br\/unidades\/santaines\/files\/2025\/09\/0114-06e20c25-4d6a-4795-ae70-bdfe1c6d8691-768x1024.webp\" alt=\"\" class=\"wp-image-25149\" srcset=\"https:\/\/www.ifbaiano.edu.br\/unidades\/santaines\/files\/2025\/09\/0114-06e20c25-4d6a-4795-ae70-bdfe1c6d8691-768x1024.webp 768w, https:\/\/www.ifbaiano.edu.br\/unidades\/santaines\/files\/2025\/09\/0114-06e20c25-4d6a-4795-ae70-bdfe1c6d8691-225x300.webp 225w, https:\/\/www.ifbaiano.edu.br\/unidades\/santaines\/files\/2025\/09\/0114-06e20c25-4d6a-4795-ae70-bdfe1c6d8691-100x133.webp 100w, https:\/\/www.ifbaiano.edu.br\/unidades\/santaines\/files\/2025\/09\/0114-06e20c25-4d6a-4795-ae70-bdfe1c6d8691.webp 810w\" sizes=\"(max-width: 768px) 100vw, 768px\" \/><\/a><\/figure>\n\n\n\n<figure class=\"wp-block-image size-large\"><a href=\"https:\/\/www.ifbaiano.edu.br\/unidades\/santaines\/files\/2025\/09\/0116-cd5a2617-2432-4f6d-8cf8-dd342c4dafe8.webp\"><img decoding=\"async\" loading=\"lazy\" width=\"576\" height=\"1024\" data-id=\"25151\"  src=\"https:\/\/www.ifbaiano.edu.br\/unidades\/santaines\/files\/2025\/09\/0116-cd5a2617-2432-4f6d-8cf8-dd342c4dafe8-576x1024.webp\" alt=\"\" class=\"wp-image-25151\" srcset=\"https:\/\/www.ifbaiano.edu.br\/unidades\/santaines\/files\/2025\/09\/0116-cd5a2617-2432-4f6d-8cf8-dd342c4dafe8-576x1024.webp 576w, https:\/\/www.ifbaiano.edu.br\/unidades\/santaines\/files\/2025\/09\/0116-cd5a2617-2432-4f6d-8cf8-dd342c4dafe8-169x300.webp 169w, https:\/\/www.ifbaiano.edu.br\/unidades\/santaines\/files\/2025\/09\/0116-cd5a2617-2432-4f6d-8cf8-dd342c4dafe8-100x178.webp 100w, https:\/\/www.ifbaiano.edu.br\/unidades\/santaines\/files\/2025\/09\/0116-cd5a2617-2432-4f6d-8cf8-dd342c4dafe8.webp 607w\" sizes=\"(max-width: 576px) 100vw, 576px\" \/><\/a><\/figure>\n\n\n\n<figure class=\"wp-block-image size-large\"><a href=\"https:\/\/www.ifbaiano.edu.br\/unidades\/santaines\/files\/2025\/09\/0117-d81c2a28-630c-4000-b3ef-a5b5fe69e4ff.webp\"><img decoding=\"async\" loading=\"lazy\" width=\"768\" height=\"1024\" data-id=\"25152\"  src=\"https:\/\/www.ifbaiano.edu.br\/unidades\/santaines\/files\/2025\/09\/0117-d81c2a28-630c-4000-b3ef-a5b5fe69e4ff-768x1024.webp\" alt=\"\" class=\"wp-image-25152\" srcset=\"https:\/\/www.ifbaiano.edu.br\/unidades\/santaines\/files\/2025\/09\/0117-d81c2a28-630c-4000-b3ef-a5b5fe69e4ff-768x1024.webp 768w, https:\/\/www.ifbaiano.edu.br\/unidades\/santaines\/files\/2025\/09\/0117-d81c2a28-630c-4000-b3ef-a5b5fe69e4ff-225x300.webp 225w, https:\/\/www.ifbaiano.edu.br\/unidades\/santaines\/files\/2025\/09\/0117-d81c2a28-630c-4000-b3ef-a5b5fe69e4ff-100x133.webp 100w, https:\/\/www.ifbaiano.edu.br\/unidades\/santaines\/files\/2025\/09\/0117-d81c2a28-630c-4000-b3ef-a5b5fe69e4ff.webp 810w\" sizes=\"(max-width: 768px) 100vw, 768px\" \/><\/a><\/figure>\n\n\n\n<figure class=\"wp-block-image size-large\"><a href=\"https:\/\/www.ifbaiano.edu.br\/unidades\/santaines\/files\/2025\/09\/0119-d320d7c3-694d-4168-9148-8ebb94a8aebb.webp\"><img decoding=\"async\" loading=\"lazy\" width=\"768\" height=\"1024\" data-id=\"25153\"  src=\"https:\/\/www.ifbaiano.edu.br\/unidades\/santaines\/files\/2025\/09\/0119-d320d7c3-694d-4168-9148-8ebb94a8aebb-768x1024.webp\" alt=\"\" class=\"wp-image-25153\" srcset=\"https:\/\/www.ifbaiano.edu.br\/unidades\/santaines\/files\/2025\/09\/0119-d320d7c3-694d-4168-9148-8ebb94a8aebb-768x1024.webp 768w, https:\/\/www.ifbaiano.edu.br\/unidades\/santaines\/files\/2025\/09\/0119-d320d7c3-694d-4168-9148-8ebb94a8aebb-225x300.webp 225w, https:\/\/www.ifbaiano.edu.br\/unidades\/santaines\/files\/2025\/09\/0119-d320d7c3-694d-4168-9148-8ebb94a8aebb-100x133.webp 100w, https:\/\/www.ifbaiano.edu.br\/unidades\/santaines\/files\/2025\/09\/0119-d320d7c3-694d-4168-9148-8ebb94a8aebb.webp 810w\" sizes=\"(max-width: 768px) 100vw, 768px\" \/><\/a><\/figure>\n\n\n\n<figure class=\"wp-block-image size-large\"><a href=\"https:\/\/www.ifbaiano.edu.br\/unidades\/santaines\/files\/2025\/09\/0121-f3300cd8-484a-48a4-af87-2694533b8a28.webp\"><img decoding=\"async\" loading=\"lazy\" width=\"768\" height=\"1024\" data-id=\"25155\"  src=\"https:\/\/www.ifbaiano.edu.br\/unidades\/santaines\/files\/2025\/09\/0121-f3300cd8-484a-48a4-af87-2694533b8a28-768x1024.webp\" alt=\"\" class=\"wp-image-25155\" srcset=\"https:\/\/www.ifbaiano.edu.br\/unidades\/santaines\/files\/2025\/09\/0121-f3300cd8-484a-48a4-af87-2694533b8a28-768x1024.webp 768w, https:\/\/www.ifbaiano.edu.br\/unidades\/santaines\/files\/2025\/09\/0121-f3300cd8-484a-48a4-af87-2694533b8a28-225x300.webp 225w, https:\/\/www.ifbaiano.edu.br\/unidades\/santaines\/files\/2025\/09\/0121-f3300cd8-484a-48a4-af87-2694533b8a28-100x133.webp 100w, https:\/\/www.ifbaiano.edu.br\/unidades\/santaines\/files\/2025\/09\/0121-f3300cd8-484a-48a4-af87-2694533b8a28.webp 810w\" sizes=\"(max-width: 768px) 100vw, 768px\" \/><\/a><\/figure>\n<\/figure>\n\n\n\n<p>A import\u00e2ncia da populariza\u00e7\u00e3o da ci\u00eancia foi destacada por Selma Queiroz, Diretora da Escola Manoel Jos\u00e9 de Souza, de Ilha Formosa, Zona Rural de Cravol\u00e2ndia, que visitou os estandes com duas turmas de estudantes. \u201c\u00c9 muito importante popularizar a ci\u00eancia porque as crian\u00e7as desde cedo j\u00e1 veem na pr\u00e1tica como realmente acontece a ci\u00eancia. E popularizar traz tamb\u00e9m a vontade, o est\u00edmulo \u00e0 quest\u00e3o do estudo e quem sabe? Ser um cientista, procurar uma profiss\u00e3o nessa \u00e1rea\u201d, afirmou Selma.<\/p>\n\n\n\n<p>O impacto do IF Baiano \u2013 Campus Santa In\u00eas na juventude local \u00e9 evidente. Kaique Oliveira, um estudante de 13 anos do 8\u00ba ano da Escola Maria Luzia, que visitou a feira, expressou seu desejo de estudar na institui\u00e7\u00e3o. \u201cEu acho que no IF v\u00e3o surgir novas oportunidades para poder crescer, n\u00e9? Porque o IF l\u00e1 proporciona diversos tipos de cursos e ensinos maravilhosos\u201d, disse o jovem, vislumbrando um futuro promissor.<\/p>\n\n\n\n<p>A participa\u00e7\u00e3o do IF Baiano \u2013 Campus Santa In\u00eas na III FETAFES reafirma seu compromisso com a educa\u00e7\u00e3o de qualidade, a pesquisa inovadora e a extens\u00e3o comunit\u00e1ria, fortalecendo os la\u00e7os com a sociedade e inspirando as futuras gera\u00e7\u00f5es.<\/p>\n\n\n\n<figure class=\"wp-block-gallery has-nested-images columns-default is-cropped wp-block-gallery-7 is-layout-flex\">\n<figure class=\"wp-block-image size-large\"><a href=\"https:\/\/www.ifbaiano.edu.br\/unidades\/santaines\/files\/2025\/09\/8831-3754f1cc-0b24-47b2-ac5d-8d0282bb0837.webp\"><img decoding=\"async\" loading=\"lazy\" width=\"1024\" height=\"768\" data-id=\"25132\"  src=\"https:\/\/www.ifbaiano.edu.br\/unidades\/santaines\/files\/2025\/09\/8831-3754f1cc-0b24-47b2-ac5d-8d0282bb0837-1024x768.webp\" alt=\"\" class=\"wp-image-25132\" srcset=\"https:\/\/www.ifbaiano.edu.br\/unidades\/santaines\/files\/2025\/09\/8831-3754f1cc-0b24-47b2-ac5d-8d0282bb0837-1024x768.webp 1024w, https:\/\/www.ifbaiano.edu.br\/unidades\/santaines\/files\/2025\/09\/8831-3754f1cc-0b24-47b2-ac5d-8d0282bb0837-300x225.webp 300w, https:\/\/www.ifbaiano.edu.br\/unidades\/santaines\/files\/2025\/09\/8831-3754f1cc-0b24-47b2-ac5d-8d0282bb0837-768x576.webp 768w, https:\/\/www.ifbaiano.edu.br\/unidades\/santaines\/files\/2025\/09\/8831-3754f1cc-0b24-47b2-ac5d-8d0282bb0837-100x75.webp 100w, https:\/\/www.ifbaiano.edu.br\/unidades\/santaines\/files\/2025\/09\/8831-3754f1cc-0b24-47b2-ac5d-8d0282bb0837.webp 1280w\" sizes=\"(max-width: 1024px) 100vw, 1024px\" \/><\/a><\/figure>\n\n\n\n<figure class=\"wp-block-image size-large\"><a href=\"https:\/\/www.ifbaiano.edu.br\/unidades\/santaines\/files\/2025\/09\/8840-c7971932-c740-40ee-a11b-e549c81bc93c.webp\"><img decoding=\"async\" loading=\"lazy\" width=\"1024\" height=\"768\" data-id=\"25139\"  src=\"https:\/\/www.ifbaiano.edu.br\/unidades\/santaines\/files\/2025\/09\/8840-c7971932-c740-40ee-a11b-e549c81bc93c-1024x768.webp\" alt=\"\" class=\"wp-image-25139\" srcset=\"https:\/\/www.ifbaiano.edu.br\/unidades\/santaines\/files\/2025\/09\/8840-c7971932-c740-40ee-a11b-e549c81bc93c-1024x768.webp 1024w, https:\/\/www.ifbaiano.edu.br\/unidades\/santaines\/files\/2025\/09\/8840-c7971932-c740-40ee-a11b-e549c81bc93c-300x225.webp 300w, https:\/\/www.ifbaiano.edu.br\/unidades\/santaines\/files\/2025\/09\/8840-c7971932-c740-40ee-a11b-e549c81bc93c-768x576.webp 768w, https:\/\/www.ifbaiano.edu.br\/unidades\/santaines\/files\/2025\/09\/8840-c7971932-c740-40ee-a11b-e549c81bc93c-100x75.webp 100w, https:\/\/www.ifbaiano.edu.br\/unidades\/santaines\/files\/2025\/09\/8840-c7971932-c740-40ee-a11b-e549c81bc93c.webp 1280w\" sizes=\"(max-width: 1024px) 100vw, 1024px\" \/><\/a><\/figure>\n\n\n\n<figure class=\"wp-block-image size-large\"><a href=\"https:\/\/www.ifbaiano.edu.br\/unidades\/santaines\/files\/2025\/09\/8830-956f6322-97a4-4a96-a1c1-be86da425dba.webp\"><img decoding=\"async\" loading=\"lazy\" width=\"1024\" height=\"768\" data-id=\"25131\"  src=\"https:\/\/www.ifbaiano.edu.br\/unidades\/santaines\/files\/2025\/09\/8830-956f6322-97a4-4a96-a1c1-be86da425dba-1024x768.webp\" alt=\"\" class=\"wp-image-25131\" srcset=\"https:\/\/www.ifbaiano.edu.br\/unidades\/santaines\/files\/2025\/09\/8830-956f6322-97a4-4a96-a1c1-be86da425dba-1024x768.webp 1024w, https:\/\/www.ifbaiano.edu.br\/unidades\/santaines\/files\/2025\/09\/8830-956f6322-97a4-4a96-a1c1-be86da425dba-300x225.webp 300w, https:\/\/www.ifbaiano.edu.br\/unidades\/santaines\/files\/2025\/09\/8830-956f6322-97a4-4a96-a1c1-be86da425dba-768x576.webp 768w, https:\/\/www.ifbaiano.edu.br\/unidades\/santaines\/files\/2025\/09\/8830-956f6322-97a4-4a96-a1c1-be86da425dba-100x75.webp 100w, https:\/\/www.ifbaiano.edu.br\/unidades\/santaines\/files\/2025\/09\/8830-956f6322-97a4-4a96-a1c1-be86da425dba.webp 1280w\" sizes=\"(max-width: 1024px) 100vw, 1024px\" \/><\/a><\/figure>\n\n\n\n<figure class=\"wp-block-image size-large\"><a href=\"https:\/\/www.ifbaiano.edu.br\/unidades\/santaines\/files\/2025\/09\/8833-83165d77-4998-4130-bc5a-8eae9472cf1b.webp\"><img decoding=\"async\" loading=\"lazy\" width=\"1024\" height=\"768\" data-id=\"25133\"  src=\"https:\/\/www.ifbaiano.edu.br\/unidades\/santaines\/files\/2025\/09\/8833-83165d77-4998-4130-bc5a-8eae9472cf1b-1024x768.webp\" alt=\"\" class=\"wp-image-25133\" srcset=\"https:\/\/www.ifbaiano.edu.br\/unidades\/santaines\/files\/2025\/09\/8833-83165d77-4998-4130-bc5a-8eae9472cf1b-1024x768.webp 1024w, https:\/\/www.ifbaiano.edu.br\/unidades\/santaines\/files\/2025\/09\/8833-83165d77-4998-4130-bc5a-8eae9472cf1b-300x225.webp 300w, https:\/\/www.ifbaiano.edu.br\/unidades\/santaines\/files\/2025\/09\/8833-83165d77-4998-4130-bc5a-8eae9472cf1b-768x576.webp 768w, https:\/\/www.ifbaiano.edu.br\/unidades\/santaines\/files\/2025\/09\/8833-83165d77-4998-4130-bc5a-8eae9472cf1b-100x75.webp 100w, https:\/\/www.ifbaiano.edu.br\/unidades\/santaines\/files\/2025\/09\/8833-83165d77-4998-4130-bc5a-8eae9472cf1b.webp 1280w\" sizes=\"(max-width: 1024px) 100vw, 1024px\" \/><\/a><\/figure>\n\n\n\n<figure class=\"wp-block-image size-large\"><a href=\"https:\/\/www.ifbaiano.edu.br\/unidades\/santaines\/files\/2025\/09\/8826-27f9c4f3-d00d-4006-88cd-afc4fa68e966.webp\"><img decoding=\"async\" loading=\"lazy\" width=\"1024\" height=\"768\" data-id=\"25127\"  src=\"https:\/\/www.ifbaiano.edu.br\/unidades\/santaines\/files\/2025\/09\/8826-27f9c4f3-d00d-4006-88cd-afc4fa68e966-1024x768.webp\" alt=\"\" class=\"wp-image-25127\" srcset=\"https:\/\/www.ifbaiano.edu.br\/unidades\/santaines\/files\/2025\/09\/8826-27f9c4f3-d00d-4006-88cd-afc4fa68e966-1024x768.webp 1024w, https:\/\/www.ifbaiano.edu.br\/unidades\/santaines\/files\/2025\/09\/8826-27f9c4f3-d00d-4006-88cd-afc4fa68e966-300x225.webp 300w, https:\/\/www.ifbaiano.edu.br\/unidades\/santaines\/files\/2025\/09\/8826-27f9c4f3-d00d-4006-88cd-afc4fa68e966-768x576.webp 768w, https:\/\/www.ifbaiano.edu.br\/unidades\/santaines\/files\/2025\/09\/8826-27f9c4f3-d00d-4006-88cd-afc4fa68e966-100x75.webp 100w, https:\/\/www.ifbaiano.edu.br\/unidades\/santaines\/files\/2025\/09\/8826-27f9c4f3-d00d-4006-88cd-afc4fa68e966.webp 1280w\" sizes=\"(max-width: 1024px) 100vw, 1024px\" \/><\/a><\/figure>\n\n\n\n<figure class=\"wp-block-image size-large\"><a href=\"https:\/\/www.ifbaiano.edu.br\/unidades\/santaines\/files\/2025\/09\/8827-85c58edc-e57f-44a5-b463-5bb0a3fc875e.webp\"><img decoding=\"async\" loading=\"lazy\" width=\"747\" height=\"915\" data-id=\"25128\"  src=\"https:\/\/www.ifbaiano.edu.br\/unidades\/santaines\/files\/2025\/09\/8827-85c58edc-e57f-44a5-b463-5bb0a3fc875e.webp\" alt=\"\" class=\"wp-image-25128\" srcset=\"https:\/\/www.ifbaiano.edu.br\/unidades\/santaines\/files\/2025\/09\/8827-85c58edc-e57f-44a5-b463-5bb0a3fc875e.webp 747w, https:\/\/www.ifbaiano.edu.br\/unidades\/santaines\/files\/2025\/09\/8827-85c58edc-e57f-44a5-b463-5bb0a3fc875e-245x300.webp 245w, https:\/\/www.ifbaiano.edu.br\/unidades\/santaines\/files\/2025\/09\/8827-85c58edc-e57f-44a5-b463-5bb0a3fc875e-100x122.webp 100w\" sizes=\"(max-width: 747px) 100vw, 747px\" \/><\/a><\/figure>\n\n\n\n<figure class=\"wp-block-image size-large\"><a href=\"https:\/\/www.ifbaiano.edu.br\/unidades\/santaines\/files\/2025\/09\/8842-dce1ab2f-7ad7-43ab-a223-69eb258f9683.webp\"><img decoding=\"async\" loading=\"lazy\" width=\"1024\" height=\"478\" data-id=\"25141\"  src=\"https:\/\/www.ifbaiano.edu.br\/unidades\/santaines\/files\/2025\/09\/8842-dce1ab2f-7ad7-43ab-a223-69eb258f9683-1024x478.webp\" alt=\"\" class=\"wp-image-25141\" srcset=\"https:\/\/www.ifbaiano.edu.br\/unidades\/santaines\/files\/2025\/09\/8842-dce1ab2f-7ad7-43ab-a223-69eb258f9683-1024x478.webp 1024w, https:\/\/www.ifbaiano.edu.br\/unidades\/santaines\/files\/2025\/09\/8842-dce1ab2f-7ad7-43ab-a223-69eb258f9683-300x140.webp 300w, https:\/\/www.ifbaiano.edu.br\/unidades\/santaines\/files\/2025\/09\/8842-dce1ab2f-7ad7-43ab-a223-69eb258f9683-768x359.webp 768w, https:\/\/www.ifbaiano.edu.br\/unidades\/santaines\/files\/2025\/09\/8842-dce1ab2f-7ad7-43ab-a223-69eb258f9683-1536x717.webp 1536w, https:\/\/www.ifbaiano.edu.br\/unidades\/santaines\/files\/2025\/09\/8842-dce1ab2f-7ad7-43ab-a223-69eb258f9683-100x47.webp 100w, https:\/\/www.ifbaiano.edu.br\/unidades\/santaines\/files\/2025\/09\/8842-dce1ab2f-7ad7-43ab-a223-69eb258f9683.webp 1600w\" sizes=\"(max-width: 1024px) 100vw, 1024px\" \/><\/a><\/figure>\n\n\n\n<figure class=\"wp-block-image size-large\"><a href=\"https:\/\/www.ifbaiano.edu.br\/unidades\/santaines\/files\/2025\/09\/8813-3dd0aa8b-8fec-475b-9486-f429b2c5587e.webp\"><img decoding=\"async\" loading=\"lazy\" width=\"1024\" height=\"478\" data-id=\"25116\"  src=\"https:\/\/www.ifbaiano.edu.br\/unidades\/santaines\/files\/2025\/09\/8813-3dd0aa8b-8fec-475b-9486-f429b2c5587e-1024x478.webp\" alt=\"\" class=\"wp-image-25116\" srcset=\"https:\/\/www.ifbaiano.edu.br\/unidades\/santaines\/files\/2025\/09\/8813-3dd0aa8b-8fec-475b-9486-f429b2c5587e-1024x478.webp 1024w, https:\/\/www.ifbaiano.edu.br\/unidades\/santaines\/files\/2025\/09\/8813-3dd0aa8b-8fec-475b-9486-f429b2c5587e-300x140.webp 300w, https:\/\/www.ifbaiano.edu.br\/unidades\/santaines\/files\/2025\/09\/8813-3dd0aa8b-8fec-475b-9486-f429b2c5587e-768x359.webp 768w, https:\/\/www.ifbaiano.edu.br\/unidades\/santaines\/files\/2025\/09\/8813-3dd0aa8b-8fec-475b-9486-f429b2c5587e-1536x717.webp 1536w, https:\/\/www.ifbaiano.edu.br\/unidades\/santaines\/files\/2025\/09\/8813-3dd0aa8b-8fec-475b-9486-f429b2c5587e-100x47.webp 100w, https:\/\/www.ifbaiano.edu.br\/unidades\/santaines\/files\/2025\/09\/8813-3dd0aa8b-8fec-475b-9486-f429b2c5587e.webp 1600w\" sizes=\"(max-width: 1024px) 100vw, 1024px\" \/><\/a><\/figure>\n\n\n\n<figure class=\"wp-block-image size-large\"><a href=\"https:\/\/www.ifbaiano.edu.br\/unidades\/santaines\/files\/2025\/09\/8810-0f1241a4-8a11-4cf2-86da-9856632add81.webp\"><img decoding=\"async\" loading=\"lazy\" width=\"747\" height=\"769\" data-id=\"25113\"  src=\"https:\/\/www.ifbaiano.edu.br\/unidades\/santaines\/files\/2025\/09\/8810-0f1241a4-8a11-4cf2-86da-9856632add81.webp\" alt=\"\" class=\"wp-image-25113\" srcset=\"https:\/\/www.ifbaiano.edu.br\/unidades\/santaines\/files\/2025\/09\/8810-0f1241a4-8a11-4cf2-86da-9856632add81.webp 747w, https:\/\/www.ifbaiano.edu.br\/unidades\/santaines\/files\/2025\/09\/8810-0f1241a4-8a11-4cf2-86da-9856632add81-291x300.webp 291w, https:\/\/www.ifbaiano.edu.br\/unidades\/santaines\/files\/2025\/09\/8810-0f1241a4-8a11-4cf2-86da-9856632add81-100x103.webp 100w\" sizes=\"(max-width: 747px) 100vw, 747px\" \/><\/a><\/figure>\n<\/figure>\n\n\n\n<hr class=\"wp-block-separator has-alpha-channel-opacity\" \/>\n","protected":false},"excerpt":{"rendered":"<p>O Instituto Federal Baiano (IF Baiano) \u2013 Campus Santa In\u00eas marcou presen\u00e7a de destaque na III Feira Territorial da Agricultura Familiar e Economia Solid\u00e1ria (FETAFES) do Vale do Jiquiri\u00e7\u00e1, realizada na Pra\u00e7a M\u00e1rio Cravo, em Cravol\u00e2ndia, no \u00faltimo s\u00e1bado, 30 de setembro. Em uma exposi\u00e7\u00e3o que integrou ensino, pesquisa e extens\u00e3o, a institui\u00e7\u00e3o apresentou ao [&hellip;]<\/p>\n","protected":false},"author":86,"featured_media":25147,"comment_status":"closed","ping_status":"closed","sticky":false,"template":"","format":"standard","meta":[],"categories":[4,5,23],"tags":[],"_links":{"self":[{"href":"https:\/\/www.ifbaiano.edu.br\/unidades\/santaines\/wp-json\/wp\/v2\/posts\/25111"}],"collection":[{"href":"https:\/\/www.ifbaiano.edu.br\/unidades\/santaines\/wp-json\/wp\/v2\/posts"}],"about":[{"href":"https:\/\/www.ifbaiano.edu.br\/unidades\/santaines\/wp-json\/wp\/v2\/types\/post"}],"author":[{"embeddable":true,"href":"https:\/\/www.ifbaiano.edu.br\/unidades\/santaines\/wp-json\/wp\/v2\/users\/86"}],"replies":[{"embeddable":true,"href":"https:\/\/www.ifbaiano.edu.br\/unidades\/santaines\/wp-json\/wp\/v2\/comments?post=25111"}],"version-history":[{"count":1,"href":"https:\/\/www.ifbaiano.edu.br\/unidades\/santaines\/wp-json\/wp\/v2\/posts\/25111\/revisions"}],"predecessor-version":[{"id":25158,"href":"https:\/\/www.ifbaiano.edu.br\/unidades\/santaines\/wp-json\/wp\/v2\/posts\/25111\/revisions\/25158"}],"wp:featuredmedia":[{"embeddable":true,"href":"https:\/\/www.ifbaiano.edu.br\/unidades\/santaines\/wp-json\/wp\/v2\/media\/25147"}],"wp:attachment":[{"href":"https:\/\/www.ifbaiano.edu.br\/unidades\/santaines\/wp-json\/wp\/v2\/media?parent=25111"}],"wp:term":[{"taxonomy":"category","embeddable":true,"href":"https:\/\/www.ifbaiano.edu.br\/unidades\/santaines\/wp-json\/wp\/v2\/categories?post=25111"},{"taxonomy":"post_tag","embeddable":true,"href":"https:\/\/www.ifbaiano.edu.br\/unidades\/santaines\/wp-json\/wp\/v2\/tags?post=25111"}],"curies":[{"name":"wp","href":"https:\/\/api.w.org\/{rel}","templated":true}]}}